{"id":7829,"date":"2025-02-03T15:13:50","date_gmt":"2025-02-03T14:13:50","guid":{"rendered":"https:\/\/agora.xtec.cat\/ceip-dolorsalmeda-cornella\/?p=7829"},"modified":"2025-02-03T15:13:50","modified_gmt":"2025-02-03T14:13:50","slug":"museu-de-les-matematiques-3r","status":"publish","type":"post","link":"https:\/\/agora.xtec.cat\/ceip-dolorsalmeda-cornella\/portada\/museu-de-les-matematiques-3r\/","title":{"rendered":"Museu de les matem\u00e0tiques 3r"},"content":{"rendered":"<p><span style=\"font-weight: 400;\">L\u2019alumnat de 3r va visitar el museu de les matem\u00e0tiques per descobrir els polimin\u00f3s. <\/span><span style=\"font-weight: 400;\">Un <\/span><span style=\"font-weight: 400;\">polimin\u00f3s \u00e9s un objecte geom\u00e8tric obtingut en unir diversos quadrats o <\/span><i><span style=\"font-weight: 400;\">cel\u00b7les<\/span><\/i><span style=\"font-weight: 400;\"> de la mateixa mida de manera que cada parell de cel\u00b7les ve\u00efnes comparteixin un costat.\u00a0<\/span><\/p>\n<p><span style=\"font-weight: 400;\">En el taller, van comen\u00e7ar construint de manera progressiva figures formades per 2, 3, 4 i fins a 5 quadrats comparant les unes amb les altres i observant la relaci\u00f3 entre elles. Aix\u00ed com el seu per\u00edmetre, superf\u00edcie i caracter\u00edstiques.\u00a0<\/span><\/p>\n<p><span style=\"font-weight: 400;\">Tamb\u00e9 van fer diferents trencaclosques sobre diferents figures determinades amb poli\u00f2minos buscant la pe\u00e7a m\u00e9s adequada per aconseguir el\u00a0repte. Per desenvolupar aquesta activitat havien de fixar-se en la simetria i els girs de cada pe\u00e7a.\u00a0<\/span><\/p>\n<p><span style=\"font-weight: 400;\">Una sessi\u00f3 de matem\u00e0tiques manipulatives molt enriquidora que van gaudir sense cap dubte!<\/span><\/p>\n<p><a href=\"https:\/\/agora.xtec.cat\/ceip-dolorsalmeda-cornella\/wp-content\/uploads\/usu30\/2025\/02\/6df907d7-d6ad-47f5-8888-e43dbf0b88e4.jpg\"><img loading=\"lazy\" decoding=\"async\" class=\"alignnone wp-image-7831\" src=\"https:\/\/agora.xtec.cat\/ceip-dolorsalmeda-cornella\/wp-content\/uploads\/usu30\/2025\/02\/6df907d7-d6ad-47f5-8888-e43dbf0b88e4-1024x461.jpg\" alt=\"\" width=\"764\" height=\"344\" srcset=\"https:\/\/agora.xtec.cat\/ceip-dolorsalmeda-cornella\/wp-content\/uploads\/usu30\/2025\/02\/6df907d7-d6ad-47f5-8888-e43dbf0b88e4-1024x461.jpg 1024w, https:\/\/agora.xtec.cat\/ceip-dolorsalmeda-cornella\/wp-content\/uploads\/usu30\/2025\/02\/6df907d7-d6ad-47f5-8888-e43dbf0b88e4-300x135.jpg 300w, https:\/\/agora.xtec.cat\/ceip-dolorsalmeda-cornella\/wp-content\/uploads\/usu30\/2025\/02\/6df907d7-d6ad-47f5-8888-e43dbf0b88e4-768x346.jpg 768w, https:\/\/agora.xtec.cat\/ceip-dolorsalmeda-cornella\/wp-content\/uploads\/usu30\/2025\/02\/6df907d7-d6ad-47f5-8888-e43dbf0b88e4-1536x691.jpg 1536w, https:\/\/agora.xtec.cat\/ceip-dolorsalmeda-cornella\/wp-content\/uploads\/usu30\/2025\/02\/6df907d7-d6ad-47f5-8888-e43dbf0b88e4.jpg 1600w\" sizes=\"auto, (max-width: 764px) 100vw, 764px\" \/><\/a><\/p>\n<p><a href=\"https:\/\/agora.xtec.cat\/ceip-dolorsalmeda-cornella\/wp-content\/uploads\/usu30\/2025\/02\/12fa5549-d290-4c40-8989-cf3d88c2d5c8.jpg\"><img loading=\"lazy\" decoding=\"async\" class=\"alignnone wp-image-7830\" src=\"https:\/\/agora.xtec.cat\/ceip-dolorsalmeda-cornella\/wp-content\/uploads\/usu30\/2025\/02\/12fa5549-d290-4c40-8989-cf3d88c2d5c8-1024x461.jpg\" alt=\"\" width=\"762\" height=\"343\" srcset=\"https:\/\/agora.xtec.cat\/ceip-dolorsalmeda-cornella\/wp-content\/uploads\/usu30\/2025\/02\/12fa5549-d290-4c40-8989-cf3d88c2d5c8-1024x461.jpg 1024w, https:\/\/agora.xtec.cat\/ceip-dolorsalmeda-cornella\/wp-content\/uploads\/usu30\/2025\/02\/12fa5549-d290-4c40-8989-cf3d88c2d5c8-300x135.jpg 300w, https:\/\/agora.xtec.cat\/ceip-dolorsalmeda-cornella\/wp-content\/uploads\/usu30\/2025\/02\/12fa5549-d290-4c40-8989-cf3d88c2d5c8-768x346.jpg 768w, https:\/\/agora.xtec.cat\/ceip-dolorsalmeda-cornella\/wp-content\/uploads\/usu30\/2025\/02\/12fa5549-d290-4c40-8989-cf3d88c2d5c8-1536x691.jpg 1536w, https:\/\/agora.xtec.cat\/ceip-dolorsalmeda-cornella\/wp-content\/uploads\/usu30\/2025\/02\/12fa5549-d290-4c40-8989-cf3d88c2d5c8.jpg 1600w\" sizes=\"auto, (max-width: 762px) 100vw, 762px\" \/><\/a><\/p>\n<p><span style=\"font-weight: 400;\"><a href=\"https:\/\/agora.xtec.cat\/ceip-dolorsalmeda-cornella\/wp-content\/uploads\/usu30\/2025\/02\/MM-retalllada-3r.png\"><img loading=\"lazy\" decoding=\"async\" class=\"wp-image-7835 alignnone\" src=\"https:\/\/agora.xtec.cat\/ceip-dolorsalmeda-cornella\/wp-content\/uploads\/usu30\/2025\/02\/MM-retalllada-3r-556x1024.png\" alt=\"\" width=\"440\" height=\"810\" srcset=\"https:\/\/agora.xtec.cat\/ceip-dolorsalmeda-cornella\/wp-content\/uploads\/usu30\/2025\/02\/MM-retalllada-3r-556x1024.png 556w, https:\/\/agora.xtec.cat\/ceip-dolorsalmeda-cornella\/wp-content\/uploads\/usu30\/2025\/02\/MM-retalllada-3r-163x300.png 163w, https:\/\/agora.xtec.cat\/ceip-dolorsalmeda-cornella\/wp-content\/uploads\/usu30\/2025\/02\/MM-retalllada-3r.png 720w\" sizes=\"auto, (max-width: 440px) 100vw, 440px\" \/><\/a><\/span><\/p>\n<p>&nbsp;<\/p>\n","protected":false},"excerpt":{"rendered":"<p>L\u2019alumnat de 3r va visitar el museu de les matem\u00e0tiques per descobrir els polimin\u00f3s. Un polimin\u00f3s \u00e9s un objecte geom\u00e8tric obtingut en unir diversos quadrats o cel\u00b7les de la mateixa mida de manera que cada parell de cel\u00b7les ve\u00efnes comparteixin un costat.\u00a0<br \/>\nEn el taller, van&hellip;  <a href=\"https:\/\/agora.xtec.cat\/ceip-dolorsalmeda-cornella\/portada\/museu-de-les-matematiques-3r\/\" title=\"Read Museu de les matem\u00e0tiques 3r\">Llegeix m\u00e9s\u00bb<\/a><\/p>\n","protected":false},"author":28,"featured_media":7830,"comment_status":"open","ping_status":"closed","sticky":false,"template":"","format":"standard","meta":{"_bbp_topic_count":0,"_bbp_reply_count":0,"_bbp_total_topic_count":0,"_bbp_total_reply_count":0,"_bbp_voice_count":0,"_bbp_anonymous_reply_count":0,"_bbp_topic_count_hidden":0,"_bbp_reply_count_hidden":0,"_bbp_forum_subforum_count":0,"footnotes":""},"categories":[12,4],"tags":[417,101,113],"class_list":["post-7829","post","type-post","status-publish","format-standard","has-post-thumbnail","hentry","category-3r","category-portada","tag-3r","tag-matematiques","tag-sortida"],"post_mailing_queue_ids":[],"_links":{"self":[{"href":"https:\/\/agora.xtec.cat\/ceip-dolorsalmeda-cornella\/wp-json\/wp\/v2\/posts\/7829","targetHints":{"allow":["GET"]}}],"collection":[{"href":"https:\/\/agora.xtec.cat\/ceip-dolorsalmeda-cornella\/wp-json\/wp\/v2\/posts"}],"about":[{"href":"https:\/\/agora.xtec.cat\/ceip-dolorsalmeda-cornella\/wp-json\/wp\/v2\/types\/post"}],"author":[{"embeddable":true,"href":"https:\/\/agora.xtec.cat\/ceip-dolorsalmeda-cornella\/wp-json\/wp\/v2\/users\/28"}],"replies":[{"embeddable":true,"href":"https:\/\/agora.xtec.cat\/ceip-dolorsalmeda-cornella\/wp-json\/wp\/v2\/comments?post=7829"}],"version-history":[{"count":6,"href":"https:\/\/agora.xtec.cat\/ceip-dolorsalmeda-cornella\/wp-json\/wp\/v2\/posts\/7829\/revisions"}],"predecessor-version":[{"id":7859,"href":"https:\/\/agora.xtec.cat\/ceip-dolorsalmeda-cornella\/wp-json\/wp\/v2\/posts\/7829\/revisions\/7859"}],"wp:featuredmedia":[{"embeddable":true,"href":"https:\/\/agora.xtec.cat\/ceip-dolorsalmeda-cornella\/wp-json\/wp\/v2\/media\/7830"}],"wp:attachment":[{"href":"https:\/\/agora.xtec.cat\/ceip-dolorsalmeda-cornella\/wp-json\/wp\/v2\/media?parent=7829"}],"wp:term":[{"taxonomy":"category","embeddable":true,"href":"https:\/\/agora.xtec.cat\/ceip-dolorsalmeda-cornella\/wp-json\/wp\/v2\/categories?post=7829"},{"taxonomy":"post_tag","embeddable":true,"href":"https:\/\/agora.xtec.cat\/ceip-dolorsalmeda-cornella\/wp-json\/wp\/v2\/tags?post=7829"}],"curies":[{"name":"wp","href":"https:\/\/api.w.org\/{rel}","templated":true}]}}