{"id":765,"date":"2017-12-19T21:53:32","date_gmt":"2017-12-19T20:53:32","guid":{"rendered":"http:\/\/agora.xtec.cat\/ceip-dolorsalmeda-cornella\/?p=765"},"modified":"2017-12-19T23:20:37","modified_gmt":"2017-12-19T22:20:37","slug":"corneliada-2017","status":"publish","type":"post","link":"https:\/\/agora.xtec.cat\/ceip-dolorsalmeda-cornella\/general\/corneliada-2017\/","title":{"rendered":"Corneliada 2017"},"content":{"rendered":"<p>Aquest any el cicle superior ha participat en la 4a Corneliada. \u00c9s un\u00a0projecte organitzat de manera conjunta pel Departament Ciutat de la Lectura de l\u2019Ajuntament de Cornell\u00e0, el Centre de Recursos Pedag\u00f2gics del Servei Educatiu Baix Llobregat 5, i la Xarxa de Biblioteques de Cornell\u00e0. El nostre alumnat ha gaudit durant uns dies de diferents sessions de lectura en veu alta per despr\u00e9s participar en la trobada a diferents biblioteques del municipi.<\/p>\n<p>Una representaci\u00f3 de l&#8217;escola ha anat a la biblioteca Marta Mata i \u00a0ho han fet genial! Enhorabona!<\/p>\n<p>Us passem els links:<\/p>\n<p><a href=\"https:\/\/youtu.be\/6vCNzKdEndM\" target=\"_blank\" rel=\"noopener noreferrer\">5\u00e8 A<\/a> \u00a0\u00a0<a href=\"https:\/\/youtu.be\/KM4aKwIapR8\" target=\"_blank\" rel=\"noopener noreferrer\">5\u00e8 B<\/a> \u00a0\u00a0<a href=\"https:\/\/youtu.be\/QzQI2h5ntSc\" target=\"_blank\" rel=\"noopener noreferrer\">6\u00e8 A<\/a> \u00a0\u00a0<a href=\"https:\/\/youtu.be\/oNZvzEgPJkg\" target=\"_blank\" rel=\"noopener noreferrer\">6\u00e8B<\/a><\/p>\n<p><a href=\"http:\/\/agora.xtec.cat\/ceip-dolorsalmeda-cornella\/wp-content\/uploads\/usu30\/2017\/12\/20171201_115000.jpg\"><img loading=\"lazy\" decoding=\"async\" class=\"alignnone  wp-image-766\" src=\"http:\/\/agora.xtec.cat\/ceip-dolorsalmeda-cornella\/wp-content\/uploads\/usu30\/2017\/12\/20171201_115000-1024x576.jpg\" alt=\"\" width=\"759\" height=\"427\" srcset=\"https:\/\/agora.xtec.cat\/ceip-dolorsalmeda-cornella\/wp-content\/uploads\/usu30\/2017\/12\/20171201_115000-1024x576.jpg 1024w, https:\/\/agora.xtec.cat\/ceip-dolorsalmeda-cornella\/wp-content\/uploads\/usu30\/2017\/12\/20171201_115000-300x169.jpg 300w, https:\/\/agora.xtec.cat\/ceip-dolorsalmeda-cornella\/wp-content\/uploads\/usu30\/2017\/12\/20171201_115000-768x432.jpg 768w\" sizes=\"auto, (max-width: 759px) 100vw, 759px\" \/><\/a><\/p>\n","protected":false},"excerpt":{"rendered":"<p>Aquest any el cicle superior ha participat en la 4a Corneliada. \u00c9s un\u00a0projecte organitzat de manera conjunta pel Departament Ciutat de la Lectura de l\u2019Ajuntament de Cornell\u00e0, el Centre de Recursos Pedag\u00f2gics del Servei Educatiu Baix Llobregat 5, i la Xarxa de Biblioteques de Cornell\u00e0.&hellip;  <a href=\"https:\/\/agora.xtec.cat\/ceip-dolorsalmeda-cornella\/general\/corneliada-2017\/\" title=\"Read Corneliada 2017\">Llegeix m\u00e9s\u00bb<\/a><\/p>\n","protected":false},"author":3,"featured_media":766,"comment_status":"open","ping_status":"closed","sticky":false,"template":"","format":"standard","meta":{"_bbp_topic_count":0,"_bbp_reply_count":0,"_bbp_total_topic_count":0,"_bbp_total_reply_count":0,"_bbp_voice_count":0,"_bbp_anonymous_reply_count":0,"_bbp_topic_count_hidden":0,"_bbp_reply_count_hidden":0,"_bbp_forum_subforum_count":0,"footnotes":""},"categories":[14,1,4],"tags":[66,82],"class_list":["post-765","post","type-post","status-publish","format-standard","has-post-thumbnail","hentry","category-5e","category-general","category-portada","tag-5e","tag-lectura"],"post_mailing_queue_ids":[],"_links":{"self":[{"href":"https:\/\/agora.xtec.cat\/ceip-dolorsalmeda-cornella\/wp-json\/wp\/v2\/posts\/765","targetHints":{"allow":["GET"]}}],"collection":[{"href":"https:\/\/agora.xtec.cat\/ceip-dolorsalmeda-cornella\/wp-json\/wp\/v2\/posts"}],"about":[{"href":"https:\/\/agora.xtec.cat\/ceip-dolorsalmeda-cornella\/wp-json\/wp\/v2\/types\/post"}],"author":[{"embeddable":true,"href":"https:\/\/agora.xtec.cat\/ceip-dolorsalmeda-cornella\/wp-json\/wp\/v2\/users\/3"}],"replies":[{"embeddable":true,"href":"https:\/\/agora.xtec.cat\/ceip-dolorsalmeda-cornella\/wp-json\/wp\/v2\/comments?post=765"}],"version-history":[{"count":3,"href":"https:\/\/agora.xtec.cat\/ceip-dolorsalmeda-cornella\/wp-json\/wp\/v2\/posts\/765\/revisions"}],"predecessor-version":[{"id":793,"href":"https:\/\/agora.xtec.cat\/ceip-dolorsalmeda-cornella\/wp-json\/wp\/v2\/posts\/765\/revisions\/793"}],"wp:featuredmedia":[{"embeddable":true,"href":"https:\/\/agora.xtec.cat\/ceip-dolorsalmeda-cornella\/wp-json\/wp\/v2\/media\/766"}],"wp:attachment":[{"href":"https:\/\/agora.xtec.cat\/ceip-dolorsalmeda-cornella\/wp-json\/wp\/v2\/media?parent=765"}],"wp:term":[{"taxonomy":"category","embeddable":true,"href":"https:\/\/agora.xtec.cat\/ceip-dolorsalmeda-cornella\/wp-json\/wp\/v2\/categories?post=765"},{"taxonomy":"post_tag","embeddable":true,"href":"https:\/\/agora.xtec.cat\/ceip-dolorsalmeda-cornella\/wp-json\/wp\/v2\/tags?post=765"}],"curies":[{"name":"wp","href":"https:\/\/api.w.org\/{rel}","templated":true}]}}