{"id":7561,"date":"2024-06-03T08:27:08","date_gmt":"2024-06-03T06:27:08","guid":{"rendered":"https:\/\/agora.xtec.cat\/ceip-dolorsalmeda-cornella\/?p=7561"},"modified":"2024-06-04T10:39:24","modified_gmt":"2024-06-04T08:39:24","slug":"infants-i-avis-i-avies-als-horts-de-can-mercader","status":"publish","type":"post","link":"https:\/\/agora.xtec.cat\/ceip-dolorsalmeda-cornella\/general\/infants-i-avis-i-avies-als-horts-de-can-mercader\/","title":{"rendered":"Horts de Can Mercader"},"content":{"rendered":"<p>Els infants de 2n han tingut una companyia molt especial per fer la sortida als Horts de Can Mercader &#8220;<em>els seus avis i \u00e0vies&#8221;<\/em>. Els avis\/es han entrat a les aules acompanyant als nets\/es per anar-nos tots junts als horts de Can Mercader.<\/p>\n<p>Quan hem arribat als horts de Can Mercader ens estaven esperant uns monitors on ens han explicat moltes coses de les plantes, que ens han servit per recordar qu\u00e8 mengem: les arrels \ud83e\udd54\ud83e\udd55,\u00a0les tijes\u00a0 \ud83e\udd6c,\u00a0les fulles <a href=\"https:\/\/agora.xtec.cat\/ceip-dolorsalmeda-cornella\/wp-content\/uploads\/usu30\/2024\/06\/lechuga.png\"><img loading=\"lazy\" decoding=\"async\" class=\"alignnone wp-image-7562\" src=\"https:\/\/agora.xtec.cat\/ceip-dolorsalmeda-cornella\/wp-content\/uploads\/usu30\/2024\/06\/lechuga-298x300.png\" alt=\"\" width=\"16\" height=\"16\" srcset=\"https:\/\/agora.xtec.cat\/ceip-dolorsalmeda-cornella\/wp-content\/uploads\/usu30\/2024\/06\/lechuga-298x300.png 298w, https:\/\/agora.xtec.cat\/ceip-dolorsalmeda-cornella\/wp-content\/uploads\/usu30\/2024\/06\/lechuga-150x150.png 150w, https:\/\/agora.xtec.cat\/ceip-dolorsalmeda-cornella\/wp-content\/uploads\/usu30\/2024\/06\/lechuga.png 600w\" sizes=\"auto, (max-width: 16px) 100vw, 16px\" \/>,<\/a> els fru\u00efts \ud83c\udf53\ud83c\udf4f i algunes flors<a href=\"https:\/\/agora.xtec.cat\/ceip-dolorsalmeda-cornella\/wp-content\/uploads\/usu30\/2024\/06\/carxofa.png\"><img loading=\"lazy\" decoding=\"async\" class=\"alignnone wp-image-7563\" src=\"https:\/\/agora.xtec.cat\/ceip-dolorsalmeda-cornella\/wp-content\/uploads\/usu30\/2024\/06\/carxofa-300x300.png\" alt=\"\" width=\"22\" height=\"22\" srcset=\"https:\/\/agora.xtec.cat\/ceip-dolorsalmeda-cornella\/wp-content\/uploads\/usu30\/2024\/06\/carxofa-300x300.png 300w, https:\/\/agora.xtec.cat\/ceip-dolorsalmeda-cornella\/wp-content\/uploads\/usu30\/2024\/06\/carxofa-150x150.png 150w, https:\/\/agora.xtec.cat\/ceip-dolorsalmeda-cornella\/wp-content\/uploads\/usu30\/2024\/06\/carxofa.png 512w\" sizes=\"auto, (max-width: 22px) 100vw, 22px\" \/><\/a>. Les \u00e0vies i avis tamb\u00e9 han aportat la seva experi\u00e8ncia aix\u00ed com els pagesos que estaven treballant que tamb\u00e9 ens han mostrat moltes verdures i hortalisses, fins i tot ens han regalat alguna coseta.<\/p>\n<p>Despr\u00e9s d&#8217;aquesta activitat tant entranyable ens hem anat al parc a jugar i gaudir dels nostres avis i \u00e0vies.<\/p>\n<p>Moltes gr\u00e0cies per compartir aquest moment amb nosaltres Avis i \u00c0vies \ud83d\udc74\ud83d\udc75!!!<\/p>\n\n\t\t<style type=\"text\/css\">\n\t\t\t#gallery-1 {\n\t\t\t\tmargin: auto;\n\t\t\t}\n\t\t\t#gallery-1 .gallery-item {\n\t\t\t\tfloat: left;\n\t\t\t\tmargin-top: 10px;\n\t\t\t\ttext-align: center;\n\t\t\t\twidth: 25%;\n\t\t\t}\n\t\t\t#gallery-1 img {\n\t\t\t\tborder: 2px solid #cfcfcf;\n\t\t\t}\n\t\t\t#gallery-1 .gallery-caption {\n\t\t\t\tmargin-left: 0;\n\t\t\t}\n\t\t\t\/* see gallery_shortcode() in wp-includes\/media.php *\/\n\t\t<\/style>\n\t\t<div id='gallery-1' class='gallery galleryid-7561 gallery-columns-4 gallery-size-thumbnail'><dl class='gallery-item'>\n\t\t\t<dt class='gallery-icon portrait'>\n\t\t\t\t<a href='https:\/\/agora.xtec.cat\/ceip-dolorsalmeda-cornella\/general\/infants-i-avis-i-avies-als-horts-de-can-mercader\/attachment\/img_20240522_103109\/'><img loading=\"lazy\" decoding=\"async\" width=\"150\" height=\"150\" src=\"https:\/\/agora.xtec.cat\/ceip-dolorsalmeda-cornella\/wp-content\/uploads\/usu30\/2024\/06\/IMG_20240522_103109-150x150.jpg\" class=\"attachment-thumbnail size-thumbnail\" alt=\"\" \/><\/a>\n\t\t\t<\/dt><\/dl><dl class='gallery-item'>\n\t\t\t<dt class='gallery-icon landscape'>\n\t\t\t\t<a href='https:\/\/agora.xtec.cat\/ceip-dolorsalmeda-cornella\/general\/infants-i-avis-i-avies-als-horts-de-can-mercader\/attachment\/img_20240522_101549\/'><img loading=\"lazy\" decoding=\"async\" width=\"150\" height=\"150\" src=\"https:\/\/agora.xtec.cat\/ceip-dolorsalmeda-cornella\/wp-content\/uploads\/usu30\/2024\/06\/IMG_20240522_101549-150x150.jpg\" class=\"attachment-thumbnail size-thumbnail\" alt=\"\" \/><\/a>\n\t\t\t<\/dt><\/dl><dl class='gallery-item'>\n\t\t\t<dt class='gallery-icon portrait'>\n\t\t\t\t<a href='https:\/\/agora.xtec.cat\/ceip-dolorsalmeda-cornella\/general\/infants-i-avis-i-avies-als-horts-de-can-mercader\/attachment\/img_0018\/'><img loading=\"lazy\" decoding=\"async\" width=\"150\" height=\"150\" src=\"https:\/\/agora.xtec.cat\/ceip-dolorsalmeda-cornella\/wp-content\/uploads\/usu30\/2024\/06\/IMG_0018-150x150.jpg\" class=\"attachment-thumbnail size-thumbnail\" alt=\"\" \/><\/a>\n\t\t\t<\/dt><\/dl><dl class='gallery-item'>\n\t\t\t<dt class='gallery-icon portrait'>\n\t\t\t\t<a href='https:\/\/agora.xtec.cat\/ceip-dolorsalmeda-cornella\/general\/infants-i-avis-i-avies-als-horts-de-can-mercader\/attachment\/img_0015\/'><img loading=\"lazy\" decoding=\"async\" width=\"150\" height=\"150\" src=\"https:\/\/agora.xtec.cat\/ceip-dolorsalmeda-cornella\/wp-content\/uploads\/usu30\/2024\/06\/IMG_0015-150x150.jpg\" class=\"attachment-thumbnail size-thumbnail\" alt=\"\" \/><\/a>\n\t\t\t<\/dt><\/dl><br style=\"clear: both\" \/>\n\t\t<\/div>\n\n<p>&nbsp;<\/p>\n","protected":false},"excerpt":{"rendered":"<p>Els infants de 2n han tingut una companyia molt especial per fer la sortida als Horts de Can Mercader &#8220;els seus avis i \u00e0vies&#8221;. Els avis\/es han entrat a les aules acompanyant als nets\/es per anar-nos tots junts als horts de Can Mercader.<br \/>\nQuan hem arribat&hellip;  <a href=\"https:\/\/agora.xtec.cat\/ceip-dolorsalmeda-cornella\/general\/infants-i-avis-i-avies-als-horts-de-can-mercader\/\" title=\"Read Horts de Can Mercader\">Llegeix m\u00e9s\u00bb<\/a><\/p>\n","protected":false},"author":1,"featured_media":7565,"comment_status":"closed","ping_status":"closed","sticky":false,"template":"","format":"standard","meta":{"_bbp_topic_count":0,"_bbp_reply_count":0,"_bbp_total_topic_count":0,"_bbp_total_reply_count":0,"_bbp_voice_count":0,"_bbp_anonymous_reply_count":0,"_bbp_topic_count_hidden":0,"_bbp_reply_count_hidden":0,"_bbp_forum_subforum_count":0,"footnotes":""},"categories":[11,1,4,5],"tags":[321,314,72],"class_list":["post-7561","post","type-post","status-publish","format-standard","has-post-thumbnail","hentry","category-2n","category-general","category-portada","category-primaria","tag-2n","tag-cicle-incial","tag-hort"],"post_mailing_queue_ids":[],"_links":{"self":[{"href":"https:\/\/agora.xtec.cat\/ceip-dolorsalmeda-cornella\/wp-json\/wp\/v2\/posts\/7561","targetHints":{"allow":["GET"]}}],"collection":[{"href":"https:\/\/agora.xtec.cat\/ceip-dolorsalmeda-cornella\/wp-json\/wp\/v2\/posts"}],"about":[{"href":"https:\/\/agora.xtec.cat\/ceip-dolorsalmeda-cornella\/wp-json\/wp\/v2\/types\/post"}],"author":[{"embeddable":true,"href":"https:\/\/agora.xtec.cat\/ceip-dolorsalmeda-cornella\/wp-json\/wp\/v2\/users\/1"}],"replies":[{"embeddable":true,"href":"https:\/\/agora.xtec.cat\/ceip-dolorsalmeda-cornella\/wp-json\/wp\/v2\/comments?post=7561"}],"version-history":[{"count":2,"href":"https:\/\/agora.xtec.cat\/ceip-dolorsalmeda-cornella\/wp-json\/wp\/v2\/posts\/7561\/revisions"}],"predecessor-version":[{"id":7570,"href":"https:\/\/agora.xtec.cat\/ceip-dolorsalmeda-cornella\/wp-json\/wp\/v2\/posts\/7561\/revisions\/7570"}],"wp:featuredmedia":[{"embeddable":true,"href":"https:\/\/agora.xtec.cat\/ceip-dolorsalmeda-cornella\/wp-json\/wp\/v2\/media\/7565"}],"wp:attachment":[{"href":"https:\/\/agora.xtec.cat\/ceip-dolorsalmeda-cornella\/wp-json\/wp\/v2\/media?parent=7561"}],"wp:term":[{"taxonomy":"category","embeddable":true,"href":"https:\/\/agora.xtec.cat\/ceip-dolorsalmeda-cornella\/wp-json\/wp\/v2\/categories?post=7561"},{"taxonomy":"post_tag","embeddable":true,"href":"https:\/\/agora.xtec.cat\/ceip-dolorsalmeda-cornella\/wp-json\/wp\/v2\/tags?post=7561"}],"curies":[{"name":"wp","href":"https:\/\/api.w.org\/{rel}","templated":true}]}}