{"id":756,"date":"2017-12-18T15:49:49","date_gmt":"2017-12-18T14:49:49","guid":{"rendered":"http:\/\/agora.xtec.cat\/ceip-dolorsalmeda-cornella\/?p=756"},"modified":"2017-12-18T15:49:49","modified_gmt":"2017-12-18T14:49:49","slug":"fira-de-nadal","status":"publish","type":"post","link":"https:\/\/agora.xtec.cat\/ceip-dolorsalmeda-cornella\/general\/fira-de-nadal\/","title":{"rendered":"Fira de Nadal"},"content":{"rendered":"<p style=\"text-align: justify;\">Castells inflables, tallers de tota mena, esports a dojo, jocs simb\u00f2lics, atraccions de fira, i fins i tot un taller de circ multidisciplinari per apropar als m\u00e9s petits a aquest m\u00f3n de m\u00e0gia i il\u00b7lusi\u00f3. Durant tot un mat\u00ed, els alumnes de 1r a 6\u00e8 de l&#8217;escola han pogut gaudir de diferents tallers com maquillatge, terrisseria, manualitats, aix\u00ed com tamb\u00e9 participar en diferents circuits i activitats organitzats per la Gu\u00e0rdia Urbana i els mossos d&#8217;esquadra.\u00a0Els esports tamb\u00e9 ocupen un espai i els infants han pogut practicar tennis taula, mini futbol, mini tennis, b\u00e0squet, i mini hoquei entre d&#8217;altres.\u00a0 Com cada any, la zona dedicada als castells inflables ha estat un \u00e8xit, de igual forma que les atraccions t\u00edpiques de fira i tamb\u00e9 l&#8217;espai de Ludoteca. Se&#8217;ns ha passat el mat\u00ed volant!<\/p>\n<p style=\"text-align: justify;\"><a href=\"https:\/\/photos.app.goo.gl\/xFa0uRx3tPPcLYah2\" target=\"_blank\" rel=\"noopener noreferrer\">FIRA DE NADAL 2017<\/a><\/p>\n<p>&nbsp;<\/p>\n","protected":false},"excerpt":{"rendered":"<p>Castells inflables, tallers de tota mena, esports a dojo, jocs simb\u00f2lics, atraccions de fira, i fins i tot un taller de circ multidisciplinari per apropar als m\u00e9s petits a aquest m\u00f3n de m\u00e0gia i il\u00b7lusi\u00f3. Durant tot un mat\u00ed, els alumnes de 1r a 6\u00e8&hellip;  <a href=\"https:\/\/agora.xtec.cat\/ceip-dolorsalmeda-cornella\/general\/fira-de-nadal\/\" title=\"Read Fira de Nadal\">Llegeix m\u00e9s\u00bb<\/a><\/p>\n","protected":false},"author":1,"featured_media":757,"comment_status":"open","ping_status":"closed","sticky":false,"template":"","format":"standard","meta":{"_bbp_topic_count":0,"_bbp_reply_count":0,"_bbp_total_topic_count":0,"_bbp_total_reply_count":0,"_bbp_voice_count":0,"_bbp_anonymous_reply_count":0,"_bbp_topic_count_hidden":0,"_bbp_reply_count_hidden":0,"_bbp_forum_subforum_count":0,"footnotes":""},"categories":[10,11,12,13,14,15,1,4,5],"tags":[79,74,16],"class_list":["post-756","post","type-post","status-publish","format-standard","has-post-thumbnail","hentry","category-1r","category-2n","category-3r","category-4t","category-5e","category-6e","category-general","category-portada","category-primaria","tag-fira-de-nadal","tag-nadal","tag-sortides"],"post_mailing_queue_ids":[],"_links":{"self":[{"href":"https:\/\/agora.xtec.cat\/ceip-dolorsalmeda-cornella\/wp-json\/wp\/v2\/posts\/756","targetHints":{"allow":["GET"]}}],"collection":[{"href":"https:\/\/agora.xtec.cat\/ceip-dolorsalmeda-cornella\/wp-json\/wp\/v2\/posts"}],"about":[{"href":"https:\/\/agora.xtec.cat\/ceip-dolorsalmeda-cornella\/wp-json\/wp\/v2\/types\/post"}],"author":[{"embeddable":true,"href":"https:\/\/agora.xtec.cat\/ceip-dolorsalmeda-cornella\/wp-json\/wp\/v2\/users\/1"}],"replies":[{"embeddable":true,"href":"https:\/\/agora.xtec.cat\/ceip-dolorsalmeda-cornella\/wp-json\/wp\/v2\/comments?post=756"}],"version-history":[{"count":1,"href":"https:\/\/agora.xtec.cat\/ceip-dolorsalmeda-cornella\/wp-json\/wp\/v2\/posts\/756\/revisions"}],"predecessor-version":[{"id":758,"href":"https:\/\/agora.xtec.cat\/ceip-dolorsalmeda-cornella\/wp-json\/wp\/v2\/posts\/756\/revisions\/758"}],"wp:featuredmedia":[{"embeddable":true,"href":"https:\/\/agora.xtec.cat\/ceip-dolorsalmeda-cornella\/wp-json\/wp\/v2\/media\/757"}],"wp:attachment":[{"href":"https:\/\/agora.xtec.cat\/ceip-dolorsalmeda-cornella\/wp-json\/wp\/v2\/media?parent=756"}],"wp:term":[{"taxonomy":"category","embeddable":true,"href":"https:\/\/agora.xtec.cat\/ceip-dolorsalmeda-cornella\/wp-json\/wp\/v2\/categories?post=756"},{"taxonomy":"post_tag","embeddable":true,"href":"https:\/\/agora.xtec.cat\/ceip-dolorsalmeda-cornella\/wp-json\/wp\/v2\/tags?post=756"}],"curies":[{"name":"wp","href":"https:\/\/api.w.org\/{rel}","templated":true}]}}