{"id":7546,"date":"2024-05-23T20:09:46","date_gmt":"2024-05-23T18:09:46","guid":{"rendered":"https:\/\/agora.xtec.cat\/ceip-dolorsalmeda-cornella\/?p=7546"},"modified":"2024-05-23T20:09:46","modified_gmt":"2024-05-23T18:09:46","slug":"gracies","status":"publish","type":"post","link":"https:\/\/agora.xtec.cat\/ceip-dolorsalmeda-cornella\/general\/gracies\/","title":{"rendered":"Gr\u00e0cies!"},"content":{"rendered":"<p>L\u2019alumnat de quart han marxat de col\u00f2nies a l\u2019Escala durant tres dies i aquesta estada inclou activitats d\u2019aigua diverses. Necessit\u00e0vem una cadira amf\u00edbia perqu\u00e8 una de les nostres alumnes pogu\u00e9s dur a terme les mateixes activitats que els seus companys\/es i ha estat tot un repte.<\/p>\n<p>Finalment, malgrat tots els obstacles, ho vam aconseguir! Per aquest motiu volem fer un agra\u00efment a la fisioterapeuta que ens ajuda a l\u2019escola, el Departament d\u2019Esports de l\u2019 @aj.cornella i a l\u2019associaci\u00f3 TOTS SOM DE COR @somdecor_ de Cornell\u00e0 per totes les gestions que han fet possible aquesta experi\u00e8ncia.<\/p>\n<p>Tots som de Cor @somdecor_, vetlla per la integraci\u00f3 d\u2019infants i joves amb diversitat funcional de Cornell\u00e0, i t\u00e9 un projecte de ciutat que estan intentant posar en marxa per crear un espai d\u2019activitats i propostes. Un \u201cRespir\u201d per a tots els infants i joves amb diversitat funcional aix\u00ed com un lloc de confian\u00e7a que doni acompanyament, assessorament i resposta a les necessitats de participants i fam\u00edlies. L\u2019associaci\u00f3 ha assumit \u00edntegrament el cost d\u2019aquest servei i volem agrair la seva ajuda i implicaci\u00f3 en tot el proc\u00e9s.<\/p>\n<p><a href=\"https:\/\/agora.xtec.cat\/ceip-dolorsalmeda-cornella\/wp-content\/uploads\/usu30\/2024\/05\/WhatsApp-Image-2024-05-23-at-20.03.55.jpeg\"><img loading=\"lazy\" decoding=\"async\" class=\"aligncenter  wp-image-7547\" src=\"https:\/\/agora.xtec.cat\/ceip-dolorsalmeda-cornella\/wp-content\/uploads\/usu30\/2024\/05\/WhatsApp-Image-2024-05-23-at-20.03.55-819x1024.jpeg\" alt=\"\" width=\"354\" height=\"443\" \/><\/a><\/p>\n<p>&nbsp;<\/p>\n","protected":false},"excerpt":{"rendered":"<p>L\u2019alumnat de quart han marxat de col\u00f2nies a l\u2019Escala durant tres dies i aquesta estada inclou activitats d\u2019aigua diverses. Necessit\u00e0vem una cadira amf\u00edbia perqu\u00e8 una de les nostres alumnes pogu\u00e9s dur a terme les mateixes activitats que els seus companys\/es i ha estat tot un&hellip;  <a href=\"https:\/\/agora.xtec.cat\/ceip-dolorsalmeda-cornella\/general\/gracies\/\" title=\"Read Gr\u00e0cies!\">Llegeix m\u00e9s\u00bb<\/a><\/p>\n","protected":false},"author":1,"featured_media":7547,"comment_status":"open","ping_status":"closed","sticky":false,"template":"","format":"standard","meta":{"_bbp_topic_count":0,"_bbp_reply_count":0,"_bbp_total_topic_count":0,"_bbp_total_reply_count":0,"_bbp_voice_count":0,"_bbp_anonymous_reply_count":0,"_bbp_topic_count_hidden":0,"_bbp_reply_count_hidden":0,"_bbp_forum_subforum_count":0,"footnotes":""},"categories":[1],"tags":[],"class_list":["post-7546","post","type-post","status-publish","format-standard","has-post-thumbnail","hentry","category-general"],"post_mailing_queue_ids":[],"_links":{"self":[{"href":"https:\/\/agora.xtec.cat\/ceip-dolorsalmeda-cornella\/wp-json\/wp\/v2\/posts\/7546","targetHints":{"allow":["GET"]}}],"collection":[{"href":"https:\/\/agora.xtec.cat\/ceip-dolorsalmeda-cornella\/wp-json\/wp\/v2\/posts"}],"about":[{"href":"https:\/\/agora.xtec.cat\/ceip-dolorsalmeda-cornella\/wp-json\/wp\/v2\/types\/post"}],"author":[{"embeddable":true,"href":"https:\/\/agora.xtec.cat\/ceip-dolorsalmeda-cornella\/wp-json\/wp\/v2\/users\/1"}],"replies":[{"embeddable":true,"href":"https:\/\/agora.xtec.cat\/ceip-dolorsalmeda-cornella\/wp-json\/wp\/v2\/comments?post=7546"}],"version-history":[{"count":1,"href":"https:\/\/agora.xtec.cat\/ceip-dolorsalmeda-cornella\/wp-json\/wp\/v2\/posts\/7546\/revisions"}],"predecessor-version":[{"id":7548,"href":"https:\/\/agora.xtec.cat\/ceip-dolorsalmeda-cornella\/wp-json\/wp\/v2\/posts\/7546\/revisions\/7548"}],"wp:featuredmedia":[{"embeddable":true,"href":"https:\/\/agora.xtec.cat\/ceip-dolorsalmeda-cornella\/wp-json\/wp\/v2\/media\/7547"}],"wp:attachment":[{"href":"https:\/\/agora.xtec.cat\/ceip-dolorsalmeda-cornella\/wp-json\/wp\/v2\/media?parent=7546"}],"wp:term":[{"taxonomy":"category","embeddable":true,"href":"https:\/\/agora.xtec.cat\/ceip-dolorsalmeda-cornella\/wp-json\/wp\/v2\/categories?post=7546"},{"taxonomy":"post_tag","embeddable":true,"href":"https:\/\/agora.xtec.cat\/ceip-dolorsalmeda-cornella\/wp-json\/wp\/v2\/tags?post=7546"}],"curies":[{"name":"wp","href":"https:\/\/api.w.org\/{rel}","templated":true}]}}