{"id":7500,"date":"2024-05-15T13:51:40","date_gmt":"2024-05-15T11:51:40","guid":{"rendered":"https:\/\/agora.xtec.cat\/ceip-dolorsalmeda-cornella\/?p=7500"},"modified":"2024-06-26T10:18:22","modified_gmt":"2024-06-26T08:18:22","slug":"jurat-poetic-5e-i-6e","status":"publish","type":"post","link":"https:\/\/agora.xtec.cat\/ceip-dolorsalmeda-cornella\/portada\/jurat-poetic-5e-i-6e\/","title":{"rendered":"Jurat po\u00e8tic (5\u00e8 i 6\u00e8)"},"content":{"rendered":"<p><span lang=\"ca-ES\">Durant la setmana cultural, e<\/span><span lang=\"ca-ES\">ls alumnes <\/span><span lang=\"ca-ES\">de cicle superior<\/span><span lang=\"ca-ES\"> han escoltat <\/span><span lang=\"ca-ES\">i recitat <\/span><span lang=\"ca-ES\">cinc poemes <\/span><span lang=\"ca-ES\">d\u2019estils diferents. Posteriorment, <\/span><span lang=\"ca-ES\">els <\/span><span lang=\"ca-ES\">analitzaven i <\/span><span lang=\"ca-ES\">expli<\/span><span lang=\"ca-ES\">cave<\/span><span lang=\"ca-ES\">n quins <\/span><span lang=\"ca-ES\">s\u00f3n<\/span><span lang=\"ca-ES\"> els aspectes que cal <\/span><span lang=\"ca-ES\">tenir en compte:<\/span><span lang=\"ca-ES\"> originalitat, hist\u00f2ria, imatge mental, temps&#8230; En petits grups s\u2019han posat d\u2019acord per triar els tres millors, <\/span><span lang=\"ca-ES\">i han fet un concurs per veure quin era el guanyador<\/span><span lang=\"ca-ES\">. <\/span><span lang=\"ca-ES\">Per acabar, <\/span><span lang=\"ca-ES\">han posat la puntuaci\u00f3 en com\u00fa i han llegit tots junts el poema guanyador.<\/span><\/p>\n<p>&nbsp;<\/p>\n<p><span lang=\"ca-ES\"><a href=\"https:\/\/agora.xtec.cat\/ceip-dolorsalmeda-cornella\/wp-content\/uploads\/usu30\/2024\/05\/IMG-20240515-WA0005.jpg\"><img loading=\"lazy\" decoding=\"async\" class=\"alignnone wp-image-7506 size-medium\" src=\"https:\/\/agora.xtec.cat\/ceip-dolorsalmeda-cornella\/wp-content\/uploads\/usu30\/2024\/05\/IMG-20240515-WA0005-e1715773672278-300x243.jpg\" alt=\"\" width=\"300\" height=\"243\" srcset=\"https:\/\/agora.xtec.cat\/ceip-dolorsalmeda-cornella\/wp-content\/uploads\/usu30\/2024\/05\/IMG-20240515-WA0005-e1715773672278-300x243.jpg 300w, https:\/\/agora.xtec.cat\/ceip-dolorsalmeda-cornella\/wp-content\/uploads\/usu30\/2024\/05\/IMG-20240515-WA0005-e1715773672278-1024x829.jpg 1024w, https:\/\/agora.xtec.cat\/ceip-dolorsalmeda-cornella\/wp-content\/uploads\/usu30\/2024\/05\/IMG-20240515-WA0005-e1715773672278-768x622.jpg 768w, https:\/\/agora.xtec.cat\/ceip-dolorsalmeda-cornella\/wp-content\/uploads\/usu30\/2024\/05\/IMG-20240515-WA0005-e1715773672278-1536x1244.jpg 1536w, https:\/\/agora.xtec.cat\/ceip-dolorsalmeda-cornella\/wp-content\/uploads\/usu30\/2024\/05\/IMG-20240515-WA0005-e1715773672278.jpg 1553w\" sizes=\"auto, (max-width: 300px) 100vw, 300px\" \/><\/a> <a href=\"https:\/\/agora.xtec.cat\/ceip-dolorsalmeda-cornella\/wp-content\/uploads\/usu30\/2024\/05\/IMG-20240515-WA0003.jpg\"><img loading=\"lazy\" decoding=\"async\" class=\"alignnone wp-image-7504 \" src=\"https:\/\/agora.xtec.cat\/ceip-dolorsalmeda-cornella\/wp-content\/uploads\/usu30\/2024\/05\/IMG-20240515-WA0003-e1715773709218-300x188.jpg\" alt=\"\" width=\"385\" height=\"241\" srcset=\"https:\/\/agora.xtec.cat\/ceip-dolorsalmeda-cornella\/wp-content\/uploads\/usu30\/2024\/05\/IMG-20240515-WA0003-e1715773709218-300x188.jpg 300w, https:\/\/agora.xtec.cat\/ceip-dolorsalmeda-cornella\/wp-content\/uploads\/usu30\/2024\/05\/IMG-20240515-WA0003-e1715773709218-1024x641.jpg 1024w, https:\/\/agora.xtec.cat\/ceip-dolorsalmeda-cornella\/wp-content\/uploads\/usu30\/2024\/05\/IMG-20240515-WA0003-e1715773709218-768x481.jpg 768w, https:\/\/agora.xtec.cat\/ceip-dolorsalmeda-cornella\/wp-content\/uploads\/usu30\/2024\/05\/IMG-20240515-WA0003-e1715773709218-1536x962.jpg 1536w, https:\/\/agora.xtec.cat\/ceip-dolorsalmeda-cornella\/wp-content\/uploads\/usu30\/2024\/05\/IMG-20240515-WA0003-e1715773709218.jpg 1944w\" sizes=\"auto, (max-width: 385px) 100vw, 385px\" \/><\/a> <a href=\"https:\/\/agora.xtec.cat\/ceip-dolorsalmeda-cornella\/wp-content\/uploads\/usu30\/2024\/05\/IMG-20240515-WA0002.jpg\"><img loading=\"lazy\" decoding=\"async\" class=\"alignnone wp-image-7503\" src=\"https:\/\/agora.xtec.cat\/ceip-dolorsalmeda-cornella\/wp-content\/uploads\/usu30\/2024\/05\/IMG-20240515-WA0002-300x225.jpg\" alt=\"\" width=\"344\" height=\"258\" \/><\/a> <a href=\"https:\/\/agora.xtec.cat\/ceip-dolorsalmeda-cornella\/wp-content\/uploads\/usu30\/2024\/05\/IMG-20240515-WA0001.jpg\"><img loading=\"lazy\" decoding=\"async\" class=\"alignnone wp-image-7502\" src=\"https:\/\/agora.xtec.cat\/ceip-dolorsalmeda-cornella\/wp-content\/uploads\/usu30\/2024\/05\/IMG-20240515-WA0001-300x225.jpg\" alt=\"\" width=\"368\" height=\"276\" srcset=\"https:\/\/agora.xtec.cat\/ceip-dolorsalmeda-cornella\/wp-content\/uploads\/usu30\/2024\/05\/IMG-20240515-WA0001-300x225.jpg 300w, https:\/\/agora.xtec.cat\/ceip-dolorsalmeda-cornella\/wp-content\/uploads\/usu30\/2024\/05\/IMG-20240515-WA0001-1024x768.jpg 1024w, https:\/\/agora.xtec.cat\/ceip-dolorsalmeda-cornella\/wp-content\/uploads\/usu30\/2024\/05\/IMG-20240515-WA0001-768x576.jpg 768w, https:\/\/agora.xtec.cat\/ceip-dolorsalmeda-cornella\/wp-content\/uploads\/usu30\/2024\/05\/IMG-20240515-WA0001-1536x1152.jpg 1536w, https:\/\/agora.xtec.cat\/ceip-dolorsalmeda-cornella\/wp-content\/uploads\/usu30\/2024\/05\/IMG-20240515-WA0001-200x150.jpg 200w, https:\/\/agora.xtec.cat\/ceip-dolorsalmeda-cornella\/wp-content\/uploads\/usu30\/2024\/05\/IMG-20240515-WA0001.jpg 2040w\" sizes=\"auto, (max-width: 368px) 100vw, 368px\" \/><\/a><\/span><\/p>\n","protected":false},"excerpt":{"rendered":"<p>Durant la setmana cultural, els alumnes de cicle superior han escoltat i recitat cinc poemes d\u2019estils diferents. Posteriorment, els analitzaven i explicaven quins s\u00f3n els aspectes que cal tenir en compte: originalitat, hist\u00f2ria, imatge mental, temps&#8230; En petits grups s\u2019han posat d\u2019acord per triar els&hellip;  <a href=\"https:\/\/agora.xtec.cat\/ceip-dolorsalmeda-cornella\/portada\/jurat-poetic-5e-i-6e\/\" title=\"Read Jurat po\u00e8tic (5\u00e8 i 6\u00e8)\">Llegeix m\u00e9s\u00bb<\/a><\/p>\n","protected":false},"author":18,"featured_media":7507,"comment_status":"closed","ping_status":"closed","sticky":false,"template":"","format":"standard","meta":{"_bbp_topic_count":0,"_bbp_reply_count":0,"_bbp_total_topic_count":0,"_bbp_total_reply_count":0,"_bbp_voice_count":0,"_bbp_anonymous_reply_count":0,"_bbp_topic_count_hidden":0,"_bbp_reply_count_hidden":0,"_bbp_forum_subforum_count":0,"footnotes":""},"categories":[14,15,4,5],"tags":[66,118,82,177],"class_list":["post-7500","post","type-post","status-publish","format-standard","has-post-thumbnail","hentry","category-5e","category-6e","category-portada","category-primaria","tag-5e","tag-6e","tag-lectura","tag-setmana-cultural"],"post_mailing_queue_ids":[],"_links":{"self":[{"href":"https:\/\/agora.xtec.cat\/ceip-dolorsalmeda-cornella\/wp-json\/wp\/v2\/posts\/7500","targetHints":{"allow":["GET"]}}],"collection":[{"href":"https:\/\/agora.xtec.cat\/ceip-dolorsalmeda-cornella\/wp-json\/wp\/v2\/posts"}],"about":[{"href":"https:\/\/agora.xtec.cat\/ceip-dolorsalmeda-cornella\/wp-json\/wp\/v2\/types\/post"}],"author":[{"embeddable":true,"href":"https:\/\/agora.xtec.cat\/ceip-dolorsalmeda-cornella\/wp-json\/wp\/v2\/users\/18"}],"replies":[{"embeddable":true,"href":"https:\/\/agora.xtec.cat\/ceip-dolorsalmeda-cornella\/wp-json\/wp\/v2\/comments?post=7500"}],"version-history":[{"count":4,"href":"https:\/\/agora.xtec.cat\/ceip-dolorsalmeda-cornella\/wp-json\/wp\/v2\/posts\/7500\/revisions"}],"predecessor-version":[{"id":7706,"href":"https:\/\/agora.xtec.cat\/ceip-dolorsalmeda-cornella\/wp-json\/wp\/v2\/posts\/7500\/revisions\/7706"}],"wp:featuredmedia":[{"embeddable":true,"href":"https:\/\/agora.xtec.cat\/ceip-dolorsalmeda-cornella\/wp-json\/wp\/v2\/media\/7507"}],"wp:attachment":[{"href":"https:\/\/agora.xtec.cat\/ceip-dolorsalmeda-cornella\/wp-json\/wp\/v2\/media?parent=7500"}],"wp:term":[{"taxonomy":"category","embeddable":true,"href":"https:\/\/agora.xtec.cat\/ceip-dolorsalmeda-cornella\/wp-json\/wp\/v2\/categories?post=7500"},{"taxonomy":"post_tag","embeddable":true,"href":"https:\/\/agora.xtec.cat\/ceip-dolorsalmeda-cornella\/wp-json\/wp\/v2\/tags?post=7500"}],"curies":[{"name":"wp","href":"https:\/\/api.w.org\/{rel}","templated":true}]}}