{"id":7431,"date":"2024-05-14T15:18:21","date_gmt":"2024-05-14T13:18:21","guid":{"rendered":"https:\/\/agora.xtec.cat\/ceip-dolorsalmeda-cornella\/?p=7431"},"modified":"2024-05-14T15:18:21","modified_gmt":"2024-05-14T13:18:21","slug":"ajuntament-de-cornella","status":"publish","type":"post","link":"https:\/\/agora.xtec.cat\/ceip-dolorsalmeda-cornella\/general\/ajuntament-de-cornella\/","title":{"rendered":"Ajuntament de Cornell\u00e0"},"content":{"rendered":"<p>Els nens i nenes de tercer estan desenvolupant el projecte \u201cel lloc on vivim\u201d. Dins d\u2019aquest projecte descobreixen aspectes sobre els edificis m\u00e9s emblem\u00e0tics de la nostra ciutat. Un d\u2019ells \u00e9s l\u2019Ajuntament de Cornell\u00e0, el qual van anar a visitar. \ud83c\udfeb\ud83c\udf07<\/p>\n<p>Un cop van arribar a la pla\u00e7a de l\u2019Esgl\u00e8sia, els va rebre la S\u00f2nia (T\u0117cnica del Departament d\u2019Educaci\u00f3) i els va explicar moltes curiositats sobre l\u2019Ajuntament: les columnes de la fa\u00e7ana, les banderes, l\u2019escut de Cornell\u00e0, la sala de plens, els\/les regidors\/es que hi ha i\u2026 unes restes arqueol\u00f2giques de l\u2019\u00e8poca romana i medieval! Just davant de l\u2019entrada es poden veure al subs\u00f2l unes sitges, que era on els romans emmagatzemaven els aliments. Ho sab\u00edeu? \ud83c\udfdb\ufe0f\u26ea\ufe0f<\/p>\n<p>M\u00e9s tard, els infants van tenir l\u2019oportunitat d\u2019entrar a la sala de plens i\u2026 con\u00e8ixer el nostre alcalde! Tots i totes van poder fer-li preguntes que ell ens va contestar amablement. Va ser molt emocionant!! \ud83d\ude4b\ud83c\udffb\u200d\u2640\ufe0f\ud83d\ude4b\ud83c\udffb\u200d\u2642\ufe0f\u2753<\/p>\n\n\t\t<style type=\"text\/css\">\n\t\t\t#gallery-1 {\n\t\t\t\tmargin: auto;\n\t\t\t}\n\t\t\t#gallery-1 .gallery-item {\n\t\t\t\tfloat: left;\n\t\t\t\tmargin-top: 10px;\n\t\t\t\ttext-align: center;\n\t\t\t\twidth: 50%;\n\t\t\t}\n\t\t\t#gallery-1 img {\n\t\t\t\tborder: 2px solid #cfcfcf;\n\t\t\t}\n\t\t\t#gallery-1 .gallery-caption {\n\t\t\t\tmargin-left: 0;\n\t\t\t}\n\t\t\t\/* see gallery_shortcode() in wp-includes\/media.php *\/\n\t\t<\/style>\n\t\t<div id='gallery-1' class='gallery galleryid-7431 gallery-columns-2 gallery-size-medium'><dl class='gallery-item'>\n\t\t\t<dt class='gallery-icon portrait'>\n\t\t\t\t<a href='https:\/\/agora.xtec.cat\/ceip-dolorsalmeda-cornella\/general\/ajuntament-de-cornella\/attachment\/whatsapp-image-2024-05-08-at-21-18-51\/'><img loading=\"lazy\" decoding=\"async\" width=\"225\" height=\"300\" src=\"https:\/\/agora.xtec.cat\/ceip-dolorsalmeda-cornella\/wp-content\/uploads\/usu30\/2024\/05\/WhatsApp-Image-2024-05-08-at-21.18.51-225x300.jpeg\" class=\"attachment-medium size-medium\" alt=\"\" srcset=\"https:\/\/agora.xtec.cat\/ceip-dolorsalmeda-cornella\/wp-content\/uploads\/usu30\/2024\/05\/WhatsApp-Image-2024-05-08-at-21.18.51-225x300.jpeg 225w, https:\/\/agora.xtec.cat\/ceip-dolorsalmeda-cornella\/wp-content\/uploads\/usu30\/2024\/05\/WhatsApp-Image-2024-05-08-at-21.18.51-768x1024.jpeg 768w, https:\/\/agora.xtec.cat\/ceip-dolorsalmeda-cornella\/wp-content\/uploads\/usu30\/2024\/05\/WhatsApp-Image-2024-05-08-at-21.18.51-1152x1536.jpeg 1152w, https:\/\/agora.xtec.cat\/ceip-dolorsalmeda-cornella\/wp-content\/uploads\/usu30\/2024\/05\/WhatsApp-Image-2024-05-08-at-21.18.51.jpeg 1200w\" sizes=\"auto, (max-width: 225px) 100vw, 225px\" \/><\/a>\n\t\t\t<\/dt><\/dl><dl class='gallery-item'>\n\t\t\t<dt class='gallery-icon landscape'>\n\t\t\t\t<a href='https:\/\/agora.xtec.cat\/ceip-dolorsalmeda-cornella\/general\/ajuntament-de-cornella\/attachment\/whatsapp-image-2024-05-08-at-21-19-10\/'><img loading=\"lazy\" decoding=\"async\" width=\"300\" height=\"138\" src=\"https:\/\/agora.xtec.cat\/ceip-dolorsalmeda-cornella\/wp-content\/uploads\/usu30\/2024\/05\/WhatsApp-Image-2024-05-08-at-21.19.10-300x138.jpeg\" class=\"attachment-medium size-medium\" alt=\"\" srcset=\"https:\/\/agora.xtec.cat\/ceip-dolorsalmeda-cornella\/wp-content\/uploads\/usu30\/2024\/05\/WhatsApp-Image-2024-05-08-at-21.19.10-300x138.jpeg 300w, https:\/\/agora.xtec.cat\/ceip-dolorsalmeda-cornella\/wp-content\/uploads\/usu30\/2024\/05\/WhatsApp-Image-2024-05-08-at-21.19.10-1024x471.jpeg 1024w, https:\/\/agora.xtec.cat\/ceip-dolorsalmeda-cornella\/wp-content\/uploads\/usu30\/2024\/05\/WhatsApp-Image-2024-05-08-at-21.19.10-768x353.jpeg 768w, https:\/\/agora.xtec.cat\/ceip-dolorsalmeda-cornella\/wp-content\/uploads\/usu30\/2024\/05\/WhatsApp-Image-2024-05-08-at-21.19.10-1536x707.jpeg 1536w, https:\/\/agora.xtec.cat\/ceip-dolorsalmeda-cornella\/wp-content\/uploads\/usu30\/2024\/05\/WhatsApp-Image-2024-05-08-at-21.19.10.jpeg 2000w\" sizes=\"auto, (max-width: 300px) 100vw, 300px\" \/><\/a>\n\t\t\t<\/dt><\/dl><br style=\"clear: both\" \/><dl class='gallery-item'>\n\t\t\t<dt class='gallery-icon landscape'>\n\t\t\t\t<a href='https:\/\/agora.xtec.cat\/ceip-dolorsalmeda-cornella\/general\/ajuntament-de-cornella\/attachment\/whatsapp-image-2024-05-08-at-21-19-11-1\/'><img loading=\"lazy\" decoding=\"async\" width=\"300\" height=\"138\" src=\"https:\/\/agora.xtec.cat\/ceip-dolorsalmeda-cornella\/wp-content\/uploads\/usu30\/2024\/05\/WhatsApp-Image-2024-05-08-at-21.19.11-1-300x138.jpeg\" class=\"attachment-medium size-medium\" alt=\"\" srcset=\"https:\/\/agora.xtec.cat\/ceip-dolorsalmeda-cornella\/wp-content\/uploads\/usu30\/2024\/05\/WhatsApp-Image-2024-05-08-at-21.19.11-1-300x138.jpeg 300w, https:\/\/agora.xtec.cat\/ceip-dolorsalmeda-cornella\/wp-content\/uploads\/usu30\/2024\/05\/WhatsApp-Image-2024-05-08-at-21.19.11-1-1024x471.jpeg 1024w, https:\/\/agora.xtec.cat\/ceip-dolorsalmeda-cornella\/wp-content\/uploads\/usu30\/2024\/05\/WhatsApp-Image-2024-05-08-at-21.19.11-1-768x353.jpeg 768w, https:\/\/agora.xtec.cat\/ceip-dolorsalmeda-cornella\/wp-content\/uploads\/usu30\/2024\/05\/WhatsApp-Image-2024-05-08-at-21.19.11-1-1536x707.jpeg 1536w, https:\/\/agora.xtec.cat\/ceip-dolorsalmeda-cornella\/wp-content\/uploads\/usu30\/2024\/05\/WhatsApp-Image-2024-05-08-at-21.19.11-1.jpeg 2000w\" sizes=\"auto, (max-width: 300px) 100vw, 300px\" \/><\/a>\n\t\t\t<\/dt><\/dl><dl class='gallery-item'>\n\t\t\t<dt class='gallery-icon portrait'>\n\t\t\t\t<a href='https:\/\/agora.xtec.cat\/ceip-dolorsalmeda-cornella\/general\/ajuntament-de-cornella\/attachment\/whatsapp-image-2024-05-08-at-21-19-11\/'><img loading=\"lazy\" decoding=\"async\" width=\"204\" height=\"300\" src=\"https:\/\/agora.xtec.cat\/ceip-dolorsalmeda-cornella\/wp-content\/uploads\/usu30\/2024\/05\/WhatsApp-Image-2024-05-08-at-21.19.11-e1715692695933-204x300.jpeg\" class=\"attachment-medium size-medium\" alt=\"\" srcset=\"https:\/\/agora.xtec.cat\/ceip-dolorsalmeda-cornella\/wp-content\/uploads\/usu30\/2024\/05\/WhatsApp-Image-2024-05-08-at-21.19.11-e1715692695933-204x300.jpeg 204w, https:\/\/agora.xtec.cat\/ceip-dolorsalmeda-cornella\/wp-content\/uploads\/usu30\/2024\/05\/WhatsApp-Image-2024-05-08-at-21.19.11-e1715692695933-698x1024.jpeg 698w, https:\/\/agora.xtec.cat\/ceip-dolorsalmeda-cornella\/wp-content\/uploads\/usu30\/2024\/05\/WhatsApp-Image-2024-05-08-at-21.19.11-e1715692695933-768x1127.jpeg 768w, https:\/\/agora.xtec.cat\/ceip-dolorsalmeda-cornella\/wp-content\/uploads\/usu30\/2024\/05\/WhatsApp-Image-2024-05-08-at-21.19.11-e1715692695933.jpeg 920w\" sizes=\"auto, (max-width: 204px) 100vw, 204px\" \/><\/a>\n\t\t\t<\/dt><\/dl><br style=\"clear: both\" \/>\n\t\t<\/div>\n\n","protected":false},"excerpt":{"rendered":"<p>Els nens i nenes de tercer estan desenvolupant el projecte \u201cel lloc on vivim\u201d. Dins d\u2019aquest projecte descobreixen aspectes sobre els edificis m\u00e9s emblem\u00e0tics de la nostra ciutat. Un d\u2019ells \u00e9s l\u2019Ajuntament de Cornell\u00e0, el qual van anar a visitar. \ud83c\udfeb\ud83c\udf07<br \/>\nUn cop van arribar a&hellip;  <a href=\"https:\/\/agora.xtec.cat\/ceip-dolorsalmeda-cornella\/general\/ajuntament-de-cornella\/\" title=\"Read Ajuntament de Cornell\u00e0\">Llegeix m\u00e9s\u00bb<\/a><\/p>\n","protected":false},"author":1,"featured_media":7435,"comment_status":"open","ping_status":"closed","sticky":false,"template":"","format":"standard","meta":{"_bbp_topic_count":0,"_bbp_reply_count":0,"_bbp_total_topic_count":0,"_bbp_total_reply_count":0,"_bbp_voice_count":0,"_bbp_anonymous_reply_count":0,"_bbp_topic_count_hidden":0,"_bbp_reply_count_hidden":0,"_bbp_forum_subforum_count":0,"footnotes":""},"categories":[12,1,4,5],"tags":[],"class_list":["post-7431","post","type-post","status-publish","format-standard","has-post-thumbnail","hentry","category-3r","category-general","category-portada","category-primaria"],"post_mailing_queue_ids":[],"_links":{"self":[{"href":"https:\/\/agora.xtec.cat\/ceip-dolorsalmeda-cornella\/wp-json\/wp\/v2\/posts\/7431","targetHints":{"allow":["GET"]}}],"collection":[{"href":"https:\/\/agora.xtec.cat\/ceip-dolorsalmeda-cornella\/wp-json\/wp\/v2\/posts"}],"about":[{"href":"https:\/\/agora.xtec.cat\/ceip-dolorsalmeda-cornella\/wp-json\/wp\/v2\/types\/post"}],"author":[{"embeddable":true,"href":"https:\/\/agora.xtec.cat\/ceip-dolorsalmeda-cornella\/wp-json\/wp\/v2\/users\/1"}],"replies":[{"embeddable":true,"href":"https:\/\/agora.xtec.cat\/ceip-dolorsalmeda-cornella\/wp-json\/wp\/v2\/comments?post=7431"}],"version-history":[{"count":1,"href":"https:\/\/agora.xtec.cat\/ceip-dolorsalmeda-cornella\/wp-json\/wp\/v2\/posts\/7431\/revisions"}],"predecessor-version":[{"id":7436,"href":"https:\/\/agora.xtec.cat\/ceip-dolorsalmeda-cornella\/wp-json\/wp\/v2\/posts\/7431\/revisions\/7436"}],"wp:featuredmedia":[{"embeddable":true,"href":"https:\/\/agora.xtec.cat\/ceip-dolorsalmeda-cornella\/wp-json\/wp\/v2\/media\/7435"}],"wp:attachment":[{"href":"https:\/\/agora.xtec.cat\/ceip-dolorsalmeda-cornella\/wp-json\/wp\/v2\/media?parent=7431"}],"wp:term":[{"taxonomy":"category","embeddable":true,"href":"https:\/\/agora.xtec.cat\/ceip-dolorsalmeda-cornella\/wp-json\/wp\/v2\/categories?post=7431"},{"taxonomy":"post_tag","embeddable":true,"href":"https:\/\/agora.xtec.cat\/ceip-dolorsalmeda-cornella\/wp-json\/wp\/v2\/tags?post=7431"}],"curies":[{"name":"wp","href":"https:\/\/api.w.org\/{rel}","templated":true}]}}