{"id":740,"date":"2017-12-15T15:28:38","date_gmt":"2017-12-15T14:28:38","guid":{"rendered":"http:\/\/agora.xtec.cat\/ceip-dolorsalmeda-cornella\/?p=740"},"modified":"2017-12-15T16:16:05","modified_gmt":"2017-12-15T15:16:05","slug":"visita-de-la-fada-ondina","status":"publish","type":"post","link":"https:\/\/agora.xtec.cat\/ceip-dolorsalmeda-cornella\/general\/visita-de-la-fada-ondina\/","title":{"rendered":"Visita de la Fada Ondina"},"content":{"rendered":"<p><a href=\"http:\/\/agora.xtec.cat\/ceip-dolorsalmeda-cornella\/wp-content\/uploads\/usu30\/2017\/12\/FADA-ONDINA.jpg\"><img loading=\"lazy\" decoding=\"async\" class=\"wp-image-743\" src=\"http:\/\/agora.xtec.cat\/ceip-dolorsalmeda-cornella\/wp-content\/uploads\/usu30\/2017\/12\/FADA-ONDINA-1024x768.jpg\" alt=\"\" width=\"293\" height=\"220\" srcset=\"https:\/\/agora.xtec.cat\/ceip-dolorsalmeda-cornella\/wp-content\/uploads\/usu30\/2017\/12\/FADA-ONDINA.jpg 1024w, https:\/\/agora.xtec.cat\/ceip-dolorsalmeda-cornella\/wp-content\/uploads\/usu30\/2017\/12\/FADA-ONDINA-300x225.jpg 300w, https:\/\/agora.xtec.cat\/ceip-dolorsalmeda-cornella\/wp-content\/uploads\/usu30\/2017\/12\/FADA-ONDINA-768x576.jpg 768w, https:\/\/agora.xtec.cat\/ceip-dolorsalmeda-cornella\/wp-content\/uploads\/usu30\/2017\/12\/FADA-ONDINA-200x150.jpg 200w\" sizes=\"auto, (max-width: 293px) 100vw, 293px\" \/><\/a><\/p>\n<p style=\"text-align: justify;\">Dijous a la tarda, els alumnes d&#8217;Educaci\u00f3 Infantil i Cicle Inicial van rebre una visita molt especial: la Fada Ondina i el m\u00fasic Brenan. Durant tot l&#8217;any, la fada viu a la vora del riu Llobregat i\u00a0t\u00e9 cura del nostre entorn. Per Nadal, es converteix en l&#8217;ajudant del Mag Maginet i abans que comenci el campament oriental, passa per totes les escoles per recordar als infants que escriguin els seus desitjos i els pengin en els arbres de la ciutat!\u00a0\u00a0Abans de marxar, juntament amb el m\u00fasic Brenan, van cantar tots junts la can\u00e7\u00f3 de\u00a0<a href=\"https:\/\/www.youtube.com\/watch?v=HytOKFC1AR8\" target=\"_blank\" rel=\"noopener noreferrer\">DESPERTA MAGINET<\/a>\u00a0per donar la benvinguda al Nadal.<\/p>\n<p style=\"text-align: justify;\"><a href=\"https:\/\/photos.app.goo.gl\/oxJCngmRGI3OoFIV2\" target=\"_blank\" rel=\"noopener noreferrer\">FADA ONDINA E.INFANTIL<\/a><\/p>\n<p style=\"text-align: justify;\"><a href=\"https:\/\/photos.app.goo.gl\/hxRRERNwzY6Zkr0z1\" target=\"_blank\" rel=\"noopener noreferrer\">FADA ONDINA C. INICIAL<\/a><\/p>\n","protected":false},"excerpt":{"rendered":"<p><a href=\"http:\/\/agora.xtec.cat\/ceip-dolorsalmeda-cornella\/wp-content\/uploads\/usu30\/2017\/12\/FADA-ONDINA.jpg\"><\/a><br \/>\nDijous a la tarda, els alumnes d&#8217;Educaci\u00f3 Infantil i Cicle Inicial van rebre una visita molt especial: la Fada Ondina i el m\u00fasic Brenan. Durant tot l&#8217;any, la fada viu a la vora del riu Llobregat i\u00a0t\u00e9 cura del nostre entorn. Per Nadal, es&hellip;  <a href=\"https:\/\/agora.xtec.cat\/ceip-dolorsalmeda-cornella\/general\/visita-de-la-fada-ondina\/\" title=\"Read Visita de la Fada Ondina\">Llegeix m\u00e9s\u00bb<\/a><\/p>\n","protected":false},"author":1,"featured_media":743,"comment_status":"open","ping_status":"closed","sticky":false,"template":"","format":"standard","meta":{"_bbp_topic_count":0,"_bbp_reply_count":0,"_bbp_total_topic_count":0,"_bbp_total_reply_count":0,"_bbp_voice_count":0,"_bbp_anonymous_reply_count":0,"_bbp_topic_count_hidden":0,"_bbp_reply_count_hidden":0,"_bbp_forum_subforum_count":0,"footnotes":""},"categories":[10,11,1,3,8,9,2,4,5],"tags":[75,74],"class_list":["post-740","post","type-post","status-publish","format-standard","has-post-thumbnail","hentry","category-1r","category-2n","category-general","category-i3","category-i4","category-i5","category-infantil","category-portada","category-primaria","tag-fada-ondina","tag-nadal"],"post_mailing_queue_ids":[],"_links":{"self":[{"href":"https:\/\/agora.xtec.cat\/ceip-dolorsalmeda-cornella\/wp-json\/wp\/v2\/posts\/740","targetHints":{"allow":["GET"]}}],"collection":[{"href":"https:\/\/agora.xtec.cat\/ceip-dolorsalmeda-cornella\/wp-json\/wp\/v2\/posts"}],"about":[{"href":"https:\/\/agora.xtec.cat\/ceip-dolorsalmeda-cornella\/wp-json\/wp\/v2\/types\/post"}],"author":[{"embeddable":true,"href":"https:\/\/agora.xtec.cat\/ceip-dolorsalmeda-cornella\/wp-json\/wp\/v2\/users\/1"}],"replies":[{"embeddable":true,"href":"https:\/\/agora.xtec.cat\/ceip-dolorsalmeda-cornella\/wp-json\/wp\/v2\/comments?post=740"}],"version-history":[{"count":3,"href":"https:\/\/agora.xtec.cat\/ceip-dolorsalmeda-cornella\/wp-json\/wp\/v2\/posts\/740\/revisions"}],"predecessor-version":[{"id":751,"href":"https:\/\/agora.xtec.cat\/ceip-dolorsalmeda-cornella\/wp-json\/wp\/v2\/posts\/740\/revisions\/751"}],"wp:featuredmedia":[{"embeddable":true,"href":"https:\/\/agora.xtec.cat\/ceip-dolorsalmeda-cornella\/wp-json\/wp\/v2\/media\/743"}],"wp:attachment":[{"href":"https:\/\/agora.xtec.cat\/ceip-dolorsalmeda-cornella\/wp-json\/wp\/v2\/media?parent=740"}],"wp:term":[{"taxonomy":"category","embeddable":true,"href":"https:\/\/agora.xtec.cat\/ceip-dolorsalmeda-cornella\/wp-json\/wp\/v2\/categories?post=740"},{"taxonomy":"post_tag","embeddable":true,"href":"https:\/\/agora.xtec.cat\/ceip-dolorsalmeda-cornella\/wp-json\/wp\/v2\/tags?post=740"}],"curies":[{"name":"wp","href":"https:\/\/api.w.org\/{rel}","templated":true}]}}