{"id":7259,"date":"2024-04-24T10:42:55","date_gmt":"2024-04-24T08:42:55","guid":{"rendered":"https:\/\/agora.xtec.cat\/ceip-dolorsalmeda-cornella\/?p=7259"},"modified":"2024-04-24T10:42:55","modified_gmt":"2024-04-24T08:42:55","slug":"audicio-dharmonica","status":"publish","type":"post","link":"https:\/\/agora.xtec.cat\/ceip-dolorsalmeda-cornella\/general\/audicio-dharmonica\/","title":{"rendered":"Audici\u00f3 d&#8217;harm\u00f2nica"},"content":{"rendered":"<p>En el marc del projecte de &#8220;Solistes a l&#8217;aula&#8221;, l&#8217;alumnat de cinqu\u00e8 ha pogut gaudir d&#8217;una audici\u00f3 d&#8217;harm\u00f2nica. \ud83c\udfb5\ud83d\udc42\ud83c\udffb<\/p>\n<p>El principi amb el qual funciona l&#8217;harm\u00f2nica \u00e9s una lleng\u00fceta que oscil\u00b7la lliurement, vibrant dins d&#8217;un flux d&#8217;aire, per a produir una nota; \u00c9s petita, f\u00e0cil de transportar i nom\u00e9s necessita una bona bufera per interpretar tota mena de can\u00e7ons. \ud83c\udf2c\ufe0f<\/p>\n<p>El 1821, un jove berlin\u00e8s anomenat Friedrich Buschmann va construir el primer instrument amb les caracter\u00edstiques b\u00e0siques de l&#8217;harm\u00f2nica que avui coneixem. Va ser Matthias Hohner el 1857, qui va comen\u00e7ar la producci\u00f3 comercial d&#8217;aquest instrument que gr\u00e0cies a les seves caracter\u00edstiques ha esdevingut un dels instruments m\u00e9s populars i m\u00e9s venuts arreu del planeta.\ud83c\udf0e<\/p>\n<p>En acabar, els infants han pogut gaudir de la interpretaci\u00f3 d&#8217;algunes can\u00e7ons tradicionals senzilles aix\u00ed com diferents estils musicals propis d&#8217;aquest instrument: el blues, folk, country, jazz, rock fins i tot la m\u00fasica celta.\ud83c\udfb7\ud83e\udd18\ud83c\udffb<\/p>\n\n\t\t<style type=\"text\/css\">\n\t\t\t#gallery-1 {\n\t\t\t\tmargin: auto;\n\t\t\t}\n\t\t\t#gallery-1 .gallery-item {\n\t\t\t\tfloat: left;\n\t\t\t\tmargin-top: 10px;\n\t\t\t\ttext-align: center;\n\t\t\t\twidth: 50%;\n\t\t\t}\n\t\t\t#gallery-1 img {\n\t\t\t\tborder: 2px solid #cfcfcf;\n\t\t\t}\n\t\t\t#gallery-1 .gallery-caption {\n\t\t\t\tmargin-left: 0;\n\t\t\t}\n\t\t\t\/* see gallery_shortcode() in wp-includes\/media.php *\/\n\t\t<\/style>\n\t\t<div id='gallery-1' class='gallery galleryid-7259 gallery-columns-2 gallery-size-medium'><dl class='gallery-item'>\n\t\t\t<dt class='gallery-icon landscape'>\n\t\t\t\t<a href='https:\/\/agora.xtec.cat\/ceip-dolorsalmeda-cornella\/general\/audicio-dharmonica\/attachment\/whatsapp-image-2024-04-22-at-18-50-12\/'><img loading=\"lazy\" decoding=\"async\" width=\"300\" height=\"225\" src=\"https:\/\/agora.xtec.cat\/ceip-dolorsalmeda-cornella\/wp-content\/uploads\/usu30\/2024\/04\/WhatsApp-Image-2024-04-22-at-18.50.12-300x225.jpeg\" class=\"attachment-medium size-medium\" alt=\"\" srcset=\"https:\/\/agora.xtec.cat\/ceip-dolorsalmeda-cornella\/wp-content\/uploads\/usu30\/2024\/04\/WhatsApp-Image-2024-04-22-at-18.50.12-300x225.jpeg 300w, https:\/\/agora.xtec.cat\/ceip-dolorsalmeda-cornella\/wp-content\/uploads\/usu30\/2024\/04\/WhatsApp-Image-2024-04-22-at-18.50.12-1024x768.jpeg 1024w, https:\/\/agora.xtec.cat\/ceip-dolorsalmeda-cornella\/wp-content\/uploads\/usu30\/2024\/04\/WhatsApp-Image-2024-04-22-at-18.50.12-768x576.jpeg 768w, https:\/\/agora.xtec.cat\/ceip-dolorsalmeda-cornella\/wp-content\/uploads\/usu30\/2024\/04\/WhatsApp-Image-2024-04-22-at-18.50.12-1536x1152.jpeg 1536w, https:\/\/agora.xtec.cat\/ceip-dolorsalmeda-cornella\/wp-content\/uploads\/usu30\/2024\/04\/WhatsApp-Image-2024-04-22-at-18.50.12-200x150.jpeg 200w, https:\/\/agora.xtec.cat\/ceip-dolorsalmeda-cornella\/wp-content\/uploads\/usu30\/2024\/04\/WhatsApp-Image-2024-04-22-at-18.50.12.jpeg 1600w\" sizes=\"auto, (max-width: 300px) 100vw, 300px\" \/><\/a>\n\t\t\t<\/dt><\/dl><dl class='gallery-item'>\n\t\t\t<dt class='gallery-icon landscape'>\n\t\t\t\t<a href='https:\/\/agora.xtec.cat\/ceip-dolorsalmeda-cornella\/general\/audicio-dharmonica\/attachment\/whatsapp-image-2024-04-22-at-18-56-48\/'><img loading=\"lazy\" decoding=\"async\" width=\"300\" height=\"225\" src=\"https:\/\/agora.xtec.cat\/ceip-dolorsalmeda-cornella\/wp-content\/uploads\/usu30\/2024\/04\/WhatsApp-Image-2024-04-22-at-18.56.48-300x225.jpeg\" class=\"attachment-medium size-medium\" alt=\"\" srcset=\"https:\/\/agora.xtec.cat\/ceip-dolorsalmeda-cornella\/wp-content\/uploads\/usu30\/2024\/04\/WhatsApp-Image-2024-04-22-at-18.56.48-300x225.jpeg 300w, https:\/\/agora.xtec.cat\/ceip-dolorsalmeda-cornella\/wp-content\/uploads\/usu30\/2024\/04\/WhatsApp-Image-2024-04-22-at-18.56.48-1024x768.jpeg 1024w, https:\/\/agora.xtec.cat\/ceip-dolorsalmeda-cornella\/wp-content\/uploads\/usu30\/2024\/04\/WhatsApp-Image-2024-04-22-at-18.56.48-768x576.jpeg 768w, https:\/\/agora.xtec.cat\/ceip-dolorsalmeda-cornella\/wp-content\/uploads\/usu30\/2024\/04\/WhatsApp-Image-2024-04-22-at-18.56.48-1536x1152.jpeg 1536w, https:\/\/agora.xtec.cat\/ceip-dolorsalmeda-cornella\/wp-content\/uploads\/usu30\/2024\/04\/WhatsApp-Image-2024-04-22-at-18.56.48-200x150.jpeg 200w, https:\/\/agora.xtec.cat\/ceip-dolorsalmeda-cornella\/wp-content\/uploads\/usu30\/2024\/04\/WhatsApp-Image-2024-04-22-at-18.56.48.jpeg 1600w\" sizes=\"auto, (max-width: 300px) 100vw, 300px\" \/><\/a>\n\t\t\t<\/dt><\/dl><br style=\"clear: both\" \/><dl class='gallery-item'>\n\t\t\t<dt class='gallery-icon landscape'>\n\t\t\t\t<a href='https:\/\/agora.xtec.cat\/ceip-dolorsalmeda-cornella\/general\/audicio-dharmonica\/attachment\/whatsapp-image-2024-04-22-at-19-27-27\/'><img loading=\"lazy\" decoding=\"async\" width=\"300\" height=\"225\" src=\"https:\/\/agora.xtec.cat\/ceip-dolorsalmeda-cornella\/wp-content\/uploads\/usu30\/2024\/04\/WhatsApp-Image-2024-04-22-at-19.27.27-300x225.jpeg\" class=\"attachment-medium size-medium\" alt=\"\" srcset=\"https:\/\/agora.xtec.cat\/ceip-dolorsalmeda-cornella\/wp-content\/uploads\/usu30\/2024\/04\/WhatsApp-Image-2024-04-22-at-19.27.27-300x225.jpeg 300w, https:\/\/agora.xtec.cat\/ceip-dolorsalmeda-cornella\/wp-content\/uploads\/usu30\/2024\/04\/WhatsApp-Image-2024-04-22-at-19.27.27-1024x768.jpeg 1024w, https:\/\/agora.xtec.cat\/ceip-dolorsalmeda-cornella\/wp-content\/uploads\/usu30\/2024\/04\/WhatsApp-Image-2024-04-22-at-19.27.27-768x576.jpeg 768w, https:\/\/agora.xtec.cat\/ceip-dolorsalmeda-cornella\/wp-content\/uploads\/usu30\/2024\/04\/WhatsApp-Image-2024-04-22-at-19.27.27-1536x1152.jpeg 1536w, https:\/\/agora.xtec.cat\/ceip-dolorsalmeda-cornella\/wp-content\/uploads\/usu30\/2024\/04\/WhatsApp-Image-2024-04-22-at-19.27.27-200x150.jpeg 200w, https:\/\/agora.xtec.cat\/ceip-dolorsalmeda-cornella\/wp-content\/uploads\/usu30\/2024\/04\/WhatsApp-Image-2024-04-22-at-19.27.27.jpeg 2048w\" sizes=\"auto, (max-width: 300px) 100vw, 300px\" \/><\/a>\n\t\t\t<\/dt><\/dl><dl class='gallery-item'>\n\t\t\t<dt class='gallery-icon landscape'>\n\t\t\t\t<a href='https:\/\/agora.xtec.cat\/ceip-dolorsalmeda-cornella\/general\/audicio-dharmonica\/attachment\/whatsapp-image-2024-04-22-at-19-27-37\/'><img loading=\"lazy\" decoding=\"async\" width=\"300\" height=\"225\" src=\"https:\/\/agora.xtec.cat\/ceip-dolorsalmeda-cornella\/wp-content\/uploads\/usu30\/2024\/04\/WhatsApp-Image-2024-04-22-at-19.27.37-300x225.jpeg\" class=\"attachment-medium size-medium\" alt=\"\" srcset=\"https:\/\/agora.xtec.cat\/ceip-dolorsalmeda-cornella\/wp-content\/uploads\/usu30\/2024\/04\/WhatsApp-Image-2024-04-22-at-19.27.37-300x225.jpeg 300w, https:\/\/agora.xtec.cat\/ceip-dolorsalmeda-cornella\/wp-content\/uploads\/usu30\/2024\/04\/WhatsApp-Image-2024-04-22-at-19.27.37-1024x768.jpeg 1024w, https:\/\/agora.xtec.cat\/ceip-dolorsalmeda-cornella\/wp-content\/uploads\/usu30\/2024\/04\/WhatsApp-Image-2024-04-22-at-19.27.37-768x576.jpeg 768w, https:\/\/agora.xtec.cat\/ceip-dolorsalmeda-cornella\/wp-content\/uploads\/usu30\/2024\/04\/WhatsApp-Image-2024-04-22-at-19.27.37-1536x1152.jpeg 1536w, https:\/\/agora.xtec.cat\/ceip-dolorsalmeda-cornella\/wp-content\/uploads\/usu30\/2024\/04\/WhatsApp-Image-2024-04-22-at-19.27.37-200x150.jpeg 200w, https:\/\/agora.xtec.cat\/ceip-dolorsalmeda-cornella\/wp-content\/uploads\/usu30\/2024\/04\/WhatsApp-Image-2024-04-22-at-19.27.37.jpeg 2048w\" sizes=\"auto, (max-width: 300px) 100vw, 300px\" \/><\/a>\n\t\t\t<\/dt><\/dl><br style=\"clear: both\" \/>\n\t\t<\/div>\n\n","protected":false},"excerpt":{"rendered":"<p>En el marc del projecte de &#8220;Solistes a l&#8217;aula&#8221;, l&#8217;alumnat de cinqu\u00e8 ha pogut gaudir d&#8217;una audici\u00f3 d&#8217;harm\u00f2nica. \ud83c\udfb5\ud83d\udc42\ud83c\udffb<br \/>\nEl principi amb el qual funciona l&#8217;harm\u00f2nica \u00e9s una lleng\u00fceta que oscil\u00b7la lliurement, vibrant dins d&#8217;un flux d&#8217;aire, per a produir una nota; \u00c9s petita, f\u00e0cil de&hellip;  <a href=\"https:\/\/agora.xtec.cat\/ceip-dolorsalmeda-cornella\/general\/audicio-dharmonica\/\" title=\"Read Audici\u00f3 d&#8217;harm\u00f2nica\">Llegeix m\u00e9s\u00bb<\/a><\/p>\n","protected":false},"author":1,"featured_media":7262,"comment_status":"open","ping_status":"closed","sticky":false,"template":"","format":"standard","meta":{"_bbp_topic_count":0,"_bbp_reply_count":0,"_bbp_total_topic_count":0,"_bbp_total_reply_count":0,"_bbp_voice_count":0,"_bbp_anonymous_reply_count":0,"_bbp_topic_count_hidden":0,"_bbp_reply_count_hidden":0,"_bbp_forum_subforum_count":0,"footnotes":""},"categories":[14,1,4,5],"tags":[391,67],"class_list":["post-7259","post","type-post","status-publish","format-standard","has-post-thumbnail","hentry","category-5e","category-general","category-portada","category-primaria","tag-audicions","tag-musica"],"post_mailing_queue_ids":[],"_links":{"self":[{"href":"https:\/\/agora.xtec.cat\/ceip-dolorsalmeda-cornella\/wp-json\/wp\/v2\/posts\/7259","targetHints":{"allow":["GET"]}}],"collection":[{"href":"https:\/\/agora.xtec.cat\/ceip-dolorsalmeda-cornella\/wp-json\/wp\/v2\/posts"}],"about":[{"href":"https:\/\/agora.xtec.cat\/ceip-dolorsalmeda-cornella\/wp-json\/wp\/v2\/types\/post"}],"author":[{"embeddable":true,"href":"https:\/\/agora.xtec.cat\/ceip-dolorsalmeda-cornella\/wp-json\/wp\/v2\/users\/1"}],"replies":[{"embeddable":true,"href":"https:\/\/agora.xtec.cat\/ceip-dolorsalmeda-cornella\/wp-json\/wp\/v2\/comments?post=7259"}],"version-history":[{"count":1,"href":"https:\/\/agora.xtec.cat\/ceip-dolorsalmeda-cornella\/wp-json\/wp\/v2\/posts\/7259\/revisions"}],"predecessor-version":[{"id":7264,"href":"https:\/\/agora.xtec.cat\/ceip-dolorsalmeda-cornella\/wp-json\/wp\/v2\/posts\/7259\/revisions\/7264"}],"wp:featuredmedia":[{"embeddable":true,"href":"https:\/\/agora.xtec.cat\/ceip-dolorsalmeda-cornella\/wp-json\/wp\/v2\/media\/7262"}],"wp:attachment":[{"href":"https:\/\/agora.xtec.cat\/ceip-dolorsalmeda-cornella\/wp-json\/wp\/v2\/media?parent=7259"}],"wp:term":[{"taxonomy":"category","embeddable":true,"href":"https:\/\/agora.xtec.cat\/ceip-dolorsalmeda-cornella\/wp-json\/wp\/v2\/categories?post=7259"},{"taxonomy":"post_tag","embeddable":true,"href":"https:\/\/agora.xtec.cat\/ceip-dolorsalmeda-cornella\/wp-json\/wp\/v2\/tags?post=7259"}],"curies":[{"name":"wp","href":"https:\/\/api.w.org\/{rel}","templated":true}]}}