{"id":7209,"date":"2024-04-11T15:57:35","date_gmt":"2024-04-11T13:57:35","guid":{"rendered":"https:\/\/agora.xtec.cat\/ceip-dolorsalmeda-cornella\/?p=7209"},"modified":"2024-04-11T15:57:35","modified_gmt":"2024-04-11T13:57:35","slug":"2n-dia-a-can-ribas-2","status":"publish","type":"post","link":"https:\/\/agora.xtec.cat\/ceip-dolorsalmeda-cornella\/general\/2n-dia-a-can-ribas-2\/","title":{"rendered":"2n dia a Can Ribas"},"content":{"rendered":"<p>Els infants d&#8217;I5 i 2n estan gaudint molt de l&#8217;entorn que els ofereix Can Ribas i de totes les activitats proposades.<\/p>\n<p>Aquest mat\u00ed, els infants d&#8217;I5 han anat al laberint m\u00e0gic, una activitat l\u00fadica en la qual calia superar diferents proves dins d\u2019un laberint gegant a l\u2019aire lliure. Despr\u00e9s, han descobert\u00a0 els germans Indis on han participat en una gimcana pel bosc per anar a con\u00e8ixer les peculiaritats i difer\u00e8ncies entre les diverses tribus \u00edndies: com es comunicaven, quines t\u00e8cniques feien servir, quines tribus hi coneixen&#8230;<\/p>\n<p>Els infants de 2n han continuat amb la seva volta al m\u00f3n i han dut a terme dues activitats. Un grup ha anat fins a Am\u00e8rica del Nord i ha apr\u00e8s a seguir els rastres tal com s\u2019ho feien els indis per anar a trobar els animals al bosc. Un recorregut pel bosc on han anat descobrint les petjades i altres rastres tant d\u2019animals mediterranis com d\u2019altres continents. L&#8217;altre grup s&#8217;ha endinsat Selva africana visitant una cabana massai per con\u00e8ixer la seva gent i la seva cultura. Despr\u00e9s han apr\u00e8s a construir junts una aut\u00e8ntica cabana Massai, amb fang vermell i aigua.<\/p>\n<p>Despr\u00e9s de dinar, els esperen noves aventures!<\/p>\n\n\t\t<style type=\"text\/css\">\n\t\t\t#gallery-1 {\n\t\t\t\tmargin: auto;\n\t\t\t}\n\t\t\t#gallery-1 .gallery-item {\n\t\t\t\tfloat: left;\n\t\t\t\tmargin-top: 10px;\n\t\t\t\ttext-align: center;\n\t\t\t\twidth: 50%;\n\t\t\t}\n\t\t\t#gallery-1 img {\n\t\t\t\tborder: 2px solid #cfcfcf;\n\t\t\t}\n\t\t\t#gallery-1 .gallery-caption {\n\t\t\t\tmargin-left: 0;\n\t\t\t}\n\t\t\t\/* see gallery_shortcode() in wp-includes\/media.php *\/\n\t\t<\/style>\n\t\t<div id='gallery-1' class='gallery galleryid-7209 gallery-columns-2 gallery-size-medium'><dl class='gallery-item'>\n\t\t\t<dt class='gallery-icon portrait'>\n\t\t\t\t<a href='https:\/\/agora.xtec.cat\/ceip-dolorsalmeda-cornella\/general\/2n-dia-a-can-ribas-2\/attachment\/whatsapp-image-2024-04-11-at-15-55-15-2\/'><img loading=\"lazy\" decoding=\"async\" width=\"225\" height=\"300\" src=\"https:\/\/agora.xtec.cat\/ceip-dolorsalmeda-cornella\/wp-content\/uploads\/usu30\/2024\/04\/WhatsApp-Image-2024-04-11-at-15.55.15-2-225x300.jpeg\" class=\"attachment-medium size-medium\" alt=\"\" srcset=\"https:\/\/agora.xtec.cat\/ceip-dolorsalmeda-cornella\/wp-content\/uploads\/usu30\/2024\/04\/WhatsApp-Image-2024-04-11-at-15.55.15-2-225x300.jpeg 225w, https:\/\/agora.xtec.cat\/ceip-dolorsalmeda-cornella\/wp-content\/uploads\/usu30\/2024\/04\/WhatsApp-Image-2024-04-11-at-15.55.15-2-768x1024.jpeg 768w, https:\/\/agora.xtec.cat\/ceip-dolorsalmeda-cornella\/wp-content\/uploads\/usu30\/2024\/04\/WhatsApp-Image-2024-04-11-at-15.55.15-2-1152x1536.jpeg 1152w, https:\/\/agora.xtec.cat\/ceip-dolorsalmeda-cornella\/wp-content\/uploads\/usu30\/2024\/04\/WhatsApp-Image-2024-04-11-at-15.55.15-2.jpeg 1536w\" sizes=\"auto, (max-width: 225px) 100vw, 225px\" \/><\/a>\n\t\t\t<\/dt><\/dl><dl class='gallery-item'>\n\t\t\t<dt class='gallery-icon portrait'>\n\t\t\t\t<a href='https:\/\/agora.xtec.cat\/ceip-dolorsalmeda-cornella\/general\/2n-dia-a-can-ribas-2\/attachment\/whatsapp-image-2024-04-11-at-15-55-15-1\/'><img loading=\"lazy\" decoding=\"async\" width=\"225\" height=\"300\" src=\"https:\/\/agora.xtec.cat\/ceip-dolorsalmeda-cornella\/wp-content\/uploads\/usu30\/2024\/04\/WhatsApp-Image-2024-04-11-at-15.55.15-1-225x300.jpeg\" class=\"attachment-medium size-medium\" alt=\"\" srcset=\"https:\/\/agora.xtec.cat\/ceip-dolorsalmeda-cornella\/wp-content\/uploads\/usu30\/2024\/04\/WhatsApp-Image-2024-04-11-at-15.55.15-1-225x300.jpeg 225w, https:\/\/agora.xtec.cat\/ceip-dolorsalmeda-cornella\/wp-content\/uploads\/usu30\/2024\/04\/WhatsApp-Image-2024-04-11-at-15.55.15-1-768x1024.jpeg 768w, https:\/\/agora.xtec.cat\/ceip-dolorsalmeda-cornella\/wp-content\/uploads\/usu30\/2024\/04\/WhatsApp-Image-2024-04-11-at-15.55.15-1-1152x1536.jpeg 1152w, https:\/\/agora.xtec.cat\/ceip-dolorsalmeda-cornella\/wp-content\/uploads\/usu30\/2024\/04\/WhatsApp-Image-2024-04-11-at-15.55.15-1.jpeg 1536w\" sizes=\"auto, (max-width: 225px) 100vw, 225px\" \/><\/a>\n\t\t\t<\/dt><\/dl><br style=\"clear: both\" \/><dl class='gallery-item'>\n\t\t\t<dt class='gallery-icon landscape'>\n\t\t\t\t<a href='https:\/\/agora.xtec.cat\/ceip-dolorsalmeda-cornella\/general\/2n-dia-a-can-ribas-2\/attachment\/whatsapp-image-2024-04-11-at-15-55-15\/'><img loading=\"lazy\" decoding=\"async\" width=\"300\" height=\"277\" src=\"https:\/\/agora.xtec.cat\/ceip-dolorsalmeda-cornella\/wp-content\/uploads\/usu30\/2024\/04\/WhatsApp-Image-2024-04-11-at-15.55.15-e1712843847670-300x277.jpeg\" class=\"attachment-medium size-medium\" alt=\"\" srcset=\"https:\/\/agora.xtec.cat\/ceip-dolorsalmeda-cornella\/wp-content\/uploads\/usu30\/2024\/04\/WhatsApp-Image-2024-04-11-at-15.55.15-e1712843847670-300x277.jpeg 300w, https:\/\/agora.xtec.cat\/ceip-dolorsalmeda-cornella\/wp-content\/uploads\/usu30\/2024\/04\/WhatsApp-Image-2024-04-11-at-15.55.15-e1712843847670-1024x944.jpeg 1024w, https:\/\/agora.xtec.cat\/ceip-dolorsalmeda-cornella\/wp-content\/uploads\/usu30\/2024\/04\/WhatsApp-Image-2024-04-11-at-15.55.15-e1712843847670-768x708.jpeg 768w, https:\/\/agora.xtec.cat\/ceip-dolorsalmeda-cornella\/wp-content\/uploads\/usu30\/2024\/04\/WhatsApp-Image-2024-04-11-at-15.55.15-e1712843847670.jpeg 1536w\" sizes=\"auto, (max-width: 300px) 100vw, 300px\" \/><\/a>\n\t\t\t<\/dt><\/dl><dl class='gallery-item'>\n\t\t\t<dt class='gallery-icon portrait'>\n\t\t\t\t<a href='https:\/\/agora.xtec.cat\/ceip-dolorsalmeda-cornella\/general\/2n-dia-a-can-ribas-2\/attachment\/whatsapp-image-2024-04-11-at-15-55-06\/'><img loading=\"lazy\" decoding=\"async\" width=\"225\" height=\"300\" src=\"https:\/\/agora.xtec.cat\/ceip-dolorsalmeda-cornella\/wp-content\/uploads\/usu30\/2024\/04\/WhatsApp-Image-2024-04-11-at-15.55.06-225x300.jpeg\" class=\"attachment-medium size-medium\" alt=\"\" srcset=\"https:\/\/agora.xtec.cat\/ceip-dolorsalmeda-cornella\/wp-content\/uploads\/usu30\/2024\/04\/WhatsApp-Image-2024-04-11-at-15.55.06-225x300.jpeg 225w, https:\/\/agora.xtec.cat\/ceip-dolorsalmeda-cornella\/wp-content\/uploads\/usu30\/2024\/04\/WhatsApp-Image-2024-04-11-at-15.55.06-768x1024.jpeg 768w, https:\/\/agora.xtec.cat\/ceip-dolorsalmeda-cornella\/wp-content\/uploads\/usu30\/2024\/04\/WhatsApp-Image-2024-04-11-at-15.55.06-1152x1536.jpeg 1152w, https:\/\/agora.xtec.cat\/ceip-dolorsalmeda-cornella\/wp-content\/uploads\/usu30\/2024\/04\/WhatsApp-Image-2024-04-11-at-15.55.06.jpeg 1536w\" sizes=\"auto, (max-width: 225px) 100vw, 225px\" \/><\/a>\n\t\t\t<\/dt><\/dl><br style=\"clear: both\" \/>\n\t\t<\/div>\n\n<p>&nbsp;<\/p>\n<p>&nbsp;<\/p>\n","protected":false},"excerpt":{"rendered":"<p>Els infants d&#8217;I5 i 2n estan gaudint molt de l&#8217;entorn que els ofereix Can Ribas i de totes les activitats proposades.<br \/>\nAquest mat\u00ed, els infants d&#8217;I5 han anat al laberint m\u00e0gic, una activitat l\u00fadica en la qual calia superar diferents proves dins d\u2019un laberint gegant a&hellip;  <a href=\"https:\/\/agora.xtec.cat\/ceip-dolorsalmeda-cornella\/general\/2n-dia-a-can-ribas-2\/\" title=\"Read 2n dia a Can Ribas\">Llegeix m\u00e9s\u00bb<\/a><\/p>\n","protected":false},"author":1,"featured_media":7212,"comment_status":"open","ping_status":"closed","sticky":false,"template":"","format":"standard","meta":{"_bbp_topic_count":0,"_bbp_reply_count":0,"_bbp_total_topic_count":0,"_bbp_total_reply_count":0,"_bbp_voice_count":0,"_bbp_anonymous_reply_count":0,"_bbp_topic_count_hidden":0,"_bbp_reply_count_hidden":0,"_bbp_forum_subforum_count":0,"footnotes":""},"categories":[11,1,9,2,4,5],"tags":[141],"class_list":["post-7209","post","type-post","status-publish","format-standard","has-post-thumbnail","hentry","category-2n","category-general","category-i5","category-infantil","category-portada","category-primaria","tag-colonies"],"post_mailing_queue_ids":[],"_links":{"self":[{"href":"https:\/\/agora.xtec.cat\/ceip-dolorsalmeda-cornella\/wp-json\/wp\/v2\/posts\/7209","targetHints":{"allow":["GET"]}}],"collection":[{"href":"https:\/\/agora.xtec.cat\/ceip-dolorsalmeda-cornella\/wp-json\/wp\/v2\/posts"}],"about":[{"href":"https:\/\/agora.xtec.cat\/ceip-dolorsalmeda-cornella\/wp-json\/wp\/v2\/types\/post"}],"author":[{"embeddable":true,"href":"https:\/\/agora.xtec.cat\/ceip-dolorsalmeda-cornella\/wp-json\/wp\/v2\/users\/1"}],"replies":[{"embeddable":true,"href":"https:\/\/agora.xtec.cat\/ceip-dolorsalmeda-cornella\/wp-json\/wp\/v2\/comments?post=7209"}],"version-history":[{"count":1,"href":"https:\/\/agora.xtec.cat\/ceip-dolorsalmeda-cornella\/wp-json\/wp\/v2\/posts\/7209\/revisions"}],"predecessor-version":[{"id":7214,"href":"https:\/\/agora.xtec.cat\/ceip-dolorsalmeda-cornella\/wp-json\/wp\/v2\/posts\/7209\/revisions\/7214"}],"wp:featuredmedia":[{"embeddable":true,"href":"https:\/\/agora.xtec.cat\/ceip-dolorsalmeda-cornella\/wp-json\/wp\/v2\/media\/7212"}],"wp:attachment":[{"href":"https:\/\/agora.xtec.cat\/ceip-dolorsalmeda-cornella\/wp-json\/wp\/v2\/media?parent=7209"}],"wp:term":[{"taxonomy":"category","embeddable":true,"href":"https:\/\/agora.xtec.cat\/ceip-dolorsalmeda-cornella\/wp-json\/wp\/v2\/categories?post=7209"},{"taxonomy":"post_tag","embeddable":true,"href":"https:\/\/agora.xtec.cat\/ceip-dolorsalmeda-cornella\/wp-json\/wp\/v2\/tags?post=7209"}],"curies":[{"name":"wp","href":"https:\/\/api.w.org\/{rel}","templated":true}]}}