{"id":720,"date":"2017-10-19T12:39:59","date_gmt":"2017-10-19T10:39:59","guid":{"rendered":"http:\/\/agora.xtec.cat\/ceip-dolorsalmeda-cornella\/?p=720"},"modified":"2017-12-19T22:51:51","modified_gmt":"2017-12-19T21:51:51","slug":"tallers-de-plastica","status":"publish","type":"post","link":"https:\/\/agora.xtec.cat\/ceip-dolorsalmeda-cornella\/general\/tallers-de-plastica\/","title":{"rendered":"Tallers de pl\u00e0stica"},"content":{"rendered":"<p style=\"text-align: center;\"><a href=\"http:\/\/agora.xtec.cat\/ceip-dolorsalmeda-cornella\/wp-content\/uploads\/usu30\/2017\/12\/COSTURA.jpg\"><img loading=\"lazy\" decoding=\"async\" class=\"alignnone size-full wp-image-721\" src=\"http:\/\/agora.xtec.cat\/ceip-dolorsalmeda-cornella\/wp-content\/uploads\/usu30\/2017\/12\/COSTURA.jpg\" alt=\"\" width=\"320\" height=\"240\" srcset=\"https:\/\/agora.xtec.cat\/ceip-dolorsalmeda-cornella\/wp-content\/uploads\/usu30\/2017\/12\/COSTURA.jpg 320w, https:\/\/agora.xtec.cat\/ceip-dolorsalmeda-cornella\/wp-content\/uploads\/usu30\/2017\/12\/COSTURA-300x225.jpg 300w, https:\/\/agora.xtec.cat\/ceip-dolorsalmeda-cornella\/wp-content\/uploads\/usu30\/2017\/12\/COSTURA-200x150.jpg 200w\" sizes=\"auto, (max-width: 320px) 100vw, 320px\" \/><\/a><\/p>\n<p style=\"text-align: justify;\">Aquest curs, el cicle inicial, juntament amb tercer, inicien els tallers de pl\u00e0stica. Durant un trimestre, els infants de 1r, 2n i 3r es trobaran en diferents tallers barrejats i podran descobrir alguna de les seg\u00fcents t\u00e8cniques: modelatge, pintura, costura, t\u00e8cniques diverses, estampaci\u00f3, collage, volum, art i literatura i dibuix. La tarda del dimarts \u00e9s un moment molt esperat!<\/p>\n","protected":false},"excerpt":{"rendered":"<p><a href=\"http:\/\/agora.xtec.cat\/ceip-dolorsalmeda-cornella\/wp-content\/uploads\/usu30\/2017\/12\/COSTURA.jpg\"><\/a><br \/>\nAquest curs, el cicle inicial, juntament amb tercer, inicien els tallers de pl\u00e0stica. Durant un trimestre, els infants de 1r, 2n i 3r es trobaran en diferents tallers barrejats i podran descobrir alguna de les seg\u00fcents t\u00e8cniques: modelatge, pintura, costura, t\u00e8cniques diverses, estampaci\u00f3, collage,&hellip;  <a href=\"https:\/\/agora.xtec.cat\/ceip-dolorsalmeda-cornella\/general\/tallers-de-plastica\/\" title=\"Read Tallers de pl\u00e0stica\">Llegeix m\u00e9s\u00bb<\/a><\/p>\n","protected":false},"author":1,"featured_media":0,"comment_status":"open","ping_status":"closed","sticky":false,"template":"","format":"standard","meta":{"_bbp_topic_count":0,"_bbp_reply_count":0,"_bbp_total_topic_count":0,"_bbp_total_reply_count":0,"_bbp_voice_count":0,"_bbp_anonymous_reply_count":0,"_bbp_topic_count_hidden":0,"_bbp_reply_count_hidden":0,"_bbp_forum_subforum_count":0,"footnotes":""},"categories":[10,11,12,1,4,5],"tags":[17],"class_list":["post-720","post","type-post","status-publish","format-standard","hentry","category-1r","category-2n","category-3r","category-general","category-portada","category-primaria","tag-plastica"],"post_mailing_queue_ids":[],"_links":{"self":[{"href":"https:\/\/agora.xtec.cat\/ceip-dolorsalmeda-cornella\/wp-json\/wp\/v2\/posts\/720","targetHints":{"allow":["GET"]}}],"collection":[{"href":"https:\/\/agora.xtec.cat\/ceip-dolorsalmeda-cornella\/wp-json\/wp\/v2\/posts"}],"about":[{"href":"https:\/\/agora.xtec.cat\/ceip-dolorsalmeda-cornella\/wp-json\/wp\/v2\/types\/post"}],"author":[{"embeddable":true,"href":"https:\/\/agora.xtec.cat\/ceip-dolorsalmeda-cornella\/wp-json\/wp\/v2\/users\/1"}],"replies":[{"embeddable":true,"href":"https:\/\/agora.xtec.cat\/ceip-dolorsalmeda-cornella\/wp-json\/wp\/v2\/comments?post=720"}],"version-history":[{"count":3,"href":"https:\/\/agora.xtec.cat\/ceip-dolorsalmeda-cornella\/wp-json\/wp\/v2\/posts\/720\/revisions"}],"predecessor-version":[{"id":780,"href":"https:\/\/agora.xtec.cat\/ceip-dolorsalmeda-cornella\/wp-json\/wp\/v2\/posts\/720\/revisions\/780"}],"wp:attachment":[{"href":"https:\/\/agora.xtec.cat\/ceip-dolorsalmeda-cornella\/wp-json\/wp\/v2\/media?parent=720"}],"wp:term":[{"taxonomy":"category","embeddable":true,"href":"https:\/\/agora.xtec.cat\/ceip-dolorsalmeda-cornella\/wp-json\/wp\/v2\/categories?post=720"},{"taxonomy":"post_tag","embeddable":true,"href":"https:\/\/agora.xtec.cat\/ceip-dolorsalmeda-cornella\/wp-json\/wp\/v2\/tags?post=720"}],"curies":[{"name":"wp","href":"https:\/\/api.w.org\/{rel}","templated":true}]}}