{"id":7198,"date":"2024-04-10T19:04:31","date_gmt":"2024-04-10T17:04:31","guid":{"rendered":"https:\/\/agora.xtec.cat\/ceip-dolorsalmeda-cornella\/?p=7198"},"modified":"2024-04-10T19:06:00","modified_gmt":"2024-04-10T17:06:00","slug":"piscina-a-ci","status":"publish","type":"post","link":"https:\/\/agora.xtec.cat\/ceip-dolorsalmeda-cornella\/general\/piscina-a-ci\/","title":{"rendered":"Piscina a CI"},"content":{"rendered":"<p>Aquest trimestre els infants de de Cicle inicial han comen\u00e7at l\u2019activitat de piscina en horari escolar. Es desenvolupa un cop per setmana al mat\u00ed del 3r trimestre en una de les dues sessions d\u2019Educaci\u00f3 F\u00edsica al Poliesportiu de Can Mercader.\u00a0 \ud83d\udca6<\/p>\n<p>Amb aquesta proposta es cerquen diferents objectius: familiaritzaci\u00f3 i adaptaci\u00f3 al medi aqu\u00e0tic, domini del propi cos i de despla\u00e7aments aix\u00ed com iniciaci\u00f3 a la t\u00e8cnica dels diferents estils. \ud83c\udfca\ud83c\udffb\u200d\u2640\ufe0f<\/p>\n<p>Els infants de primer ho estan gaudint molt i els infants de segon ja s\u00f3n quasi experts, ja que \u00e9s el segon curs que hi van!\ud83d\ude00<\/p>\n\n\t\t<style type=\"text\/css\">\n\t\t\t#gallery-1 {\n\t\t\t\tmargin: auto;\n\t\t\t}\n\t\t\t#gallery-1 .gallery-item {\n\t\t\t\tfloat: left;\n\t\t\t\tmargin-top: 10px;\n\t\t\t\ttext-align: center;\n\t\t\t\twidth: 33%;\n\t\t\t}\n\t\t\t#gallery-1 img {\n\t\t\t\tborder: 2px solid #cfcfcf;\n\t\t\t}\n\t\t\t#gallery-1 .gallery-caption {\n\t\t\t\tmargin-left: 0;\n\t\t\t}\n\t\t\t\/* see gallery_shortcode() in wp-includes\/media.php *\/\n\t\t<\/style>\n\t\t<div id='gallery-1' class='gallery galleryid-7198 gallery-columns-3 gallery-size-medium'><dl class='gallery-item'>\n\t\t\t<dt class='gallery-icon landscape'>\n\t\t\t\t<a href='https:\/\/agora.xtec.cat\/ceip-dolorsalmeda-cornella\/general\/piscina-a-ci\/attachment\/whatsapp-image-2024-04-10-at-19-01-20-2\/'><img loading=\"lazy\" decoding=\"async\" width=\"300\" height=\"225\" src=\"https:\/\/agora.xtec.cat\/ceip-dolorsalmeda-cornella\/wp-content\/uploads\/usu30\/2024\/04\/WhatsApp-Image-2024-04-10-at-19.01.20-2-300x225.jpeg\" class=\"attachment-medium size-medium\" alt=\"\" srcset=\"https:\/\/agora.xtec.cat\/ceip-dolorsalmeda-cornella\/wp-content\/uploads\/usu30\/2024\/04\/WhatsApp-Image-2024-04-10-at-19.01.20-2-300x225.jpeg 300w, https:\/\/agora.xtec.cat\/ceip-dolorsalmeda-cornella\/wp-content\/uploads\/usu30\/2024\/04\/WhatsApp-Image-2024-04-10-at-19.01.20-2-1024x768.jpeg 1024w, https:\/\/agora.xtec.cat\/ceip-dolorsalmeda-cornella\/wp-content\/uploads\/usu30\/2024\/04\/WhatsApp-Image-2024-04-10-at-19.01.20-2-768x576.jpeg 768w, https:\/\/agora.xtec.cat\/ceip-dolorsalmeda-cornella\/wp-content\/uploads\/usu30\/2024\/04\/WhatsApp-Image-2024-04-10-at-19.01.20-2-200x150.jpeg 200w, https:\/\/agora.xtec.cat\/ceip-dolorsalmeda-cornella\/wp-content\/uploads\/usu30\/2024\/04\/WhatsApp-Image-2024-04-10-at-19.01.20-2.jpeg 1200w\" sizes=\"auto, (max-width: 300px) 100vw, 300px\" \/><\/a>\n\t\t\t<\/dt><\/dl><dl class='gallery-item'>\n\t\t\t<dt class='gallery-icon landscape'>\n\t\t\t\t<a href='https:\/\/agora.xtec.cat\/ceip-dolorsalmeda-cornella\/general\/piscina-a-ci\/attachment\/whatsapp-image-2024-04-10-at-19-01-20-1\/'><img loading=\"lazy\" decoding=\"async\" width=\"300\" height=\"225\" src=\"https:\/\/agora.xtec.cat\/ceip-dolorsalmeda-cornella\/wp-content\/uploads\/usu30\/2024\/04\/WhatsApp-Image-2024-04-10-at-19.01.20-1-300x225.jpeg\" class=\"attachment-medium size-medium\" alt=\"\" srcset=\"https:\/\/agora.xtec.cat\/ceip-dolorsalmeda-cornella\/wp-content\/uploads\/usu30\/2024\/04\/WhatsApp-Image-2024-04-10-at-19.01.20-1-300x225.jpeg 300w, https:\/\/agora.xtec.cat\/ceip-dolorsalmeda-cornella\/wp-content\/uploads\/usu30\/2024\/04\/WhatsApp-Image-2024-04-10-at-19.01.20-1-1024x768.jpeg 1024w, https:\/\/agora.xtec.cat\/ceip-dolorsalmeda-cornella\/wp-content\/uploads\/usu30\/2024\/04\/WhatsApp-Image-2024-04-10-at-19.01.20-1-768x576.jpeg 768w, https:\/\/agora.xtec.cat\/ceip-dolorsalmeda-cornella\/wp-content\/uploads\/usu30\/2024\/04\/WhatsApp-Image-2024-04-10-at-19.01.20-1-200x150.jpeg 200w, https:\/\/agora.xtec.cat\/ceip-dolorsalmeda-cornella\/wp-content\/uploads\/usu30\/2024\/04\/WhatsApp-Image-2024-04-10-at-19.01.20-1.jpeg 1200w\" sizes=\"auto, (max-width: 300px) 100vw, 300px\" \/><\/a>\n\t\t\t<\/dt><\/dl><dl class='gallery-item'>\n\t\t\t<dt class='gallery-icon landscape'>\n\t\t\t\t<a href='https:\/\/agora.xtec.cat\/ceip-dolorsalmeda-cornella\/general\/piscina-a-ci\/attachment\/whatsapp-image-2024-04-10-at-19-01-20\/'><img loading=\"lazy\" decoding=\"async\" width=\"300\" height=\"225\" src=\"https:\/\/agora.xtec.cat\/ceip-dolorsalmeda-cornella\/wp-content\/uploads\/usu30\/2024\/04\/WhatsApp-Image-2024-04-10-at-19.01.20-300x225.jpeg\" class=\"attachment-medium size-medium\" alt=\"\" srcset=\"https:\/\/agora.xtec.cat\/ceip-dolorsalmeda-cornella\/wp-content\/uploads\/usu30\/2024\/04\/WhatsApp-Image-2024-04-10-at-19.01.20-300x225.jpeg 300w, https:\/\/agora.xtec.cat\/ceip-dolorsalmeda-cornella\/wp-content\/uploads\/usu30\/2024\/04\/WhatsApp-Image-2024-04-10-at-19.01.20-1024x768.jpeg 1024w, https:\/\/agora.xtec.cat\/ceip-dolorsalmeda-cornella\/wp-content\/uploads\/usu30\/2024\/04\/WhatsApp-Image-2024-04-10-at-19.01.20-768x576.jpeg 768w, https:\/\/agora.xtec.cat\/ceip-dolorsalmeda-cornella\/wp-content\/uploads\/usu30\/2024\/04\/WhatsApp-Image-2024-04-10-at-19.01.20-200x150.jpeg 200w, https:\/\/agora.xtec.cat\/ceip-dolorsalmeda-cornella\/wp-content\/uploads\/usu30\/2024\/04\/WhatsApp-Image-2024-04-10-at-19.01.20.jpeg 1200w\" sizes=\"auto, (max-width: 300px) 100vw, 300px\" \/><\/a>\n\t\t\t<\/dt><\/dl><br style=\"clear: both\" \/>\n\t\t<\/div>\n\n","protected":false},"excerpt":{"rendered":"<p>Aquest trimestre els infants de de Cicle inicial han comen\u00e7at l\u2019activitat de piscina en horari escolar. Es desenvolupa un cop per setmana al mat\u00ed del 3r trimestre en una de les dues sessions d\u2019Educaci\u00f3 F\u00edsica al Poliesportiu de Can Mercader.\u00a0 \ud83d\udca6<br \/>\nAmb aquesta proposta es cerquen&hellip;  <a href=\"https:\/\/agora.xtec.cat\/ceip-dolorsalmeda-cornella\/general\/piscina-a-ci\/\" title=\"Read Piscina a CI\">Llegeix m\u00e9s\u00bb<\/a><\/p>\n","protected":false},"author":1,"featured_media":7201,"comment_status":"open","ping_status":"closed","sticky":false,"template":"","format":"standard","meta":{"_bbp_topic_count":0,"_bbp_reply_count":0,"_bbp_total_topic_count":0,"_bbp_total_reply_count":0,"_bbp_voice_count":0,"_bbp_anonymous_reply_count":0,"_bbp_topic_count_hidden":0,"_bbp_reply_count_hidden":0,"_bbp_forum_subforum_count":0,"footnotes":""},"categories":[10,11,1,4,5],"tags":[350],"class_list":["post-7198","post","type-post","status-publish","format-standard","has-post-thumbnail","hentry","category-1r","category-2n","category-general","category-portada","category-primaria","tag-piscina"],"post_mailing_queue_ids":[],"_links":{"self":[{"href":"https:\/\/agora.xtec.cat\/ceip-dolorsalmeda-cornella\/wp-json\/wp\/v2\/posts\/7198","targetHints":{"allow":["GET"]}}],"collection":[{"href":"https:\/\/agora.xtec.cat\/ceip-dolorsalmeda-cornella\/wp-json\/wp\/v2\/posts"}],"about":[{"href":"https:\/\/agora.xtec.cat\/ceip-dolorsalmeda-cornella\/wp-json\/wp\/v2\/types\/post"}],"author":[{"embeddable":true,"href":"https:\/\/agora.xtec.cat\/ceip-dolorsalmeda-cornella\/wp-json\/wp\/v2\/users\/1"}],"replies":[{"embeddable":true,"href":"https:\/\/agora.xtec.cat\/ceip-dolorsalmeda-cornella\/wp-json\/wp\/v2\/comments?post=7198"}],"version-history":[{"count":1,"href":"https:\/\/agora.xtec.cat\/ceip-dolorsalmeda-cornella\/wp-json\/wp\/v2\/posts\/7198\/revisions"}],"predecessor-version":[{"id":7202,"href":"https:\/\/agora.xtec.cat\/ceip-dolorsalmeda-cornella\/wp-json\/wp\/v2\/posts\/7198\/revisions\/7202"}],"wp:featuredmedia":[{"embeddable":true,"href":"https:\/\/agora.xtec.cat\/ceip-dolorsalmeda-cornella\/wp-json\/wp\/v2\/media\/7201"}],"wp:attachment":[{"href":"https:\/\/agora.xtec.cat\/ceip-dolorsalmeda-cornella\/wp-json\/wp\/v2\/media?parent=7198"}],"wp:term":[{"taxonomy":"category","embeddable":true,"href":"https:\/\/agora.xtec.cat\/ceip-dolorsalmeda-cornella\/wp-json\/wp\/v2\/categories?post=7198"},{"taxonomy":"post_tag","embeddable":true,"href":"https:\/\/agora.xtec.cat\/ceip-dolorsalmeda-cornella\/wp-json\/wp\/v2\/tags?post=7198"}],"curies":[{"name":"wp","href":"https:\/\/api.w.org\/{rel}","templated":true}]}}