{"id":7164,"date":"2024-04-02T13:55:23","date_gmt":"2024-04-02T11:55:23","guid":{"rendered":"https:\/\/agora.xtec.cat\/ceip-dolorsalmeda-cornella\/?p=7164"},"modified":"2024-04-02T19:08:34","modified_gmt":"2024-04-02T17:08:34","slug":"observatori-del-garraf","status":"publish","type":"post","link":"https:\/\/agora.xtec.cat\/ceip-dolorsalmeda-cornella\/general\/observatori-del-garraf\/","title":{"rendered":"Observatori de Garraf"},"content":{"rendered":"<p>Com a cloenda del projecte de l&#8217;Univers, els infants de 2n van anar a visitar l&#8217;Observatori del Garraf que est\u00e0 ubicat al municipi d&#8217;Olivella. All\u00e0 van poder veure el cel amb el planetari on els hi van explicar els planetes i les estrelles m\u00e9s importants, tamb\u00e9 els hi van explicar la hist\u00f2ria de les constel\u00b7lacions; vam passejar pel camp i van veure el Sistema Solar a escala; a trav\u00e9s de dos telescopis van poder fer l&#8217;observaci\u00f3 del Sol, i amb filtres especials van poder mirar al Sol; van veure la nau Apol\u00b7lo 11 a escala. Aquesta nau va ser la que va alunitzar a la lluna.<\/p>\n<p>Va ser una sortida molt interessant i la van gaudir molt!!<\/p>\n\n\t\t<style type=\"text\/css\">\n\t\t\t#gallery-1 {\n\t\t\t\tmargin: auto;\n\t\t\t}\n\t\t\t#gallery-1 .gallery-item {\n\t\t\t\tfloat: left;\n\t\t\t\tmargin-top: 10px;\n\t\t\t\ttext-align: center;\n\t\t\t\twidth: 20%;\n\t\t\t}\n\t\t\t#gallery-1 img {\n\t\t\t\tborder: 2px solid #cfcfcf;\n\t\t\t}\n\t\t\t#gallery-1 .gallery-caption {\n\t\t\t\tmargin-left: 0;\n\t\t\t}\n\t\t\t\/* see gallery_shortcode() in wp-includes\/media.php *\/\n\t\t<\/style>\n\t\t<div id='gallery-1' class='gallery galleryid-7164 gallery-columns-5 gallery-size-thumbnail'><dl class='gallery-item'>\n\t\t\t<dt class='gallery-icon portrait'>\n\t\t\t\t<a href='https:\/\/agora.xtec.cat\/ceip-dolorsalmeda-cornella\/general\/observatori-del-garraf\/attachment\/photo-2024-04-02-14-35-53\/'><img loading=\"lazy\" decoding=\"async\" width=\"150\" height=\"150\" src=\"https:\/\/agora.xtec.cat\/ceip-dolorsalmeda-cornella\/wp-content\/uploads\/usu30\/2024\/04\/PHOTO-2024-04-02-14-35-53-150x150.jpg\" class=\"attachment-thumbnail size-thumbnail\" alt=\"\" \/><\/a>\n\t\t\t<\/dt><\/dl><dl class='gallery-item'>\n\t\t\t<dt class='gallery-icon portrait'>\n\t\t\t\t<a href='https:\/\/agora.xtec.cat\/ceip-dolorsalmeda-cornella\/general\/observatori-del-garraf\/attachment\/photo-2024-04-02-14-35-55\/'><img loading=\"lazy\" decoding=\"async\" width=\"150\" height=\"150\" src=\"https:\/\/agora.xtec.cat\/ceip-dolorsalmeda-cornella\/wp-content\/uploads\/usu30\/2024\/04\/PHOTO-2024-04-02-14-35-55-150x150.jpg\" class=\"attachment-thumbnail size-thumbnail\" alt=\"\" \/><\/a>\n\t\t\t<\/dt><\/dl><dl class='gallery-item'>\n\t\t\t<dt class='gallery-icon portrait'>\n\t\t\t\t<a href='https:\/\/agora.xtec.cat\/ceip-dolorsalmeda-cornella\/general\/observatori-del-garraf\/attachment\/432302b2-cb0a-480f-b133-5e421b5a6b21\/'><img loading=\"lazy\" decoding=\"async\" width=\"150\" height=\"150\" src=\"https:\/\/agora.xtec.cat\/ceip-dolorsalmeda-cornella\/wp-content\/uploads\/usu30\/2024\/04\/432302B2-CB0A-480F-B133-5E421B5A6B21-150x150.jpg\" class=\"attachment-thumbnail size-thumbnail\" alt=\"\" \/><\/a>\n\t\t\t<\/dt><\/dl><dl class='gallery-item'>\n\t\t\t<dt class='gallery-icon landscape'>\n\t\t\t\t<a href='https:\/\/agora.xtec.cat\/ceip-dolorsalmeda-cornella\/general\/observatori-del-garraf\/attachment\/img_20240311_131540\/'><img loading=\"lazy\" decoding=\"async\" width=\"150\" height=\"150\" src=\"https:\/\/agora.xtec.cat\/ceip-dolorsalmeda-cornella\/wp-content\/uploads\/usu30\/2024\/04\/IMG_20240311_131540-150x150.jpg\" class=\"attachment-thumbnail size-thumbnail\" alt=\"\" \/><\/a>\n\t\t\t<\/dt><\/dl><dl class='gallery-item'>\n\t\t\t<dt class='gallery-icon landscape'>\n\t\t\t\t<a href='https:\/\/agora.xtec.cat\/ceip-dolorsalmeda-cornella\/general\/observatori-del-garraf\/attachment\/img_20240311_105216\/'><img loading=\"lazy\" decoding=\"async\" width=\"150\" height=\"150\" src=\"https:\/\/agora.xtec.cat\/ceip-dolorsalmeda-cornella\/wp-content\/uploads\/usu30\/2024\/04\/IMG_20240311_105216-150x150.jpg\" class=\"attachment-thumbnail size-thumbnail\" alt=\"\" \/><\/a>\n\t\t\t<\/dt><\/dl><br style=\"clear: both\" \/>\n\t\t<\/div>\n\n<p>!<\/p>\n<p>&nbsp;<\/p>\n","protected":false},"excerpt":{"rendered":"<p>Com a cloenda del projecte de l&#8217;Univers, els infants de 2n van anar a visitar l&#8217;Observatori del Garraf que est\u00e0 ubicat al municipi d&#8217;Olivella. All\u00e0 van poder veure el cel amb el planetari on els hi van explicar els planetes i les estrelles m\u00e9s importants,&hellip;  <a href=\"https:\/\/agora.xtec.cat\/ceip-dolorsalmeda-cornella\/general\/observatori-del-garraf\/\" title=\"Read Observatori de Garraf\">Llegeix m\u00e9s\u00bb<\/a><\/p>\n","protected":false},"author":1,"featured_media":7168,"comment_status":"closed","ping_status":"closed","sticky":false,"template":"","format":"standard","meta":{"_bbp_topic_count":0,"_bbp_reply_count":0,"_bbp_total_topic_count":0,"_bbp_total_reply_count":0,"_bbp_voice_count":0,"_bbp_anonymous_reply_count":0,"_bbp_topic_count_hidden":0,"_bbp_reply_count_hidden":0,"_bbp_forum_subforum_count":0,"footnotes":""},"categories":[11,1,4],"tags":[321,314,421,420,73,113],"class_list":["post-7164","post","type-post","status-publish","format-standard","has-post-thumbnail","hentry","category-2n","category-general","category-portada","tag-2n","tag-cicle-incial","tag-obse","tag-planetes","tag-projecte","tag-sortida"],"post_mailing_queue_ids":[],"_links":{"self":[{"href":"https:\/\/agora.xtec.cat\/ceip-dolorsalmeda-cornella\/wp-json\/wp\/v2\/posts\/7164","targetHints":{"allow":["GET"]}}],"collection":[{"href":"https:\/\/agora.xtec.cat\/ceip-dolorsalmeda-cornella\/wp-json\/wp\/v2\/posts"}],"about":[{"href":"https:\/\/agora.xtec.cat\/ceip-dolorsalmeda-cornella\/wp-json\/wp\/v2\/types\/post"}],"author":[{"embeddable":true,"href":"https:\/\/agora.xtec.cat\/ceip-dolorsalmeda-cornella\/wp-json\/wp\/v2\/users\/1"}],"replies":[{"embeddable":true,"href":"https:\/\/agora.xtec.cat\/ceip-dolorsalmeda-cornella\/wp-json\/wp\/v2\/comments?post=7164"}],"version-history":[{"count":4,"href":"https:\/\/agora.xtec.cat\/ceip-dolorsalmeda-cornella\/wp-json\/wp\/v2\/posts\/7164\/revisions"}],"predecessor-version":[{"id":7173,"href":"https:\/\/agora.xtec.cat\/ceip-dolorsalmeda-cornella\/wp-json\/wp\/v2\/posts\/7164\/revisions\/7173"}],"wp:featuredmedia":[{"embeddable":true,"href":"https:\/\/agora.xtec.cat\/ceip-dolorsalmeda-cornella\/wp-json\/wp\/v2\/media\/7168"}],"wp:attachment":[{"href":"https:\/\/agora.xtec.cat\/ceip-dolorsalmeda-cornella\/wp-json\/wp\/v2\/media?parent=7164"}],"wp:term":[{"taxonomy":"category","embeddable":true,"href":"https:\/\/agora.xtec.cat\/ceip-dolorsalmeda-cornella\/wp-json\/wp\/v2\/categories?post=7164"},{"taxonomy":"post_tag","embeddable":true,"href":"https:\/\/agora.xtec.cat\/ceip-dolorsalmeda-cornella\/wp-json\/wp\/v2\/tags?post=7164"}],"curies":[{"name":"wp","href":"https:\/\/api.w.org\/{rel}","templated":true}]}}