{"id":701,"date":"2017-12-10T19:19:49","date_gmt":"2017-12-10T18:19:49","guid":{"rendered":"http:\/\/agora.xtec.cat\/ceip-dolorsalmeda-cornella\/?p=701"},"modified":"2017-12-10T19:22:40","modified_gmt":"2017-12-10T18:22:40","slug":"visitem-el-parlament-de-catalunya-i-lantiga-barcino","status":"publish","type":"post","link":"https:\/\/agora.xtec.cat\/ceip-dolorsalmeda-cornella\/general\/visitem-el-parlament-de-catalunya-i-lantiga-barcino\/","title":{"rendered":"Visitem el Parlament de Catalunya i l&#8217;antiga Barcino"},"content":{"rendered":"<p>El passat dimarts 5 de desembre, els\/les alumnes de 5\u00e8 hem anat a Barcelona a visitar el Parlament de Catalunya.<\/p>\n<p>Per\u00f2 hem aprofitat per fer una bona passejada pel centre de Barcelona: hem pogut veure de prop la Fira de Santa Ll\u00facia i \u00a0la Catedral de Barcelona. Posteriorment hem pogut visitar el seu claustre i ens hem dirigit cap a la pla\u00e7a Sant Jaume per a con\u00e8ixer els edificis de la Generalitat i l&#8217;Ajuntament. No ens pod\u00edem saltar la visita a les restes romanes del Temple d&#8217;August ni els exteriors de Santa Mar\u00eda del Mar. En el nostre recorregut hem pogut descobrir quina \u00e9s la botiga m\u00e9s antiga de Barcelona i les restes romanes descobertes a l&#8217;antic mercat del Born. Finalment hem visitat el Parlament de Catalunya i hem ampliat els continguts treballats a l&#8217;aula. Ha estat genial!!<\/p>\n<p><a href=\"http:\/\/agora.xtec.cat\/ceip-dolorsalmeda-cornella\/wp-content\/uploads\/usu30\/2017\/12\/P1060859.jpg\"><img loading=\"lazy\" decoding=\"async\" class=\"alignnone  wp-image-702\" src=\"http:\/\/agora.xtec.cat\/ceip-dolorsalmeda-cornella\/wp-content\/uploads\/usu30\/2017\/12\/P1060859-1024x768.jpg\" alt=\"\" width=\"668\" height=\"501\" srcset=\"https:\/\/agora.xtec.cat\/ceip-dolorsalmeda-cornella\/wp-content\/uploads\/usu30\/2017\/12\/P1060859-1024x768.jpg 1024w, https:\/\/agora.xtec.cat\/ceip-dolorsalmeda-cornella\/wp-content\/uploads\/usu30\/2017\/12\/P1060859-300x225.jpg 300w, https:\/\/agora.xtec.cat\/ceip-dolorsalmeda-cornella\/wp-content\/uploads\/usu30\/2017\/12\/P1060859-768x576.jpg 768w, https:\/\/agora.xtec.cat\/ceip-dolorsalmeda-cornella\/wp-content\/uploads\/usu30\/2017\/12\/P1060859-200x150.jpg 200w, https:\/\/agora.xtec.cat\/ceip-dolorsalmeda-cornella\/wp-content\/uploads\/usu30\/2017\/12\/P1060859.jpg 2000w\" sizes=\"auto, (max-width: 668px) 100vw, 668px\" \/><\/a><\/p>\n<p><a href=\"https:\/\/photos.app.goo.gl\/0SCZxfWzvbE2e1F23\" target=\"_blank\" rel=\"noopener noreferrer\">M\u00e9s imatges.<\/a><\/p>\n","protected":false},"excerpt":{"rendered":"<p>El passat dimarts 5 de desembre, els\/les alumnes de 5\u00e8 hem anat a Barcelona a visitar el Parlament de Catalunya.<br \/>\nPer\u00f2 hem aprofitat per fer una bona passejada pel centre de Barcelona: hem pogut veure de prop la Fira de Santa Ll\u00facia i \u00a0la Catedral de&hellip;  <a href=\"https:\/\/agora.xtec.cat\/ceip-dolorsalmeda-cornella\/general\/visitem-el-parlament-de-catalunya-i-lantiga-barcino\/\" title=\"Read Visitem el Parlament de Catalunya i l&#8217;antiga Barcino\">Llegeix m\u00e9s\u00bb<\/a><\/p>\n","protected":false},"author":3,"featured_media":702,"comment_status":"open","ping_status":"closed","sticky":false,"template":"","format":"standard","meta":{"_bbp_topic_count":0,"_bbp_reply_count":0,"_bbp_total_topic_count":0,"_bbp_total_reply_count":0,"_bbp_voice_count":0,"_bbp_anonymous_reply_count":0,"_bbp_topic_count_hidden":0,"_bbp_reply_count_hidden":0,"_bbp_forum_subforum_count":0,"footnotes":""},"categories":[14,1,4],"tags":[66,16],"class_list":["post-701","post","type-post","status-publish","format-standard","has-post-thumbnail","hentry","category-5e","category-general","category-portada","tag-5e","tag-sortides"],"post_mailing_queue_ids":[],"_links":{"self":[{"href":"https:\/\/agora.xtec.cat\/ceip-dolorsalmeda-cornella\/wp-json\/wp\/v2\/posts\/701","targetHints":{"allow":["GET"]}}],"collection":[{"href":"https:\/\/agora.xtec.cat\/ceip-dolorsalmeda-cornella\/wp-json\/wp\/v2\/posts"}],"about":[{"href":"https:\/\/agora.xtec.cat\/ceip-dolorsalmeda-cornella\/wp-json\/wp\/v2\/types\/post"}],"author":[{"embeddable":true,"href":"https:\/\/agora.xtec.cat\/ceip-dolorsalmeda-cornella\/wp-json\/wp\/v2\/users\/3"}],"replies":[{"embeddable":true,"href":"https:\/\/agora.xtec.cat\/ceip-dolorsalmeda-cornella\/wp-json\/wp\/v2\/comments?post=701"}],"version-history":[{"count":2,"href":"https:\/\/agora.xtec.cat\/ceip-dolorsalmeda-cornella\/wp-json\/wp\/v2\/posts\/701\/revisions"}],"predecessor-version":[{"id":704,"href":"https:\/\/agora.xtec.cat\/ceip-dolorsalmeda-cornella\/wp-json\/wp\/v2\/posts\/701\/revisions\/704"}],"wp:featuredmedia":[{"embeddable":true,"href":"https:\/\/agora.xtec.cat\/ceip-dolorsalmeda-cornella\/wp-json\/wp\/v2\/media\/702"}],"wp:attachment":[{"href":"https:\/\/agora.xtec.cat\/ceip-dolorsalmeda-cornella\/wp-json\/wp\/v2\/media?parent=701"}],"wp:term":[{"taxonomy":"category","embeddable":true,"href":"https:\/\/agora.xtec.cat\/ceip-dolorsalmeda-cornella\/wp-json\/wp\/v2\/categories?post=701"},{"taxonomy":"post_tag","embeddable":true,"href":"https:\/\/agora.xtec.cat\/ceip-dolorsalmeda-cornella\/wp-json\/wp\/v2\/tags?post=701"}],"curies":[{"name":"wp","href":"https:\/\/api.w.org\/{rel}","templated":true}]}}