{"id":6813,"date":"2024-02-08T13:41:12","date_gmt":"2024-02-08T12:41:12","guid":{"rendered":"https:\/\/agora.xtec.cat\/ceip-dolorsalmeda-cornella\/?p=6813"},"modified":"2024-02-27T15:55:46","modified_gmt":"2024-02-27T14:55:46","slug":"tallers-de-sexualitat","status":"publish","type":"post","link":"https:\/\/agora.xtec.cat\/ceip-dolorsalmeda-cornella\/general\/tallers-de-sexualitat\/","title":{"rendered":"Tallers de sexualitat"},"content":{"rendered":"<p>Al llarg d&#8217;una setmana, els infants de primer, tercer i cinqu\u00e8 van participar d&#8217;uns tallers de sexualitat. L&#8217;objectiu d&#8217;aquests tallers \u00e9s oferir una educaci\u00f3 sexual integral des d&#8217;una mirada coeducadora, respectuosa, evitant els judicis i descobrint la diversitat que ens envolta. \ud83d\udc41\ufe0f\ud83d\udcd6\u2728<\/p>\n<p>Aquestes formacions pretenen crear un espai relaxat i de confian\u00e7a on l&#8217;alumnat pugui conversar, con\u00e8ixer-se, acceptar-se, i expressar-se per a desenvolupar-se de manera sana i segura. \ud83d\udde3\ufe0f\ud83c\udd93<\/p>\n<p><a href=\"https:\/\/agora.xtec.cat\/ceip-dolorsalmeda-cornella\/wp-content\/uploads\/usu30\/2024\/02\/WhatsApp-Image-2024-02-08-at-13.40.27.jpeg\"><img loading=\"lazy\" decoding=\"async\" class=\"aligncenter size-large wp-image-6814\" src=\"https:\/\/agora.xtec.cat\/ceip-dolorsalmeda-cornella\/wp-content\/uploads\/usu30\/2024\/02\/WhatsApp-Image-2024-02-08-at-13.40.27-819x1024.jpeg\" alt=\"\" width=\"819\" height=\"1024\" \/><\/a><\/p>\n<p>&nbsp;<\/p>\n","protected":false},"excerpt":{"rendered":"<p>Al llarg d&#8217;una setmana, els infants de primer, tercer i cinqu\u00e8 van participar d&#8217;uns tallers de sexualitat. L&#8217;objectiu d&#8217;aquests tallers \u00e9s oferir una educaci\u00f3 sexual integral des d&#8217;una mirada coeducadora, respectuosa, evitant els judicis i descobrint la diversitat que ens envolta. \ud83d\udc41\ufe0f\ud83d\udcd6\u2728<br \/>\nAquestes formacions pretenen crear&hellip;  <a href=\"https:\/\/agora.xtec.cat\/ceip-dolorsalmeda-cornella\/general\/tallers-de-sexualitat\/\" title=\"Read Tallers de sexualitat\">Llegeix m\u00e9s\u00bb<\/a><\/p>\n","protected":false},"author":1,"featured_media":6960,"comment_status":"open","ping_status":"closed","sticky":false,"template":"","format":"standard","meta":{"_bbp_topic_count":0,"_bbp_reply_count":0,"_bbp_total_topic_count":0,"_bbp_total_reply_count":0,"_bbp_voice_count":0,"_bbp_anonymous_reply_count":0,"_bbp_topic_count_hidden":0,"_bbp_reply_count_hidden":0,"_bbp_forum_subforum_count":0,"footnotes":""},"categories":[10,12,14,7,1,4,5],"tags":[],"class_list":["post-6813","post","type-post","status-publish","format-standard","has-post-thumbnail","hentry","category-1r","category-3r","category-5e","category-ampa","category-general","category-portada","category-primaria"],"post_mailing_queue_ids":[],"_links":{"self":[{"href":"https:\/\/agora.xtec.cat\/ceip-dolorsalmeda-cornella\/wp-json\/wp\/v2\/posts\/6813","targetHints":{"allow":["GET"]}}],"collection":[{"href":"https:\/\/agora.xtec.cat\/ceip-dolorsalmeda-cornella\/wp-json\/wp\/v2\/posts"}],"about":[{"href":"https:\/\/agora.xtec.cat\/ceip-dolorsalmeda-cornella\/wp-json\/wp\/v2\/types\/post"}],"author":[{"embeddable":true,"href":"https:\/\/agora.xtec.cat\/ceip-dolorsalmeda-cornella\/wp-json\/wp\/v2\/users\/1"}],"replies":[{"embeddable":true,"href":"https:\/\/agora.xtec.cat\/ceip-dolorsalmeda-cornella\/wp-json\/wp\/v2\/comments?post=6813"}],"version-history":[{"count":1,"href":"https:\/\/agora.xtec.cat\/ceip-dolorsalmeda-cornella\/wp-json\/wp\/v2\/posts\/6813\/revisions"}],"predecessor-version":[{"id":6815,"href":"https:\/\/agora.xtec.cat\/ceip-dolorsalmeda-cornella\/wp-json\/wp\/v2\/posts\/6813\/revisions\/6815"}],"wp:featuredmedia":[{"embeddable":true,"href":"https:\/\/agora.xtec.cat\/ceip-dolorsalmeda-cornella\/wp-json\/wp\/v2\/media\/6960"}],"wp:attachment":[{"href":"https:\/\/agora.xtec.cat\/ceip-dolorsalmeda-cornella\/wp-json\/wp\/v2\/media?parent=6813"}],"wp:term":[{"taxonomy":"category","embeddable":true,"href":"https:\/\/agora.xtec.cat\/ceip-dolorsalmeda-cornella\/wp-json\/wp\/v2\/categories?post=6813"},{"taxonomy":"post_tag","embeddable":true,"href":"https:\/\/agora.xtec.cat\/ceip-dolorsalmeda-cornella\/wp-json\/wp\/v2\/tags?post=6813"}],"curies":[{"name":"wp","href":"https:\/\/api.w.org\/{rel}","templated":true}]}}