{"id":6777,"date":"2024-02-02T18:20:10","date_gmt":"2024-02-02T17:20:10","guid":{"rendered":"https:\/\/agora.xtec.cat\/ceip-dolorsalmeda-cornella\/?p=6777"},"modified":"2024-02-05T10:45:31","modified_gmt":"2024-02-05T09:45:31","slug":"us-presentem-lelenc-del-musical-the-lion-king","status":"publish","type":"post","link":"https:\/\/agora.xtec.cat\/ceip-dolorsalmeda-cornella\/general\/us-presentem-lelenc-del-musical-the-lion-king\/","title":{"rendered":"Us presentem a l&#8217;elenc del musical &#8220;The Lion King&#8221;"},"content":{"rendered":"<p>Per fi, hem acabat amb les audicions del musical &#8221; The Lion King&#8221; i ja us podem presentar a l&#8217;elenc que representar\u00e0 i donar\u00e0 veu a Mufasa, Scar, Sarabi, Simba, Nala, Zazu, Rafiki, Tim\u00f3n i Pumba.<\/p>\n<p>Congratulations a tots i a totes! Ara a treballar de valent per tal de donar-ho tot a l&#8217;escenari.<\/p>\n<p><a href=\"https:\/\/agora.xtec.cat\/ceip-dolorsalmeda-cornella\/wp-content\/uploads\/usu30\/2024\/02\/cd378954-c25b-4e35-9f02-ca6fdd8d8acc.jpg\"><img loading=\"lazy\" decoding=\"async\" class=\"aligncenter wp-image-6778\" src=\"https:\/\/agora.xtec.cat\/ceip-dolorsalmeda-cornella\/wp-content\/uploads\/usu30\/2024\/02\/cd378954-c25b-4e35-9f02-ca6fdd8d8acc.jpg\" alt=\"\" width=\"551\" height=\"413\" srcset=\"https:\/\/agora.xtec.cat\/ceip-dolorsalmeda-cornella\/wp-content\/uploads\/usu30\/2024\/02\/cd378954-c25b-4e35-9f02-ca6fdd8d8acc.jpg 1024w, https:\/\/agora.xtec.cat\/ceip-dolorsalmeda-cornella\/wp-content\/uploads\/usu30\/2024\/02\/cd378954-c25b-4e35-9f02-ca6fdd8d8acc-300x225.jpg 300w, https:\/\/agora.xtec.cat\/ceip-dolorsalmeda-cornella\/wp-content\/uploads\/usu30\/2024\/02\/cd378954-c25b-4e35-9f02-ca6fdd8d8acc-768x576.jpg 768w, https:\/\/agora.xtec.cat\/ceip-dolorsalmeda-cornella\/wp-content\/uploads\/usu30\/2024\/02\/cd378954-c25b-4e35-9f02-ca6fdd8d8acc-200x150.jpg 200w\" sizes=\"auto, (max-width: 551px) 100vw, 551px\" \/><\/a><\/p>\n","protected":false},"excerpt":{"rendered":"<p>Per fi, hem acabat amb les audicions del musical &#8221; The Lion King&#8221; i ja us podem presentar a l&#8217;elenc que representar\u00e0 i donar\u00e0 veu a Mufasa, Scar, Sarabi, Simba, Nala, Zazu, Rafiki, Tim\u00f3n i Pumba.<br \/>\nCongratulations a tots i a totes! Ara a treballar de&hellip;  <a href=\"https:\/\/agora.xtec.cat\/ceip-dolorsalmeda-cornella\/general\/us-presentem-lelenc-del-musical-the-lion-king\/\" title=\"Read Us presentem a l&#8217;elenc del musical &#8220;The Lion King&#8221;\">Llegeix m\u00e9s\u00bb<\/a><\/p>\n","protected":false},"author":6,"featured_media":6778,"comment_status":"open","ping_status":"closed","sticky":false,"template":"","format":"standard","meta":{"_bbp_topic_count":0,"_bbp_reply_count":0,"_bbp_total_topic_count":0,"_bbp_total_reply_count":0,"_bbp_voice_count":0,"_bbp_anonymous_reply_count":0,"_bbp_topic_count_hidden":0,"_bbp_reply_count_hidden":0,"_bbp_forum_subforum_count":0,"footnotes":""},"categories":[1,4,5],"tags":[105],"class_list":["post-6777","post","type-post","status-publish","format-standard","has-post-thumbnail","hentry","category-general","category-portada","category-primaria","tag-musical"],"post_mailing_queue_ids":[],"_links":{"self":[{"href":"https:\/\/agora.xtec.cat\/ceip-dolorsalmeda-cornella\/wp-json\/wp\/v2\/posts\/6777","targetHints":{"allow":["GET"]}}],"collection":[{"href":"https:\/\/agora.xtec.cat\/ceip-dolorsalmeda-cornella\/wp-json\/wp\/v2\/posts"}],"about":[{"href":"https:\/\/agora.xtec.cat\/ceip-dolorsalmeda-cornella\/wp-json\/wp\/v2\/types\/post"}],"author":[{"embeddable":true,"href":"https:\/\/agora.xtec.cat\/ceip-dolorsalmeda-cornella\/wp-json\/wp\/v2\/users\/6"}],"replies":[{"embeddable":true,"href":"https:\/\/agora.xtec.cat\/ceip-dolorsalmeda-cornella\/wp-json\/wp\/v2\/comments?post=6777"}],"version-history":[{"count":2,"href":"https:\/\/agora.xtec.cat\/ceip-dolorsalmeda-cornella\/wp-json\/wp\/v2\/posts\/6777\/revisions"}],"predecessor-version":[{"id":6780,"href":"https:\/\/agora.xtec.cat\/ceip-dolorsalmeda-cornella\/wp-json\/wp\/v2\/posts\/6777\/revisions\/6780"}],"wp:featuredmedia":[{"embeddable":true,"href":"https:\/\/agora.xtec.cat\/ceip-dolorsalmeda-cornella\/wp-json\/wp\/v2\/media\/6778"}],"wp:attachment":[{"href":"https:\/\/agora.xtec.cat\/ceip-dolorsalmeda-cornella\/wp-json\/wp\/v2\/media?parent=6777"}],"wp:term":[{"taxonomy":"category","embeddable":true,"href":"https:\/\/agora.xtec.cat\/ceip-dolorsalmeda-cornella\/wp-json\/wp\/v2\/categories?post=6777"},{"taxonomy":"post_tag","embeddable":true,"href":"https:\/\/agora.xtec.cat\/ceip-dolorsalmeda-cornella\/wp-json\/wp\/v2\/tags?post=6777"}],"curies":[{"name":"wp","href":"https:\/\/api.w.org\/{rel}","templated":true}]}}