{"id":6735,"date":"2024-01-23T22:26:32","date_gmt":"2024-01-23T21:26:32","guid":{"rendered":"https:\/\/agora.xtec.cat\/ceip-dolorsalmeda-cornella\/?p=6735"},"modified":"2024-01-23T22:26:55","modified_gmt":"2024-01-23T21:26:55","slug":"enginy-invisible","status":"publish","type":"post","link":"https:\/\/agora.xtec.cat\/ceip-dolorsalmeda-cornella\/general\/enginy-invisible\/","title":{"rendered":"Enginy invisible"},"content":{"rendered":"<p>El passat divendres 12 de gener, els infants de 4t van rebre la visita de la N\u00faria Salan, qu\u00edmica de formaci\u00f3, doctora en ci\u00e8ncia dels materials i enginyeria metal\u00b7l\u00fargica, i professora de la Universitat Polit\u00e8cnica de Catalunya (UPC). \ud83e\uddea\ud83d\udd2c<br \/>\nA trav\u00e9s d\u2019un conte, els va explicar les dificultats amb les quals es van trobar les primeres dones que van voler cursar estudis a la Universitat i quines excuses els hi posaven per no matricular-les: portar faldilla, portar els cabells llargs, etc. Finalment, per\u00f2, van aconseguir el seu objectiu i llicenciar-se a la facultat. \ud83d\udc69\ud83c\udffb\u200d\ud83c\udfeb\ud83c\udf93<br \/>\nDurant la xerrada, es va parlar del fet que encara avui dia, hi ha certes carreres o professions que s\u2019associen a un g\u00e8nere, especialment els estudis de la branca m\u00e9s t\u00e8cnica o cient\u00edfica. Es va ressaltar la import\u00e0ncia de trencar amb aquest estereotip i visibilitzar totes les dones que han fet grans aportacions en l\u2019\u00e0mbit cient\u00edfic i que s\u00f3n encara poc conegudes.<\/p>\n\n\t\t<style type=\"text\/css\">\n\t\t\t#gallery-1 {\n\t\t\t\tmargin: auto;\n\t\t\t}\n\t\t\t#gallery-1 .gallery-item {\n\t\t\t\tfloat: left;\n\t\t\t\tmargin-top: 10px;\n\t\t\t\ttext-align: center;\n\t\t\t\twidth: 50%;\n\t\t\t}\n\t\t\t#gallery-1 img {\n\t\t\t\tborder: 2px solid #cfcfcf;\n\t\t\t}\n\t\t\t#gallery-1 .gallery-caption {\n\t\t\t\tmargin-left: 0;\n\t\t\t}\n\t\t\t\/* see gallery_shortcode() in wp-includes\/media.php *\/\n\t\t<\/style>\n\t\t<div id='gallery-1' class='gallery galleryid-6735 gallery-columns-2 gallery-size-large'><dl class='gallery-item'>\n\t\t\t<dt class='gallery-icon landscape'>\n\t\t\t\t<a href='https:\/\/agora.xtec.cat\/ceip-dolorsalmeda-cornella\/general\/enginy-invisible\/attachment\/whatsapp-image-2024-01-23-at-22-23-01\/'><img loading=\"lazy\" decoding=\"async\" width=\"1024\" height=\"461\" src=\"https:\/\/agora.xtec.cat\/ceip-dolorsalmeda-cornella\/wp-content\/uploads\/usu30\/2024\/01\/WhatsApp-Image-2024-01-23-at-22.23.01-1024x461.jpeg\" class=\"attachment-large size-large\" alt=\"\" srcset=\"https:\/\/agora.xtec.cat\/ceip-dolorsalmeda-cornella\/wp-content\/uploads\/usu30\/2024\/01\/WhatsApp-Image-2024-01-23-at-22.23.01-1024x461.jpeg 1024w, https:\/\/agora.xtec.cat\/ceip-dolorsalmeda-cornella\/wp-content\/uploads\/usu30\/2024\/01\/WhatsApp-Image-2024-01-23-at-22.23.01-300x135.jpeg 300w, https:\/\/agora.xtec.cat\/ceip-dolorsalmeda-cornella\/wp-content\/uploads\/usu30\/2024\/01\/WhatsApp-Image-2024-01-23-at-22.23.01-768x346.jpeg 768w, https:\/\/agora.xtec.cat\/ceip-dolorsalmeda-cornella\/wp-content\/uploads\/usu30\/2024\/01\/WhatsApp-Image-2024-01-23-at-22.23.01-1536x692.jpeg 1536w, https:\/\/agora.xtec.cat\/ceip-dolorsalmeda-cornella\/wp-content\/uploads\/usu30\/2024\/01\/WhatsApp-Image-2024-01-23-at-22.23.01.jpeg 2016w\" sizes=\"auto, (max-width: 1024px) 100vw, 1024px\" \/><\/a>\n\t\t\t<\/dt><\/dl><dl class='gallery-item'>\n\t\t\t<dt class='gallery-icon landscape'>\n\t\t\t\t<a href='https:\/\/agora.xtec.cat\/ceip-dolorsalmeda-cornella\/general\/enginy-invisible\/attachment\/whatsapp-image-2024-01-23-at-22-23-43\/'><img loading=\"lazy\" decoding=\"async\" width=\"1024\" height=\"461\" src=\"https:\/\/agora.xtec.cat\/ceip-dolorsalmeda-cornella\/wp-content\/uploads\/usu30\/2024\/01\/WhatsApp-Image-2024-01-23-at-22.23.43-1024x461.jpeg\" class=\"attachment-large size-large\" alt=\"\" srcset=\"https:\/\/agora.xtec.cat\/ceip-dolorsalmeda-cornella\/wp-content\/uploads\/usu30\/2024\/01\/WhatsApp-Image-2024-01-23-at-22.23.43-1024x461.jpeg 1024w, https:\/\/agora.xtec.cat\/ceip-dolorsalmeda-cornella\/wp-content\/uploads\/usu30\/2024\/01\/WhatsApp-Image-2024-01-23-at-22.23.43-300x135.jpeg 300w, https:\/\/agora.xtec.cat\/ceip-dolorsalmeda-cornella\/wp-content\/uploads\/usu30\/2024\/01\/WhatsApp-Image-2024-01-23-at-22.23.43-768x346.jpeg 768w, https:\/\/agora.xtec.cat\/ceip-dolorsalmeda-cornella\/wp-content\/uploads\/usu30\/2024\/01\/WhatsApp-Image-2024-01-23-at-22.23.43-1536x692.jpeg 1536w, https:\/\/agora.xtec.cat\/ceip-dolorsalmeda-cornella\/wp-content\/uploads\/usu30\/2024\/01\/WhatsApp-Image-2024-01-23-at-22.23.43.jpeg 1600w\" sizes=\"auto, (max-width: 1024px) 100vw, 1024px\" \/><\/a>\n\t\t\t<\/dt><\/dl><br style=\"clear: both\" \/>\n\t\t<\/div>\n\n","protected":false},"excerpt":{"rendered":"<p>El passat divendres 12 de gener, els infants de 4t van rebre la visita de la N\u00faria Salan, qu\u00edmica de formaci\u00f3, doctora en ci\u00e8ncia dels materials i enginyeria metal\u00b7l\u00fargica, i professora de la Universitat Polit\u00e8cnica de Catalunya (UPC). \ud83e\uddea\ud83d\udd2c<br \/>\nA trav\u00e9s d\u2019un conte, els va explicar&hellip;  <a href=\"https:\/\/agora.xtec.cat\/ceip-dolorsalmeda-cornella\/general\/enginy-invisible\/\" title=\"Read Enginy invisible\">Llegeix m\u00e9s\u00bb<\/a><\/p>\n","protected":false},"author":1,"featured_media":6736,"comment_status":"open","ping_status":"closed","sticky":false,"template":"","format":"standard","meta":{"_bbp_topic_count":0,"_bbp_reply_count":0,"_bbp_total_topic_count":0,"_bbp_total_reply_count":0,"_bbp_voice_count":0,"_bbp_anonymous_reply_count":0,"_bbp_topic_count_hidden":0,"_bbp_reply_count_hidden":0,"_bbp_forum_subforum_count":0,"footnotes":""},"categories":[13,1,4,5],"tags":[95,415],"class_list":["post-6735","post","type-post","status-publish","format-standard","has-post-thumbnail","hentry","category-4t","category-general","category-portada","category-primaria","tag-ciencia","tag-dones-cientifiques"],"post_mailing_queue_ids":[],"_links":{"self":[{"href":"https:\/\/agora.xtec.cat\/ceip-dolorsalmeda-cornella\/wp-json\/wp\/v2\/posts\/6735","targetHints":{"allow":["GET"]}}],"collection":[{"href":"https:\/\/agora.xtec.cat\/ceip-dolorsalmeda-cornella\/wp-json\/wp\/v2\/posts"}],"about":[{"href":"https:\/\/agora.xtec.cat\/ceip-dolorsalmeda-cornella\/wp-json\/wp\/v2\/types\/post"}],"author":[{"embeddable":true,"href":"https:\/\/agora.xtec.cat\/ceip-dolorsalmeda-cornella\/wp-json\/wp\/v2\/users\/1"}],"replies":[{"embeddable":true,"href":"https:\/\/agora.xtec.cat\/ceip-dolorsalmeda-cornella\/wp-json\/wp\/v2\/comments?post=6735"}],"version-history":[{"count":1,"href":"https:\/\/agora.xtec.cat\/ceip-dolorsalmeda-cornella\/wp-json\/wp\/v2\/posts\/6735\/revisions"}],"predecessor-version":[{"id":6739,"href":"https:\/\/agora.xtec.cat\/ceip-dolorsalmeda-cornella\/wp-json\/wp\/v2\/posts\/6735\/revisions\/6739"}],"wp:featuredmedia":[{"embeddable":true,"href":"https:\/\/agora.xtec.cat\/ceip-dolorsalmeda-cornella\/wp-json\/wp\/v2\/media\/6736"}],"wp:attachment":[{"href":"https:\/\/agora.xtec.cat\/ceip-dolorsalmeda-cornella\/wp-json\/wp\/v2\/media?parent=6735"}],"wp:term":[{"taxonomy":"category","embeddable":true,"href":"https:\/\/agora.xtec.cat\/ceip-dolorsalmeda-cornella\/wp-json\/wp\/v2\/categories?post=6735"},{"taxonomy":"post_tag","embeddable":true,"href":"https:\/\/agora.xtec.cat\/ceip-dolorsalmeda-cornella\/wp-json\/wp\/v2\/tags?post=6735"}],"curies":[{"name":"wp","href":"https:\/\/api.w.org\/{rel}","templated":true}]}}