{"id":6683,"date":"2024-01-09T15:42:04","date_gmt":"2024-01-09T14:42:04","guid":{"rendered":"https:\/\/agora.xtec.cat\/ceip-dolorsalmeda-cornella\/?p=6683"},"modified":"2024-02-05T10:45:59","modified_gmt":"2024-02-05T09:45:59","slug":"desitjos-de-reis","status":"publish","type":"post","link":"https:\/\/agora.xtec.cat\/ceip-dolorsalmeda-cornella\/general\/desitjos-de-reis\/","title":{"rendered":"Desitjos de reis"},"content":{"rendered":"<p style=\"font-weight: 400;\">En el <a href=\"https:\/\/www.radiocornella.cat\/programs\/programesespecials\/radiocornella_podcast_17938\" data-saferedirecturl=\"https:\/\/www.google.com\/url?q=https:\/\/www.radiocornella.cat\/programs\/programesespecials\/radiocornella_podcast_17938&amp;source=gmail&amp;ust=1704897227199000&amp;usg=AOvVaw2myutZROyPo30WJc2n8kYF\">Programa Especial de la Cavalcada de R\u00e0dio Cornell\u00e0<\/a> d&#8217;enguany, gr\u00e0cies a les escoles de Cornell\u00e0, s&#8217;han aconseguit recopilar m\u00e9s de 150 desitjos d&#8217;infants entre 3 i 11 anys. Aquests desitjos es van posar en el programa especial al llarg de tota la tarda del 5 de gener des de les 17h fins a les 22h. En total, en aquesta iniciativa han participat 12 escoles, entre les quals la nostra, 53 classes que han sumat 54 minuts de desitjos per Ses Majestats.<\/p>\n<p style=\"font-weight: 400;\">Us facilitem l&#8217;enlla\u00e7 amb el recopilatori de desitjos perqu\u00e8 el pugueu escoltar amb els vostres infants.<\/p>\n<p><a href=\"https:\/\/www.radiocornella.cat\/news\/id\/radiocornella_news_1166\" data-saferedirecturl=\"https:\/\/www.google.com\/url?q=https:\/\/www.radiocornella.cat\/news\/id\/radiocornella_news_1166&amp;source=gmail&amp;ust=1704897227199000&amp;usg=AOvVaw0ctV3TrPkgS1fNjOnJcK1R\">https:\/\/www.radiocornella.cat\/news\/id\/radiocornella_news_1166<\/a><\/p>\n","protected":false},"excerpt":{"rendered":"<p>En el <a href=\"https:\/\/www.radiocornella.cat\/programs\/programesespecials\/radiocornella_podcast_17938\" data-saferedirecturl=\"https:\/\/www.google.com\/url?q=https:\/\/www.radiocornella.cat\/programs\/programesespecials\/radiocornella_podcast_17938&amp;source=gmail&amp;ust=1704897227199000&amp;usg=AOvVaw2myutZROyPo30WJc2n8kYF\">Programa Especial de la Cavalcada de R\u00e0dio Cornell\u00e0<\/a> d&#8217;enguany, gr\u00e0cies a les escoles de Cornell\u00e0, s&#8217;han aconseguit recopilar m\u00e9s de 150 desitjos d&#8217;infants entre 3 i 11 anys. Aquests desitjos es van posar en el programa especial al llarg de tota&hellip;  <a href=\"https:\/\/agora.xtec.cat\/ceip-dolorsalmeda-cornella\/general\/desitjos-de-reis\/\" title=\"Read Desitjos de reis\">Llegeix m\u00e9s\u00bb<\/a><\/p>\n","protected":false},"author":1,"featured_media":6684,"comment_status":"open","ping_status":"closed","sticky":false,"template":"","format":"standard","meta":{"_bbp_topic_count":0,"_bbp_reply_count":0,"_bbp_total_topic_count":0,"_bbp_total_reply_count":0,"_bbp_voice_count":0,"_bbp_anonymous_reply_count":0,"_bbp_topic_count_hidden":0,"_bbp_reply_count_hidden":0,"_bbp_forum_subforum_count":0,"footnotes":""},"categories":[10,11,12,13,14,15,1,3,8,9,2,4,5],"tags":[74,333,325],"class_list":["post-6683","post","type-post","status-publish","format-standard","has-post-thumbnail","hentry","category-1r","category-2n","category-3r","category-4t","category-5e","category-6e","category-general","category-i3","category-i4","category-i5","category-infantil","category-portada","category-primaria","tag-nadal","tag-radio","tag-reis"],"post_mailing_queue_ids":[],"_links":{"self":[{"href":"https:\/\/agora.xtec.cat\/ceip-dolorsalmeda-cornella\/wp-json\/wp\/v2\/posts\/6683","targetHints":{"allow":["GET"]}}],"collection":[{"href":"https:\/\/agora.xtec.cat\/ceip-dolorsalmeda-cornella\/wp-json\/wp\/v2\/posts"}],"about":[{"href":"https:\/\/agora.xtec.cat\/ceip-dolorsalmeda-cornella\/wp-json\/wp\/v2\/types\/post"}],"author":[{"embeddable":true,"href":"https:\/\/agora.xtec.cat\/ceip-dolorsalmeda-cornella\/wp-json\/wp\/v2\/users\/1"}],"replies":[{"embeddable":true,"href":"https:\/\/agora.xtec.cat\/ceip-dolorsalmeda-cornella\/wp-json\/wp\/v2\/comments?post=6683"}],"version-history":[{"count":2,"href":"https:\/\/agora.xtec.cat\/ceip-dolorsalmeda-cornella\/wp-json\/wp\/v2\/posts\/6683\/revisions"}],"predecessor-version":[{"id":6799,"href":"https:\/\/agora.xtec.cat\/ceip-dolorsalmeda-cornella\/wp-json\/wp\/v2\/posts\/6683\/revisions\/6799"}],"wp:featuredmedia":[{"embeddable":true,"href":"https:\/\/agora.xtec.cat\/ceip-dolorsalmeda-cornella\/wp-json\/wp\/v2\/media\/6684"}],"wp:attachment":[{"href":"https:\/\/agora.xtec.cat\/ceip-dolorsalmeda-cornella\/wp-json\/wp\/v2\/media?parent=6683"}],"wp:term":[{"taxonomy":"category","embeddable":true,"href":"https:\/\/agora.xtec.cat\/ceip-dolorsalmeda-cornella\/wp-json\/wp\/v2\/categories?post=6683"},{"taxonomy":"post_tag","embeddable":true,"href":"https:\/\/agora.xtec.cat\/ceip-dolorsalmeda-cornella\/wp-json\/wp\/v2\/tags?post=6683"}],"curies":[{"name":"wp","href":"https:\/\/api.w.org\/{rel}","templated":true}]}}