{"id":6653,"date":"2023-12-18T19:45:24","date_gmt":"2023-12-18T18:45:24","guid":{"rendered":"https:\/\/agora.xtec.cat\/ceip-dolorsalmeda-cornella\/?p=6653"},"modified":"2023-12-18T19:45:24","modified_gmt":"2023-12-18T18:45:24","slug":"tio-de-nadal-2","status":"publish","type":"post","link":"https:\/\/agora.xtec.cat\/ceip-dolorsalmeda-cornella\/general\/tio-de-nadal-2\/","title":{"rendered":"Ti\u00f3 de Nadal"},"content":{"rendered":"<p>El Ti\u00f3 va desapar\u00e8ixer de sota de l\u2019arbre\u2026 No sabien on s\u2019havia amagat\u2026\u00a0 Per\u00f2 de sobte.. S\u2019havia amagat al gimn\u00e0s per cagar regalets per totes les nenes i nens! \ud83c\udf84\ud83e\udeb5\ud83c\udf4a<\/p>\n<p>Per classes els infants, d\u2019Educaci\u00f3 Infantil i Cicle Inicial, han\u00a0anat passant pel gimn\u00e0s tot cantant i picant ben fort\u2026 \u201cCaga Ti\u00f3, caga turrons, avellanes i pinyons\u2026\u201d I despr\u00e9s de tant picar, uns regalets molts bonics els ha cagat. \u2728\ud83c\udf81\u2728<\/p>\n<p>Gr\u00e0cies Ti\u00f3! \ud83e\udd70<\/p>\n\n\t\t<style type=\"text\/css\">\n\t\t\t#gallery-1 {\n\t\t\t\tmargin: auto;\n\t\t\t}\n\t\t\t#gallery-1 .gallery-item {\n\t\t\t\tfloat: left;\n\t\t\t\tmargin-top: 10px;\n\t\t\t\ttext-align: center;\n\t\t\t\twidth: 33%;\n\t\t\t}\n\t\t\t#gallery-1 img {\n\t\t\t\tborder: 2px solid #cfcfcf;\n\t\t\t}\n\t\t\t#gallery-1 .gallery-caption {\n\t\t\t\tmargin-left: 0;\n\t\t\t}\n\t\t\t\/* see gallery_shortcode() in wp-includes\/media.php *\/\n\t\t<\/style>\n\t\t<div id='gallery-1' class='gallery galleryid-6653 gallery-columns-3 gallery-size-medium'><dl class='gallery-item'>\n\t\t\t<dt class='gallery-icon landscape'>\n\t\t\t\t<a href='https:\/\/agora.xtec.cat\/ceip-dolorsalmeda-cornella\/general\/tio-de-nadal-2\/attachment\/whatsapp-image-2023-12-18-at-16-04-21-1\/'><img loading=\"lazy\" decoding=\"async\" width=\"300\" height=\"247\" src=\"https:\/\/agora.xtec.cat\/ceip-dolorsalmeda-cornella\/wp-content\/uploads\/usu30\/2023\/12\/WhatsApp-Image-2023-12-18-at-16.04.21-1-300x247.jpeg\" class=\"attachment-medium size-medium\" alt=\"\" srcset=\"https:\/\/agora.xtec.cat\/ceip-dolorsalmeda-cornella\/wp-content\/uploads\/usu30\/2023\/12\/WhatsApp-Image-2023-12-18-at-16.04.21-1-300x247.jpeg 300w, https:\/\/agora.xtec.cat\/ceip-dolorsalmeda-cornella\/wp-content\/uploads\/usu30\/2023\/12\/WhatsApp-Image-2023-12-18-at-16.04.21-1-768x632.jpeg 768w, https:\/\/agora.xtec.cat\/ceip-dolorsalmeda-cornella\/wp-content\/uploads\/usu30\/2023\/12\/WhatsApp-Image-2023-12-18-at-16.04.21-1.jpeg 926w\" sizes=\"auto, (max-width: 300px) 100vw, 300px\" \/><\/a>\n\t\t\t<\/dt><\/dl><dl class='gallery-item'>\n\t\t\t<dt class='gallery-icon landscape'>\n\t\t\t\t<a href='https:\/\/agora.xtec.cat\/ceip-dolorsalmeda-cornella\/general\/tio-de-nadal-2\/attachment\/whatsapp-image-2023-12-18-at-16-04-21\/'><img loading=\"lazy\" decoding=\"async\" width=\"300\" height=\"247\" src=\"https:\/\/agora.xtec.cat\/ceip-dolorsalmeda-cornella\/wp-content\/uploads\/usu30\/2023\/12\/WhatsApp-Image-2023-12-18-at-16.04.21-300x247.jpeg\" class=\"attachment-medium size-medium\" alt=\"\" srcset=\"https:\/\/agora.xtec.cat\/ceip-dolorsalmeda-cornella\/wp-content\/uploads\/usu30\/2023\/12\/WhatsApp-Image-2023-12-18-at-16.04.21-300x247.jpeg 300w, https:\/\/agora.xtec.cat\/ceip-dolorsalmeda-cornella\/wp-content\/uploads\/usu30\/2023\/12\/WhatsApp-Image-2023-12-18-at-16.04.21-768x631.jpeg 768w, https:\/\/agora.xtec.cat\/ceip-dolorsalmeda-cornella\/wp-content\/uploads\/usu30\/2023\/12\/WhatsApp-Image-2023-12-18-at-16.04.21.jpeg 792w\" sizes=\"auto, (max-width: 300px) 100vw, 300px\" \/><\/a>\n\t\t\t<\/dt><\/dl><dl class='gallery-item'>\n\t\t\t<dt class='gallery-icon landscape'>\n\t\t\t\t<a href='https:\/\/agora.xtec.cat\/ceip-dolorsalmeda-cornella\/general\/tio-de-nadal-2\/attachment\/whatsapp-image-2023-12-18-at-16-04-20-2\/'><img loading=\"lazy\" decoding=\"async\" width=\"300\" height=\"247\" src=\"https:\/\/agora.xtec.cat\/ceip-dolorsalmeda-cornella\/wp-content\/uploads\/usu30\/2023\/12\/WhatsApp-Image-2023-12-18-at-16.04.20-2-300x247.jpeg\" class=\"attachment-medium size-medium\" alt=\"\" srcset=\"https:\/\/agora.xtec.cat\/ceip-dolorsalmeda-cornella\/wp-content\/uploads\/usu30\/2023\/12\/WhatsApp-Image-2023-12-18-at-16.04.20-2-300x247.jpeg 300w, https:\/\/agora.xtec.cat\/ceip-dolorsalmeda-cornella\/wp-content\/uploads\/usu30\/2023\/12\/WhatsApp-Image-2023-12-18-at-16.04.20-2-768x632.jpeg 768w, https:\/\/agora.xtec.cat\/ceip-dolorsalmeda-cornella\/wp-content\/uploads\/usu30\/2023\/12\/WhatsApp-Image-2023-12-18-at-16.04.20-2.jpeg 927w\" sizes=\"auto, (max-width: 300px) 100vw, 300px\" \/><\/a>\n\t\t\t<\/dt><\/dl><br style=\"clear: both\" \/><dl class='gallery-item'>\n\t\t\t<dt class='gallery-icon landscape'>\n\t\t\t\t<a href='https:\/\/agora.xtec.cat\/ceip-dolorsalmeda-cornella\/general\/tio-de-nadal-2\/attachment\/whatsapp-image-2023-12-18-at-16-04-20-1\/'><img loading=\"lazy\" decoding=\"async\" width=\"300\" height=\"247\" src=\"https:\/\/agora.xtec.cat\/ceip-dolorsalmeda-cornella\/wp-content\/uploads\/usu30\/2023\/12\/WhatsApp-Image-2023-12-18-at-16.04.20-1-300x247.jpeg\" class=\"attachment-medium size-medium\" alt=\"\" srcset=\"https:\/\/agora.xtec.cat\/ceip-dolorsalmeda-cornella\/wp-content\/uploads\/usu30\/2023\/12\/WhatsApp-Image-2023-12-18-at-16.04.20-1-300x247.jpeg 300w, https:\/\/agora.xtec.cat\/ceip-dolorsalmeda-cornella\/wp-content\/uploads\/usu30\/2023\/12\/WhatsApp-Image-2023-12-18-at-16.04.20-1.jpeg 659w\" sizes=\"auto, (max-width: 300px) 100vw, 300px\" \/><\/a>\n\t\t\t<\/dt><\/dl><dl class='gallery-item'>\n\t\t\t<dt class='gallery-icon landscape'>\n\t\t\t\t<a href='https:\/\/agora.xtec.cat\/ceip-dolorsalmeda-cornella\/general\/tio-de-nadal-2\/attachment\/whatsapp-image-2023-12-18-at-16-04-19\/'><img loading=\"lazy\" decoding=\"async\" width=\"300\" height=\"247\" src=\"https:\/\/agora.xtec.cat\/ceip-dolorsalmeda-cornella\/wp-content\/uploads\/usu30\/2023\/12\/WhatsApp-Image-2023-12-18-at-16.04.19-300x247.jpeg\" class=\"attachment-medium size-medium\" alt=\"\" srcset=\"https:\/\/agora.xtec.cat\/ceip-dolorsalmeda-cornella\/wp-content\/uploads\/usu30\/2023\/12\/WhatsApp-Image-2023-12-18-at-16.04.19-300x247.jpeg 300w, https:\/\/agora.xtec.cat\/ceip-dolorsalmeda-cornella\/wp-content\/uploads\/usu30\/2023\/12\/WhatsApp-Image-2023-12-18-at-16.04.19.jpeg 761w\" sizes=\"auto, (max-width: 300px) 100vw, 300px\" \/><\/a>\n\t\t\t<\/dt><\/dl><dl class='gallery-item'>\n\t\t\t<dt class='gallery-icon landscape'>\n\t\t\t\t<a href='https:\/\/agora.xtec.cat\/ceip-dolorsalmeda-cornella\/general\/tio-de-nadal-2\/attachment\/whatsapp-image-2023-12-18-at-16-04-18\/'><img loading=\"lazy\" decoding=\"async\" width=\"300\" height=\"247\" src=\"https:\/\/agora.xtec.cat\/ceip-dolorsalmeda-cornella\/wp-content\/uploads\/usu30\/2023\/12\/WhatsApp-Image-2023-12-18-at-16.04.18-300x247.jpeg\" class=\"attachment-medium size-medium\" alt=\"\" srcset=\"https:\/\/agora.xtec.cat\/ceip-dolorsalmeda-cornella\/wp-content\/uploads\/usu30\/2023\/12\/WhatsApp-Image-2023-12-18-at-16.04.18-300x247.jpeg 300w, https:\/\/agora.xtec.cat\/ceip-dolorsalmeda-cornella\/wp-content\/uploads\/usu30\/2023\/12\/WhatsApp-Image-2023-12-18-at-16.04.18-1024x842.jpeg 1024w, https:\/\/agora.xtec.cat\/ceip-dolorsalmeda-cornella\/wp-content\/uploads\/usu30\/2023\/12\/WhatsApp-Image-2023-12-18-at-16.04.18-768x632.jpeg 768w, https:\/\/agora.xtec.cat\/ceip-dolorsalmeda-cornella\/wp-content\/uploads\/usu30\/2023\/12\/WhatsApp-Image-2023-12-18-at-16.04.18.jpeg 1263w\" sizes=\"auto, (max-width: 300px) 100vw, 300px\" \/><\/a>\n\t\t\t<\/dt><\/dl><br style=\"clear: both\" \/>\n\t\t<\/div>\n\n","protected":false},"excerpt":{"rendered":"<p>El Ti\u00f3 va desapar\u00e8ixer de sota de l\u2019arbre\u2026 No sabien on s\u2019havia amagat\u2026\u00a0 Per\u00f2 de sobte.. S\u2019havia amagat al gimn\u00e0s per cagar regalets per totes les nenes i nens! \ud83c\udf84\ud83e\udeb5\ud83c\udf4a<br \/>\nPer classes els infants, d\u2019Educaci\u00f3 Infantil i Cicle Inicial, han\u00a0anat passant pel gimn\u00e0s tot cantant i&hellip;  <a href=\"https:\/\/agora.xtec.cat\/ceip-dolorsalmeda-cornella\/general\/tio-de-nadal-2\/\" title=\"Read Ti\u00f3 de Nadal\">Llegeix m\u00e9s\u00bb<\/a><\/p>\n","protected":false},"author":1,"featured_media":6659,"comment_status":"open","ping_status":"closed","sticky":false,"template":"","format":"standard","meta":{"_bbp_topic_count":0,"_bbp_reply_count":0,"_bbp_total_topic_count":0,"_bbp_total_reply_count":0,"_bbp_voice_count":0,"_bbp_anonymous_reply_count":0,"_bbp_topic_count_hidden":0,"_bbp_reply_count_hidden":0,"_bbp_forum_subforum_count":0,"footnotes":""},"categories":[10,11,7,1,3,8,9,2,4,5],"tags":[],"class_list":["post-6653","post","type-post","status-publish","format-standard","has-post-thumbnail","hentry","category-1r","category-2n","category-ampa","category-general","category-i3","category-i4","category-i5","category-infantil","category-portada","category-primaria"],"post_mailing_queue_ids":[],"_links":{"self":[{"href":"https:\/\/agora.xtec.cat\/ceip-dolorsalmeda-cornella\/wp-json\/wp\/v2\/posts\/6653","targetHints":{"allow":["GET"]}}],"collection":[{"href":"https:\/\/agora.xtec.cat\/ceip-dolorsalmeda-cornella\/wp-json\/wp\/v2\/posts"}],"about":[{"href":"https:\/\/agora.xtec.cat\/ceip-dolorsalmeda-cornella\/wp-json\/wp\/v2\/types\/post"}],"author":[{"embeddable":true,"href":"https:\/\/agora.xtec.cat\/ceip-dolorsalmeda-cornella\/wp-json\/wp\/v2\/users\/1"}],"replies":[{"embeddable":true,"href":"https:\/\/agora.xtec.cat\/ceip-dolorsalmeda-cornella\/wp-json\/wp\/v2\/comments?post=6653"}],"version-history":[{"count":1,"href":"https:\/\/agora.xtec.cat\/ceip-dolorsalmeda-cornella\/wp-json\/wp\/v2\/posts\/6653\/revisions"}],"predecessor-version":[{"id":6660,"href":"https:\/\/agora.xtec.cat\/ceip-dolorsalmeda-cornella\/wp-json\/wp\/v2\/posts\/6653\/revisions\/6660"}],"wp:featuredmedia":[{"embeddable":true,"href":"https:\/\/agora.xtec.cat\/ceip-dolorsalmeda-cornella\/wp-json\/wp\/v2\/media\/6659"}],"wp:attachment":[{"href":"https:\/\/agora.xtec.cat\/ceip-dolorsalmeda-cornella\/wp-json\/wp\/v2\/media?parent=6653"}],"wp:term":[{"taxonomy":"category","embeddable":true,"href":"https:\/\/agora.xtec.cat\/ceip-dolorsalmeda-cornella\/wp-json\/wp\/v2\/categories?post=6653"},{"taxonomy":"post_tag","embeddable":true,"href":"https:\/\/agora.xtec.cat\/ceip-dolorsalmeda-cornella\/wp-json\/wp\/v2\/tags?post=6653"}],"curies":[{"name":"wp","href":"https:\/\/api.w.org\/{rel}","templated":true}]}}