{"id":6606,"date":"2023-11-28T17:35:10","date_gmt":"2023-11-28T16:35:10","guid":{"rendered":"https:\/\/agora.xtec.cat\/ceip-dolorsalmeda-cornella\/?p=6606"},"modified":"2023-12-05T12:22:31","modified_gmt":"2023-12-05T11:22:31","slug":"elaboracio-de-loli","status":"publish","type":"post","link":"https:\/\/agora.xtec.cat\/ceip-dolorsalmeda-cornella\/general\/elaboracio-de-loli\/","title":{"rendered":"Elaboraci\u00f3 de l&#8217;oli"},"content":{"rendered":"<p>Ahir els infants de segon van gaudir d&#8217;una sortida a can Ribas, una casa pairal del s. XVI restaurada i convertida en casa de col\u00f2nies i escola de natura; un entorn espectacular per descobrir el proc\u00e9s d&#8217;elaboraci\u00f3 de l&#8217;oli d&#8217;oliva. \ud83c\udfe1<\/p>\n<p>Van comen\u00e7ar reconeixent l&#8217;olivera i amb una vara i una borrassa, donant cops com antigament es feia a les branques de l&#8217;arbre, van collir les olives que ja estaven madures. \ud83e\uded2\ud83e\udeb5<\/p>\n<p>Despr\u00e9s les vam passar per la trituradora i va sortir una massa on l&#8217;oli encara no estava separat de la polpa de l&#8217;oliva. Finalment, aquesta pasta la vam escalfar i la vam anar posant entre diferents cofins per premsar. A poc a poc va comen\u00e7ar a sortir l&#8217;oli d&#8217;oliva verge.<\/p>\n<p>A m\u00e9s a m\u00e9s, vam fer olives adobades que tenim a la classe i que al cap de quinze dies podrem tastar.<br \/>\nPer acabar ens vam convidar a menjar un tros de pa amb oli d&#8217;oliva verge. \ud83e\udd56<\/p>\n\n\t\t<style type=\"text\/css\">\n\t\t\t#gallery-1 {\n\t\t\t\tmargin: auto;\n\t\t\t}\n\t\t\t#gallery-1 .gallery-item {\n\t\t\t\tfloat: left;\n\t\t\t\tmargin-top: 10px;\n\t\t\t\ttext-align: center;\n\t\t\t\twidth: 33%;\n\t\t\t}\n\t\t\t#gallery-1 img {\n\t\t\t\tborder: 2px solid #cfcfcf;\n\t\t\t}\n\t\t\t#gallery-1 .gallery-caption {\n\t\t\t\tmargin-left: 0;\n\t\t\t}\n\t\t\t\/* see gallery_shortcode() in wp-includes\/media.php *\/\n\t\t<\/style>\n\t\t<div id='gallery-1' class='gallery galleryid-6606 gallery-columns-3 gallery-size-medium'><dl class='gallery-item'>\n\t\t\t<dt class='gallery-icon portrait'>\n\t\t\t\t<a href='https:\/\/agora.xtec.cat\/ceip-dolorsalmeda-cornella\/general\/elaboracio-de-loli\/attachment\/whatsapp-image-2023-11-28-at-17-32-43-1\/'><img loading=\"lazy\" decoding=\"async\" width=\"240\" height=\"300\" src=\"https:\/\/agora.xtec.cat\/ceip-dolorsalmeda-cornella\/wp-content\/uploads\/usu30\/2023\/11\/WhatsApp-Image-2023-11-28-at-17.32.43-1-240x300.jpeg\" class=\"attachment-medium size-medium\" alt=\"\" srcset=\"https:\/\/agora.xtec.cat\/ceip-dolorsalmeda-cornella\/wp-content\/uploads\/usu30\/2023\/11\/WhatsApp-Image-2023-11-28-at-17.32.43-1-240x300.jpeg 240w, https:\/\/agora.xtec.cat\/ceip-dolorsalmeda-cornella\/wp-content\/uploads\/usu30\/2023\/11\/WhatsApp-Image-2023-11-28-at-17.32.43-1-819x1024.jpeg 819w, https:\/\/agora.xtec.cat\/ceip-dolorsalmeda-cornella\/wp-content\/uploads\/usu30\/2023\/11\/WhatsApp-Image-2023-11-28-at-17.32.43-1-768x960.jpeg 768w, https:\/\/agora.xtec.cat\/ceip-dolorsalmeda-cornella\/wp-content\/uploads\/usu30\/2023\/11\/WhatsApp-Image-2023-11-28-at-17.32.43-1-1229x1536.jpeg 1229w, https:\/\/agora.xtec.cat\/ceip-dolorsalmeda-cornella\/wp-content\/uploads\/usu30\/2023\/11\/WhatsApp-Image-2023-11-28-at-17.32.43-1.jpeg 1440w\" sizes=\"auto, (max-width: 240px) 100vw, 240px\" \/><\/a>\n\t\t\t<\/dt><\/dl><dl class='gallery-item'>\n\t\t\t<dt class='gallery-icon portrait'>\n\t\t\t\t<a href='https:\/\/agora.xtec.cat\/ceip-dolorsalmeda-cornella\/general\/elaboracio-de-loli\/attachment\/whatsapp-image-2023-11-28-at-17-32-43\/'><img loading=\"lazy\" decoding=\"async\" width=\"241\" height=\"300\" src=\"https:\/\/agora.xtec.cat\/ceip-dolorsalmeda-cornella\/wp-content\/uploads\/usu30\/2023\/11\/WhatsApp-Image-2023-11-28-at-17.32.43-241x300.jpeg\" class=\"attachment-medium size-medium\" alt=\"\" srcset=\"https:\/\/agora.xtec.cat\/ceip-dolorsalmeda-cornella\/wp-content\/uploads\/usu30\/2023\/11\/WhatsApp-Image-2023-11-28-at-17.32.43-241x300.jpeg 241w, https:\/\/agora.xtec.cat\/ceip-dolorsalmeda-cornella\/wp-content\/uploads\/usu30\/2023\/11\/WhatsApp-Image-2023-11-28-at-17.32.43-821x1024.jpeg 821w, https:\/\/agora.xtec.cat\/ceip-dolorsalmeda-cornella\/wp-content\/uploads\/usu30\/2023\/11\/WhatsApp-Image-2023-11-28-at-17.32.43-768x957.jpeg 768w, https:\/\/agora.xtec.cat\/ceip-dolorsalmeda-cornella\/wp-content\/uploads\/usu30\/2023\/11\/WhatsApp-Image-2023-11-28-at-17.32.43-1232x1536.jpeg 1232w, https:\/\/agora.xtec.cat\/ceip-dolorsalmeda-cornella\/wp-content\/uploads\/usu30\/2023\/11\/WhatsApp-Image-2023-11-28-at-17.32.43.jpeg 1440w\" sizes=\"auto, (max-width: 241px) 100vw, 241px\" \/><\/a>\n\t\t\t<\/dt><\/dl><dl class='gallery-item'>\n\t\t\t<dt class='gallery-icon portrait'>\n\t\t\t\t<a href='https:\/\/agora.xtec.cat\/ceip-dolorsalmeda-cornella\/general\/elaboracio-de-loli\/attachment\/whatsapp-image-2023-11-28-at-17-32-42-1\/'><img loading=\"lazy\" decoding=\"async\" width=\"240\" height=\"300\" src=\"https:\/\/agora.xtec.cat\/ceip-dolorsalmeda-cornella\/wp-content\/uploads\/usu30\/2023\/11\/WhatsApp-Image-2023-11-28-at-17.32.42-1-240x300.jpeg\" class=\"attachment-medium size-medium\" alt=\"\" srcset=\"https:\/\/agora.xtec.cat\/ceip-dolorsalmeda-cornella\/wp-content\/uploads\/usu30\/2023\/11\/WhatsApp-Image-2023-11-28-at-17.32.42-1-240x300.jpeg 240w, https:\/\/agora.xtec.cat\/ceip-dolorsalmeda-cornella\/wp-content\/uploads\/usu30\/2023\/11\/WhatsApp-Image-2023-11-28-at-17.32.42-1-819x1024.jpeg 819w, https:\/\/agora.xtec.cat\/ceip-dolorsalmeda-cornella\/wp-content\/uploads\/usu30\/2023\/11\/WhatsApp-Image-2023-11-28-at-17.32.42-1-768x960.jpeg 768w, https:\/\/agora.xtec.cat\/ceip-dolorsalmeda-cornella\/wp-content\/uploads\/usu30\/2023\/11\/WhatsApp-Image-2023-11-28-at-17.32.42-1-1229x1536.jpeg 1229w, https:\/\/agora.xtec.cat\/ceip-dolorsalmeda-cornella\/wp-content\/uploads\/usu30\/2023\/11\/WhatsApp-Image-2023-11-28-at-17.32.42-1.jpeg 1440w\" sizes=\"auto, (max-width: 240px) 100vw, 240px\" \/><\/a>\n\t\t\t<\/dt><\/dl><br style=\"clear: both\" \/><dl class='gallery-item'>\n\t\t\t<dt class='gallery-icon portrait'>\n\t\t\t\t<a href='https:\/\/agora.xtec.cat\/ceip-dolorsalmeda-cornella\/general\/elaboracio-de-loli\/attachment\/whatsapp-image-2023-11-28-at-17-32-42\/'><img loading=\"lazy\" decoding=\"async\" width=\"247\" height=\"300\" src=\"https:\/\/agora.xtec.cat\/ceip-dolorsalmeda-cornella\/wp-content\/uploads\/usu30\/2023\/11\/WhatsApp-Image-2023-11-28-at-17.32.42-e1701775345706-247x300.jpeg\" class=\"attachment-medium size-medium\" alt=\"\" srcset=\"https:\/\/agora.xtec.cat\/ceip-dolorsalmeda-cornella\/wp-content\/uploads\/usu30\/2023\/11\/WhatsApp-Image-2023-11-28-at-17.32.42-e1701775345706-247x300.jpeg 247w, https:\/\/agora.xtec.cat\/ceip-dolorsalmeda-cornella\/wp-content\/uploads\/usu30\/2023\/11\/WhatsApp-Image-2023-11-28-at-17.32.42-e1701775345706.jpeg 648w\" sizes=\"auto, (max-width: 247px) 100vw, 247px\" \/><\/a>\n\t\t\t<\/dt><\/dl><dl class='gallery-item'>\n\t\t\t<dt class='gallery-icon portrait'>\n\t\t\t\t<a href='https:\/\/agora.xtec.cat\/ceip-dolorsalmeda-cornella\/general\/elaboracio-de-loli\/attachment\/whatsapp-image-2023-11-28-at-17-32-40\/'><img loading=\"lazy\" decoding=\"async\" width=\"240\" height=\"300\" src=\"https:\/\/agora.xtec.cat\/ceip-dolorsalmeda-cornella\/wp-content\/uploads\/usu30\/2023\/11\/WhatsApp-Image-2023-11-28-at-17.32.40-240x300.jpeg\" class=\"attachment-medium size-medium\" alt=\"\" srcset=\"https:\/\/agora.xtec.cat\/ceip-dolorsalmeda-cornella\/wp-content\/uploads\/usu30\/2023\/11\/WhatsApp-Image-2023-11-28-at-17.32.40-240x300.jpeg 240w, https:\/\/agora.xtec.cat\/ceip-dolorsalmeda-cornella\/wp-content\/uploads\/usu30\/2023\/11\/WhatsApp-Image-2023-11-28-at-17.32.40-819x1024.jpeg 819w, https:\/\/agora.xtec.cat\/ceip-dolorsalmeda-cornella\/wp-content\/uploads\/usu30\/2023\/11\/WhatsApp-Image-2023-11-28-at-17.32.40-768x961.jpeg 768w, https:\/\/agora.xtec.cat\/ceip-dolorsalmeda-cornella\/wp-content\/uploads\/usu30\/2023\/11\/WhatsApp-Image-2023-11-28-at-17.32.40-1228x1536.jpeg 1228w, https:\/\/agora.xtec.cat\/ceip-dolorsalmeda-cornella\/wp-content\/uploads\/usu30\/2023\/11\/WhatsApp-Image-2023-11-28-at-17.32.40.jpeg 1440w\" sizes=\"auto, (max-width: 240px) 100vw, 240px\" \/><\/a>\n\t\t\t<\/dt><\/dl>\n\t\t\t<br style='clear: both' \/>\n\t\t<\/div>\n\n","protected":false},"excerpt":{"rendered":"<p>Ahir els infants de segon van gaudir d&#8217;una sortida a can Ribas, una casa pairal del s. XVI restaurada i convertida en casa de col\u00f2nies i escola de natura; un entorn espectacular per descobrir el proc\u00e9s d&#8217;elaboraci\u00f3 de l&#8217;oli d&#8217;oliva. \ud83c\udfe1<br \/>\nVan comen\u00e7ar reconeixent l&#8217;olivera i&hellip;  <a href=\"https:\/\/agora.xtec.cat\/ceip-dolorsalmeda-cornella\/general\/elaboracio-de-loli\/\" title=\"Read Elaboraci\u00f3 de l&#8217;oli\">Llegeix m\u00e9s\u00bb<\/a><\/p>\n","protected":false},"author":1,"featured_media":6610,"comment_status":"open","ping_status":"closed","sticky":false,"template":"","format":"standard","meta":{"_bbp_topic_count":0,"_bbp_reply_count":0,"_bbp_total_topic_count":0,"_bbp_total_reply_count":0,"_bbp_voice_count":0,"_bbp_anonymous_reply_count":0,"_bbp_topic_count_hidden":0,"_bbp_reply_count_hidden":0,"_bbp_forum_subforum_count":0,"footnotes":""},"categories":[11,1,4,5],"tags":[412,69],"class_list":["post-6606","post","type-post","status-publish","format-standard","has-post-thumbnail","hentry","category-2n","category-general","category-portada","category-primaria","tag-artesans","tag-oficis"],"post_mailing_queue_ids":[],"_links":{"self":[{"href":"https:\/\/agora.xtec.cat\/ceip-dolorsalmeda-cornella\/wp-json\/wp\/v2\/posts\/6606","targetHints":{"allow":["GET"]}}],"collection":[{"href":"https:\/\/agora.xtec.cat\/ceip-dolorsalmeda-cornella\/wp-json\/wp\/v2\/posts"}],"about":[{"href":"https:\/\/agora.xtec.cat\/ceip-dolorsalmeda-cornella\/wp-json\/wp\/v2\/types\/post"}],"author":[{"embeddable":true,"href":"https:\/\/agora.xtec.cat\/ceip-dolorsalmeda-cornella\/wp-json\/wp\/v2\/users\/1"}],"replies":[{"embeddable":true,"href":"https:\/\/agora.xtec.cat\/ceip-dolorsalmeda-cornella\/wp-json\/wp\/v2\/comments?post=6606"}],"version-history":[{"count":1,"href":"https:\/\/agora.xtec.cat\/ceip-dolorsalmeda-cornella\/wp-json\/wp\/v2\/posts\/6606\/revisions"}],"predecessor-version":[{"id":6612,"href":"https:\/\/agora.xtec.cat\/ceip-dolorsalmeda-cornella\/wp-json\/wp\/v2\/posts\/6606\/revisions\/6612"}],"wp:featuredmedia":[{"embeddable":true,"href":"https:\/\/agora.xtec.cat\/ceip-dolorsalmeda-cornella\/wp-json\/wp\/v2\/media\/6610"}],"wp:attachment":[{"href":"https:\/\/agora.xtec.cat\/ceip-dolorsalmeda-cornella\/wp-json\/wp\/v2\/media?parent=6606"}],"wp:term":[{"taxonomy":"category","embeddable":true,"href":"https:\/\/agora.xtec.cat\/ceip-dolorsalmeda-cornella\/wp-json\/wp\/v2\/categories?post=6606"},{"taxonomy":"post_tag","embeddable":true,"href":"https:\/\/agora.xtec.cat\/ceip-dolorsalmeda-cornella\/wp-json\/wp\/v2\/tags?post=6606"}],"curies":[{"name":"wp","href":"https:\/\/api.w.org\/{rel}","templated":true}]}}