{"id":6435,"date":"2023-10-09T14:01:56","date_gmt":"2023-10-09T12:01:56","guid":{"rendered":"https:\/\/agora.xtec.cat\/ceip-dolorsalmeda-cornella\/?p=6435"},"modified":"2023-10-09T14:01:56","modified_gmt":"2023-10-09T12:01:56","slug":"plantem-a-lhort","status":"publish","type":"post","link":"https:\/\/agora.xtec.cat\/ceip-dolorsalmeda-cornella\/general\/plantem-a-lhort\/","title":{"rendered":"Plantem a l&#8217;hort"},"content":{"rendered":"<p>Comen\u00e7a el curs i toca plantar!<\/p>\n<p>A l\u2019hort de prim\u00e0ria hi ha una mica de tot; enciams, faves, cigrons, cols&#8230; distribu\u00efts en tres zones. Els i les alumnes han preparat les seves parcel.les amb molta il.lusi\u00f3 i tamb\u00e9 amb cura. Han fet uns caminets tot removent i oxigenant la terra, han mesurat dist\u00e0ncies perqu\u00e8 puguin cr\u00e9ixer amb prou espai, i finalment, han fet un foradet per a posar les llavors.<\/p>\n<p>S\u00f3n uns grans futurs pagesos! Fins i tot han muntat un sistema de gota a gota perqu\u00e8 mai hi falti l\u2019aigua.<\/p>\n<p>Gran plantada!<\/p>\n","protected":false},"excerpt":{"rendered":"<p>Comen\u00e7a el curs i toca plantar!<br \/>\nA l\u2019hort de prim\u00e0ria hi ha una mica de tot; enciams, faves, cigrons, cols&#8230; distribu\u00efts en tres zones. Els i les alumnes han preparat les seves parcel.les amb molta il.lusi\u00f3 i tamb\u00e9 amb cura. Han fet uns caminets tot removent&hellip;  <a href=\"https:\/\/agora.xtec.cat\/ceip-dolorsalmeda-cornella\/general\/plantem-a-lhort\/\" title=\"Read Plantem a l&#8217;hort\">Llegeix m\u00e9s\u00bb<\/a><\/p>\n","protected":false},"author":6,"featured_media":6436,"comment_status":"open","ping_status":"closed","sticky":false,"template":"","format":"standard","meta":{"_bbp_topic_count":0,"_bbp_reply_count":0,"_bbp_total_topic_count":0,"_bbp_total_reply_count":0,"_bbp_voice_count":0,"_bbp_anonymous_reply_count":0,"_bbp_topic_count_hidden":0,"_bbp_reply_count_hidden":0,"_bbp_forum_subforum_count":0,"footnotes":""},"categories":[12,13,1,4,5],"tags":[72],"class_list":["post-6435","post","type-post","status-publish","format-standard","has-post-thumbnail","hentry","category-3r","category-4t","category-general","category-portada","category-primaria","tag-hort"],"post_mailing_queue_ids":[],"_links":{"self":[{"href":"https:\/\/agora.xtec.cat\/ceip-dolorsalmeda-cornella\/wp-json\/wp\/v2\/posts\/6435","targetHints":{"allow":["GET"]}}],"collection":[{"href":"https:\/\/agora.xtec.cat\/ceip-dolorsalmeda-cornella\/wp-json\/wp\/v2\/posts"}],"about":[{"href":"https:\/\/agora.xtec.cat\/ceip-dolorsalmeda-cornella\/wp-json\/wp\/v2\/types\/post"}],"author":[{"embeddable":true,"href":"https:\/\/agora.xtec.cat\/ceip-dolorsalmeda-cornella\/wp-json\/wp\/v2\/users\/6"}],"replies":[{"embeddable":true,"href":"https:\/\/agora.xtec.cat\/ceip-dolorsalmeda-cornella\/wp-json\/wp\/v2\/comments?post=6435"}],"version-history":[{"count":1,"href":"https:\/\/agora.xtec.cat\/ceip-dolorsalmeda-cornella\/wp-json\/wp\/v2\/posts\/6435\/revisions"}],"predecessor-version":[{"id":6437,"href":"https:\/\/agora.xtec.cat\/ceip-dolorsalmeda-cornella\/wp-json\/wp\/v2\/posts\/6435\/revisions\/6437"}],"wp:featuredmedia":[{"embeddable":true,"href":"https:\/\/agora.xtec.cat\/ceip-dolorsalmeda-cornella\/wp-json\/wp\/v2\/media\/6436"}],"wp:attachment":[{"href":"https:\/\/agora.xtec.cat\/ceip-dolorsalmeda-cornella\/wp-json\/wp\/v2\/media?parent=6435"}],"wp:term":[{"taxonomy":"category","embeddable":true,"href":"https:\/\/agora.xtec.cat\/ceip-dolorsalmeda-cornella\/wp-json\/wp\/v2\/categories?post=6435"},{"taxonomy":"post_tag","embeddable":true,"href":"https:\/\/agora.xtec.cat\/ceip-dolorsalmeda-cornella\/wp-json\/wp\/v2\/tags?post=6435"}],"curies":[{"name":"wp","href":"https:\/\/api.w.org\/{rel}","templated":true}]}}