{"id":6413,"date":"2023-10-02T12:35:58","date_gmt":"2023-10-02T10:35:58","guid":{"rendered":"https:\/\/agora.xtec.cat\/ceip-dolorsalmeda-cornella\/?p=6413"},"modified":"2023-10-09T22:00:08","modified_gmt":"2023-10-09T20:00:08","slug":"collserola-2","status":"publish","type":"post","link":"https:\/\/agora.xtec.cat\/ceip-dolorsalmeda-cornella\/portada\/collserola-2\/","title":{"rendered":"Collserola"},"content":{"rendered":"<p>Els infants de 1r han fet la seva primera excursi\u00f3 d&#8217;aquesta nova etapa. Hem anat al parc natural de Collserola i han pogut gaudir de la natura en estat pur.<\/p>\n<p>Per una banda, hem pogut passejar pel bosc, veure les difer\u00e8ncies entre els 2 arbres m\u00e9s nombrosos de Collserola (el pi i l&#8217;alzina), sentir aquells sons tan relaxants dels ocells i per \u00faltim, fer una activitat on hem trobat uns objectes que res tenen a veure amb el bosc. S\u00f3n les escombraries que a vegades deixem quan passem el dia al bosc o a la muntanya i que no hem d&#8217;oblidar. A m\u00e9s, hem recordat com es classifiquen en els diferents contenidors.<\/p>\n<p>Per altra banda, hem pogut experimentar, observar amb lupes, crear quadres amb elements naturals, mirar contes, tocar instruments fets amb troncs i llavors, fer una petjada dels animals que ens envoltava, construir amb fustes, olorar les plantes arom\u00e0tiques de l&#8217;entorn i, fins i tot, hem apr\u00e8s a clavar claus. Ja podem ajudar les fam\u00edlies a muntar mobles!!!<\/p>\n<p>Ens ho hem passat molt b\u00e9, gaudint d&#8217;aquest entorn natural que tenim tan a prop. Com sempre, moltes gr\u00e0cies a les fam\u00edlies que ens han acompanyat.<\/p>\n\n\t\t<style type=\"text\/css\">\n\t\t\t#gallery-1 {\n\t\t\t\tmargin: auto;\n\t\t\t}\n\t\t\t#gallery-1 .gallery-item {\n\t\t\t\tfloat: left;\n\t\t\t\tmargin-top: 10px;\n\t\t\t\ttext-align: center;\n\t\t\t\twidth: 25%;\n\t\t\t}\n\t\t\t#gallery-1 img {\n\t\t\t\tborder: 2px solid #cfcfcf;\n\t\t\t}\n\t\t\t#gallery-1 .gallery-caption {\n\t\t\t\tmargin-left: 0;\n\t\t\t}\n\t\t\t\/* see gallery_shortcode() in wp-includes\/media.php *\/\n\t\t<\/style>\n\t\t<div id='gallery-1' class='gallery galleryid-6413 gallery-columns-4 gallery-size-medium'><dl class='gallery-item'>\n\t\t\t<dt class='gallery-icon landscape'>\n\t\t\t\t<a href='https:\/\/agora.xtec.cat\/ceip-dolorsalmeda-cornella\/portada\/collserola-2\/attachment\/whatsapp-image-2023-09-29-at-17-46-20-1\/'><img loading=\"lazy\" decoding=\"async\" width=\"300\" height=\"300\" src=\"https:\/\/agora.xtec.cat\/ceip-dolorsalmeda-cornella\/wp-content\/uploads\/usu30\/2023\/09\/WhatsApp-Image-2023-09-29-at-17.46.20-1-300x300.jpeg\" class=\"attachment-medium size-medium\" alt=\"\" srcset=\"https:\/\/agora.xtec.cat\/ceip-dolorsalmeda-cornella\/wp-content\/uploads\/usu30\/2023\/09\/WhatsApp-Image-2023-09-29-at-17.46.20-1-300x300.jpeg 300w, https:\/\/agora.xtec.cat\/ceip-dolorsalmeda-cornella\/wp-content\/uploads\/usu30\/2023\/09\/WhatsApp-Image-2023-09-29-at-17.46.20-1-1024x1024.jpeg 1024w, https:\/\/agora.xtec.cat\/ceip-dolorsalmeda-cornella\/wp-content\/uploads\/usu30\/2023\/09\/WhatsApp-Image-2023-09-29-at-17.46.20-1-150x150.jpeg 150w, https:\/\/agora.xtec.cat\/ceip-dolorsalmeda-cornella\/wp-content\/uploads\/usu30\/2023\/09\/WhatsApp-Image-2023-09-29-at-17.46.20-1-768x768.jpeg 768w, https:\/\/agora.xtec.cat\/ceip-dolorsalmeda-cornella\/wp-content\/uploads\/usu30\/2023\/09\/WhatsApp-Image-2023-09-29-at-17.46.20-1.jpeg 1440w\" sizes=\"auto, (max-width: 300px) 100vw, 300px\" \/><\/a>\n\t\t\t<\/dt><\/dl><dl class='gallery-item'>\n\t\t\t<dt class='gallery-icon landscape'>\n\t\t\t\t<a href='https:\/\/agora.xtec.cat\/ceip-dolorsalmeda-cornella\/portada\/collserola-2\/attachment\/whatsapp-image-2023-09-29-at-17-46-20\/'><img loading=\"lazy\" decoding=\"async\" width=\"300\" height=\"300\" src=\"https:\/\/agora.xtec.cat\/ceip-dolorsalmeda-cornella\/wp-content\/uploads\/usu30\/2023\/09\/WhatsApp-Image-2023-09-29-at-17.46.20-300x300.jpeg\" class=\"attachment-medium size-medium\" alt=\"\" srcset=\"https:\/\/agora.xtec.cat\/ceip-dolorsalmeda-cornella\/wp-content\/uploads\/usu30\/2023\/09\/WhatsApp-Image-2023-09-29-at-17.46.20-300x300.jpeg 300w, https:\/\/agora.xtec.cat\/ceip-dolorsalmeda-cornella\/wp-content\/uploads\/usu30\/2023\/09\/WhatsApp-Image-2023-09-29-at-17.46.20-1024x1024.jpeg 1024w, https:\/\/agora.xtec.cat\/ceip-dolorsalmeda-cornella\/wp-content\/uploads\/usu30\/2023\/09\/WhatsApp-Image-2023-09-29-at-17.46.20-150x150.jpeg 150w, https:\/\/agora.xtec.cat\/ceip-dolorsalmeda-cornella\/wp-content\/uploads\/usu30\/2023\/09\/WhatsApp-Image-2023-09-29-at-17.46.20-768x768.jpeg 768w, https:\/\/agora.xtec.cat\/ceip-dolorsalmeda-cornella\/wp-content\/uploads\/usu30\/2023\/09\/WhatsApp-Image-2023-09-29-at-17.46.20.jpeg 1440w\" sizes=\"auto, (max-width: 300px) 100vw, 300px\" \/><\/a>\n\t\t\t<\/dt><\/dl><dl class='gallery-item'>\n\t\t\t<dt class='gallery-icon landscape'>\n\t\t\t\t<a href='https:\/\/agora.xtec.cat\/ceip-dolorsalmeda-cornella\/portada\/collserola-2\/attachment\/whatsapp-image-2023-09-29-at-17-46-19-2\/'><img loading=\"lazy\" decoding=\"async\" width=\"300\" height=\"300\" src=\"https:\/\/agora.xtec.cat\/ceip-dolorsalmeda-cornella\/wp-content\/uploads\/usu30\/2023\/09\/WhatsApp-Image-2023-09-29-at-17.46.19-2-300x300.jpeg\" class=\"attachment-medium size-medium\" alt=\"\" srcset=\"https:\/\/agora.xtec.cat\/ceip-dolorsalmeda-cornella\/wp-content\/uploads\/usu30\/2023\/09\/WhatsApp-Image-2023-09-29-at-17.46.19-2-300x300.jpeg 300w, https:\/\/agora.xtec.cat\/ceip-dolorsalmeda-cornella\/wp-content\/uploads\/usu30\/2023\/09\/WhatsApp-Image-2023-09-29-at-17.46.19-2-150x150.jpeg 150w, https:\/\/agora.xtec.cat\/ceip-dolorsalmeda-cornella\/wp-content\/uploads\/usu30\/2023\/09\/WhatsApp-Image-2023-09-29-at-17.46.19-2.jpeg 767w\" sizes=\"auto, (max-width: 300px) 100vw, 300px\" \/><\/a>\n\t\t\t<\/dt><\/dl><dl class='gallery-item'>\n\t\t\t<dt class='gallery-icon landscape'>\n\t\t\t\t<a href='https:\/\/agora.xtec.cat\/ceip-dolorsalmeda-cornella\/portada\/collserola-2\/attachment\/whatsapp-image-2023-09-29-at-17-46-19-1\/'><img loading=\"lazy\" decoding=\"async\" width=\"300\" height=\"300\" src=\"https:\/\/agora.xtec.cat\/ceip-dolorsalmeda-cornella\/wp-content\/uploads\/usu30\/2023\/09\/WhatsApp-Image-2023-09-29-at-17.46.19-1-300x300.jpeg\" class=\"attachment-medium size-medium\" alt=\"\" srcset=\"https:\/\/agora.xtec.cat\/ceip-dolorsalmeda-cornella\/wp-content\/uploads\/usu30\/2023\/09\/WhatsApp-Image-2023-09-29-at-17.46.19-1-300x300.jpeg 300w, https:\/\/agora.xtec.cat\/ceip-dolorsalmeda-cornella\/wp-content\/uploads\/usu30\/2023\/09\/WhatsApp-Image-2023-09-29-at-17.46.19-1-1024x1024.jpeg 1024w, https:\/\/agora.xtec.cat\/ceip-dolorsalmeda-cornella\/wp-content\/uploads\/usu30\/2023\/09\/WhatsApp-Image-2023-09-29-at-17.46.19-1-150x150.jpeg 150w, https:\/\/agora.xtec.cat\/ceip-dolorsalmeda-cornella\/wp-content\/uploads\/usu30\/2023\/09\/WhatsApp-Image-2023-09-29-at-17.46.19-1-768x768.jpeg 768w, https:\/\/agora.xtec.cat\/ceip-dolorsalmeda-cornella\/wp-content\/uploads\/usu30\/2023\/09\/WhatsApp-Image-2023-09-29-at-17.46.19-1.jpeg 1440w\" sizes=\"auto, (max-width: 300px) 100vw, 300px\" \/><\/a>\n\t\t\t<\/dt><\/dl><br style=\"clear: both\" \/><dl class='gallery-item'>\n\t\t\t<dt class='gallery-icon landscape'>\n\t\t\t\t<a href='https:\/\/agora.xtec.cat\/ceip-dolorsalmeda-cornella\/portada\/collserola-2\/attachment\/whatsapp-image-2023-09-29-at-17-46-19\/'><img loading=\"lazy\" decoding=\"async\" width=\"300\" height=\"300\" src=\"https:\/\/agora.xtec.cat\/ceip-dolorsalmeda-cornella\/wp-content\/uploads\/usu30\/2023\/09\/WhatsApp-Image-2023-09-29-at-17.46.19-300x300.jpeg\" class=\"attachment-medium size-medium\" alt=\"\" srcset=\"https:\/\/agora.xtec.cat\/ceip-dolorsalmeda-cornella\/wp-content\/uploads\/usu30\/2023\/09\/WhatsApp-Image-2023-09-29-at-17.46.19-300x300.jpeg 300w, https:\/\/agora.xtec.cat\/ceip-dolorsalmeda-cornella\/wp-content\/uploads\/usu30\/2023\/09\/WhatsApp-Image-2023-09-29-at-17.46.19-150x150.jpeg 150w, https:\/\/agora.xtec.cat\/ceip-dolorsalmeda-cornella\/wp-content\/uploads\/usu30\/2023\/09\/WhatsApp-Image-2023-09-29-at-17.46.19.jpeg 767w\" sizes=\"auto, (max-width: 300px) 100vw, 300px\" \/><\/a>\n\t\t\t<\/dt><\/dl><dl class='gallery-item'>\n\t\t\t<dt class='gallery-icon landscape'>\n\t\t\t\t<a href='https:\/\/agora.xtec.cat\/ceip-dolorsalmeda-cornella\/portada\/collserola-2\/attachment\/whatsapp-image-2023-09-29-at-17-46-18\/'><img loading=\"lazy\" decoding=\"async\" width=\"300\" height=\"300\" src=\"https:\/\/agora.xtec.cat\/ceip-dolorsalmeda-cornella\/wp-content\/uploads\/usu30\/2023\/09\/WhatsApp-Image-2023-09-29-at-17.46.18-300x300.jpeg\" class=\"attachment-medium size-medium\" alt=\"\" srcset=\"https:\/\/agora.xtec.cat\/ceip-dolorsalmeda-cornella\/wp-content\/uploads\/usu30\/2023\/09\/WhatsApp-Image-2023-09-29-at-17.46.18-300x300.jpeg 300w, https:\/\/agora.xtec.cat\/ceip-dolorsalmeda-cornella\/wp-content\/uploads\/usu30\/2023\/09\/WhatsApp-Image-2023-09-29-at-17.46.18-1024x1024.jpeg 1024w, https:\/\/agora.xtec.cat\/ceip-dolorsalmeda-cornella\/wp-content\/uploads\/usu30\/2023\/09\/WhatsApp-Image-2023-09-29-at-17.46.18-150x150.jpeg 150w, https:\/\/agora.xtec.cat\/ceip-dolorsalmeda-cornella\/wp-content\/uploads\/usu30\/2023\/09\/WhatsApp-Image-2023-09-29-at-17.46.18-768x768.jpeg 768w, https:\/\/agora.xtec.cat\/ceip-dolorsalmeda-cornella\/wp-content\/uploads\/usu30\/2023\/09\/WhatsApp-Image-2023-09-29-at-17.46.18.jpeg 1440w\" sizes=\"auto, (max-width: 300px) 100vw, 300px\" \/><\/a>\n\t\t\t<\/dt><\/dl><dl class='gallery-item'>\n\t\t\t<dt class='gallery-icon landscape'>\n\t\t\t\t<a href='https:\/\/agora.xtec.cat\/ceip-dolorsalmeda-cornella\/portada\/collserola-2\/attachment\/whatsapp-image-2023-09-29-at-17-46-17-1\/'><img loading=\"lazy\" decoding=\"async\" width=\"300\" height=\"300\" src=\"https:\/\/agora.xtec.cat\/ceip-dolorsalmeda-cornella\/wp-content\/uploads\/usu30\/2023\/09\/WhatsApp-Image-2023-09-29-at-17.46.17-1-300x300.jpeg\" class=\"attachment-medium size-medium\" alt=\"\" srcset=\"https:\/\/agora.xtec.cat\/ceip-dolorsalmeda-cornella\/wp-content\/uploads\/usu30\/2023\/09\/WhatsApp-Image-2023-09-29-at-17.46.17-1-300x300.jpeg 300w, https:\/\/agora.xtec.cat\/ceip-dolorsalmeda-cornella\/wp-content\/uploads\/usu30\/2023\/09\/WhatsApp-Image-2023-09-29-at-17.46.17-1-1024x1024.jpeg 1024w, https:\/\/agora.xtec.cat\/ceip-dolorsalmeda-cornella\/wp-content\/uploads\/usu30\/2023\/09\/WhatsApp-Image-2023-09-29-at-17.46.17-1-150x150.jpeg 150w, https:\/\/agora.xtec.cat\/ceip-dolorsalmeda-cornella\/wp-content\/uploads\/usu30\/2023\/09\/WhatsApp-Image-2023-09-29-at-17.46.17-1-768x768.jpeg 768w, https:\/\/agora.xtec.cat\/ceip-dolorsalmeda-cornella\/wp-content\/uploads\/usu30\/2023\/09\/WhatsApp-Image-2023-09-29-at-17.46.17-1.jpeg 1440w\" sizes=\"auto, (max-width: 300px) 100vw, 300px\" \/><\/a>\n\t\t\t<\/dt><\/dl><dl class='gallery-item'>\n\t\t\t<dt class='gallery-icon landscape'>\n\t\t\t\t<a href='https:\/\/agora.xtec.cat\/ceip-dolorsalmeda-cornella\/portada\/collserola-2\/attachment\/whatsapp-image-2023-09-29-at-17-46-17\/'><img loading=\"lazy\" decoding=\"async\" width=\"300\" height=\"300\" src=\"https:\/\/agora.xtec.cat\/ceip-dolorsalmeda-cornella\/wp-content\/uploads\/usu30\/2023\/09\/WhatsApp-Image-2023-09-29-at-17.46.17-300x300.jpeg\" class=\"attachment-medium size-medium\" alt=\"\" srcset=\"https:\/\/agora.xtec.cat\/ceip-dolorsalmeda-cornella\/wp-content\/uploads\/usu30\/2023\/09\/WhatsApp-Image-2023-09-29-at-17.46.17-300x300.jpeg 300w, https:\/\/agora.xtec.cat\/ceip-dolorsalmeda-cornella\/wp-content\/uploads\/usu30\/2023\/09\/WhatsApp-Image-2023-09-29-at-17.46.17-150x150.jpeg 150w, https:\/\/agora.xtec.cat\/ceip-dolorsalmeda-cornella\/wp-content\/uploads\/usu30\/2023\/09\/WhatsApp-Image-2023-09-29-at-17.46.17.jpeg 768w\" sizes=\"auto, (max-width: 300px) 100vw, 300px\" \/><\/a>\n\t\t\t<\/dt><\/dl><br style=\"clear: both\" \/>\n\t\t<\/div>\n\n","protected":false},"excerpt":{"rendered":"<p>Els infants de 1r han fet la seva primera excursi\u00f3 d&#8217;aquesta nova etapa. Hem anat al parc natural de Collserola i han pogut gaudir de la natura en estat pur.<br \/>\nPer una banda, hem pogut passejar pel bosc, veure les difer\u00e8ncies entre els 2 arbres m\u00e9s&hellip;  <a href=\"https:\/\/agora.xtec.cat\/ceip-dolorsalmeda-cornella\/portada\/collserola-2\/\" title=\"Read Collserola\">Llegeix m\u00e9s\u00bb<\/a><\/p>\n","protected":false},"author":23,"featured_media":6418,"comment_status":"open","ping_status":"closed","sticky":false,"template":"","format":"standard","meta":{"_bbp_topic_count":0,"_bbp_reply_count":0,"_bbp_total_topic_count":0,"_bbp_total_reply_count":0,"_bbp_voice_count":0,"_bbp_anonymous_reply_count":0,"_bbp_topic_count_hidden":0,"_bbp_reply_count_hidden":0,"_bbp_forum_subforum_count":0,"footnotes":""},"categories":[10,4,5],"tags":[264,164,113],"class_list":["post-6413","post","type-post","status-publish","format-standard","has-post-thumbnail","hentry","category-1r","category-portada","category-primaria","tag-1r","tag-collserola","tag-sortida"],"post_mailing_queue_ids":[],"_links":{"self":[{"href":"https:\/\/agora.xtec.cat\/ceip-dolorsalmeda-cornella\/wp-json\/wp\/v2\/posts\/6413","targetHints":{"allow":["GET"]}}],"collection":[{"href":"https:\/\/agora.xtec.cat\/ceip-dolorsalmeda-cornella\/wp-json\/wp\/v2\/posts"}],"about":[{"href":"https:\/\/agora.xtec.cat\/ceip-dolorsalmeda-cornella\/wp-json\/wp\/v2\/types\/post"}],"author":[{"embeddable":true,"href":"https:\/\/agora.xtec.cat\/ceip-dolorsalmeda-cornella\/wp-json\/wp\/v2\/users\/23"}],"replies":[{"embeddable":true,"href":"https:\/\/agora.xtec.cat\/ceip-dolorsalmeda-cornella\/wp-json\/wp\/v2\/comments?post=6413"}],"version-history":[{"count":2,"href":"https:\/\/agora.xtec.cat\/ceip-dolorsalmeda-cornella\/wp-json\/wp\/v2\/posts\/6413\/revisions"}],"predecessor-version":[{"id":6439,"href":"https:\/\/agora.xtec.cat\/ceip-dolorsalmeda-cornella\/wp-json\/wp\/v2\/posts\/6413\/revisions\/6439"}],"wp:featuredmedia":[{"embeddable":true,"href":"https:\/\/agora.xtec.cat\/ceip-dolorsalmeda-cornella\/wp-json\/wp\/v2\/media\/6418"}],"wp:attachment":[{"href":"https:\/\/agora.xtec.cat\/ceip-dolorsalmeda-cornella\/wp-json\/wp\/v2\/media?parent=6413"}],"wp:term":[{"taxonomy":"category","embeddable":true,"href":"https:\/\/agora.xtec.cat\/ceip-dolorsalmeda-cornella\/wp-json\/wp\/v2\/categories?post=6413"},{"taxonomy":"post_tag","embeddable":true,"href":"https:\/\/agora.xtec.cat\/ceip-dolorsalmeda-cornella\/wp-json\/wp\/v2\/tags?post=6413"}],"curies":[{"name":"wp","href":"https:\/\/api.w.org\/{rel}","templated":true}]}}