{"id":6355,"date":"2023-07-03T13:33:32","date_gmt":"2023-07-03T11:33:32","guid":{"rendered":"https:\/\/agora.xtec.cat\/ceip-dolorsalmeda-cornella\/?p=6355"},"modified":"2023-07-03T13:33:32","modified_gmt":"2023-07-03T11:33:32","slug":"mmaca","status":"publish","type":"post","link":"https:\/\/agora.xtec.cat\/ceip-dolorsalmeda-cornella\/general\/mmaca\/","title":{"rendered":"MMACA"},"content":{"rendered":"<p>Els infants de primer van anar ahir al MMACA (Museu de les MAtem\u00e0tiques de CAtalunya) situat al Palau de Can Mercader. \ud83c\udf33\ud83c\udfe3\ud83c\udf33\ud83d\udd22<\/p>\n<p>En el taller \u201cDescobrir la geometria\u201d l\u2019alumnat va treballar en petits grups manipulant pol\u00edgons diferents. Es va fer un treball d\u2019identificaci\u00f3 de les peces i van estar explora t com combinar-les per crear noves formes geom\u00e8triques, potenciant la percepci\u00f3 espacial i la creativitat. \ud83d\udd3a\ud83d\udd3b<\/p>\n<p>Despr\u00e9s van visitar la sala \u201cMaria Montessori\u201d on van trobar un recull de materials i propostes pensades per aquestes edats. Despr\u00e9s d\u2019una breu presentaci\u00f3 i indicacions sobre els diferents m\u00f2duls a c\u00e0rrec de les educadores del MMACA, de forma lliure, els infants van poder afrontar els diferents reptes de l\u2019exposici\u00f3 que inclo\u00efen c\u00e0lcul, geometria, distribuci\u00f3 al pla i a l\u2019espai i orientaci\u00f3, amb el suport, si calia, de les educadores. \ud83d\udd18\ud83d\udcd0\ud83e\udded\ud83d\udc69\ud83c\udffd\u200d\ud83c\udfeb<\/p>\n<p>Una experi\u00e8ncia matem\u00e0tica d\u2019all\u00f2 m\u00e9s enriquidora! \ud83d\udfe3\ud83d\udfe9\ud83e\udd73<\/p>\n\n\t\t<style type=\"text\/css\">\n\t\t\t#gallery-1 {\n\t\t\t\tmargin: auto;\n\t\t\t}\n\t\t\t#gallery-1 .gallery-item {\n\t\t\t\tfloat: left;\n\t\t\t\tmargin-top: 10px;\n\t\t\t\ttext-align: center;\n\t\t\t\twidth: 50%;\n\t\t\t}\n\t\t\t#gallery-1 img {\n\t\t\t\tborder: 2px solid #cfcfcf;\n\t\t\t}\n\t\t\t#gallery-1 .gallery-caption {\n\t\t\t\tmargin-left: 0;\n\t\t\t}\n\t\t\t\/* see gallery_shortcode() in wp-includes\/media.php *\/\n\t\t<\/style>\n\t\t<div id='gallery-1' class='gallery galleryid-6355 gallery-columns-2 gallery-size-medium'><dl class='gallery-item'>\n\t\t\t<dt class='gallery-icon landscape'>\n\t\t\t\t<a href='https:\/\/agora.xtec.cat\/ceip-dolorsalmeda-cornella\/general\/mmaca\/attachment\/whatsapp-image-2023-07-03-at-13-29-44-1\/'><img loading=\"lazy\" decoding=\"async\" width=\"300\" height=\"138\" src=\"https:\/\/agora.xtec.cat\/ceip-dolorsalmeda-cornella\/wp-content\/uploads\/usu30\/2023\/07\/WhatsApp-Image-2023-07-03-at-13.29.44-1-300x138.jpeg\" class=\"attachment-medium size-medium\" alt=\"\" srcset=\"https:\/\/agora.xtec.cat\/ceip-dolorsalmeda-cornella\/wp-content\/uploads\/usu30\/2023\/07\/WhatsApp-Image-2023-07-03-at-13.29.44-1-300x138.jpeg 300w, https:\/\/agora.xtec.cat\/ceip-dolorsalmeda-cornella\/wp-content\/uploads\/usu30\/2023\/07\/WhatsApp-Image-2023-07-03-at-13.29.44-1-1024x472.jpeg 1024w, https:\/\/agora.xtec.cat\/ceip-dolorsalmeda-cornella\/wp-content\/uploads\/usu30\/2023\/07\/WhatsApp-Image-2023-07-03-at-13.29.44-1-768x354.jpeg 768w, https:\/\/agora.xtec.cat\/ceip-dolorsalmeda-cornella\/wp-content\/uploads\/usu30\/2023\/07\/WhatsApp-Image-2023-07-03-at-13.29.44-1-1536x708.jpeg 1536w, https:\/\/agora.xtec.cat\/ceip-dolorsalmeda-cornella\/wp-content\/uploads\/usu30\/2023\/07\/WhatsApp-Image-2023-07-03-at-13.29.44-1.jpeg 1600w\" sizes=\"auto, (max-width: 300px) 100vw, 300px\" \/><\/a>\n\t\t\t<\/dt><\/dl><dl class='gallery-item'>\n\t\t\t<dt class='gallery-icon landscape'>\n\t\t\t\t<a href='https:\/\/agora.xtec.cat\/ceip-dolorsalmeda-cornella\/general\/mmaca\/attachment\/whatsapp-image-2023-07-03-at-13-29-45-1\/'><img loading=\"lazy\" decoding=\"async\" width=\"300\" height=\"138\" src=\"https:\/\/agora.xtec.cat\/ceip-dolorsalmeda-cornella\/wp-content\/uploads\/usu30\/2023\/07\/WhatsApp-Image-2023-07-03-at-13.29.45-1-300x138.jpeg\" class=\"attachment-medium size-medium\" alt=\"\" srcset=\"https:\/\/agora.xtec.cat\/ceip-dolorsalmeda-cornella\/wp-content\/uploads\/usu30\/2023\/07\/WhatsApp-Image-2023-07-03-at-13.29.45-1-300x138.jpeg 300w, https:\/\/agora.xtec.cat\/ceip-dolorsalmeda-cornella\/wp-content\/uploads\/usu30\/2023\/07\/WhatsApp-Image-2023-07-03-at-13.29.45-1-1024x472.jpeg 1024w, https:\/\/agora.xtec.cat\/ceip-dolorsalmeda-cornella\/wp-content\/uploads\/usu30\/2023\/07\/WhatsApp-Image-2023-07-03-at-13.29.45-1-768x354.jpeg 768w, https:\/\/agora.xtec.cat\/ceip-dolorsalmeda-cornella\/wp-content\/uploads\/usu30\/2023\/07\/WhatsApp-Image-2023-07-03-at-13.29.45-1-1536x708.jpeg 1536w, https:\/\/agora.xtec.cat\/ceip-dolorsalmeda-cornella\/wp-content\/uploads\/usu30\/2023\/07\/WhatsApp-Image-2023-07-03-at-13.29.45-1.jpeg 1600w\" sizes=\"auto, (max-width: 300px) 100vw, 300px\" \/><\/a>\n\t\t\t<\/dt><\/dl><br style=\"clear: both\" \/><dl class='gallery-item'>\n\t\t\t<dt class='gallery-icon landscape'>\n\t\t\t\t<a href='https:\/\/agora.xtec.cat\/ceip-dolorsalmeda-cornella\/general\/mmaca\/attachment\/whatsapp-image-2023-07-03-at-13-29-45\/'><img loading=\"lazy\" decoding=\"async\" width=\"300\" height=\"138\" src=\"https:\/\/agora.xtec.cat\/ceip-dolorsalmeda-cornella\/wp-content\/uploads\/usu30\/2023\/07\/WhatsApp-Image-2023-07-03-at-13.29.45-300x138.jpeg\" class=\"attachment-medium size-medium\" alt=\"\" srcset=\"https:\/\/agora.xtec.cat\/ceip-dolorsalmeda-cornella\/wp-content\/uploads\/usu30\/2023\/07\/WhatsApp-Image-2023-07-03-at-13.29.45-300x138.jpeg 300w, https:\/\/agora.xtec.cat\/ceip-dolorsalmeda-cornella\/wp-content\/uploads\/usu30\/2023\/07\/WhatsApp-Image-2023-07-03-at-13.29.45-1024x472.jpeg 1024w, https:\/\/agora.xtec.cat\/ceip-dolorsalmeda-cornella\/wp-content\/uploads\/usu30\/2023\/07\/WhatsApp-Image-2023-07-03-at-13.29.45-768x354.jpeg 768w, https:\/\/agora.xtec.cat\/ceip-dolorsalmeda-cornella\/wp-content\/uploads\/usu30\/2023\/07\/WhatsApp-Image-2023-07-03-at-13.29.45-1536x708.jpeg 1536w, https:\/\/agora.xtec.cat\/ceip-dolorsalmeda-cornella\/wp-content\/uploads\/usu30\/2023\/07\/WhatsApp-Image-2023-07-03-at-13.29.45.jpeg 1600w\" sizes=\"auto, (max-width: 300px) 100vw, 300px\" \/><\/a>\n\t\t\t<\/dt><\/dl><dl class='gallery-item'>\n\t\t\t<dt class='gallery-icon landscape'>\n\t\t\t\t<a href='https:\/\/agora.xtec.cat\/ceip-dolorsalmeda-cornella\/general\/mmaca\/attachment\/whatsapp-image-2023-07-03-at-13-29-44\/'><img loading=\"lazy\" decoding=\"async\" width=\"300\" height=\"138\" src=\"https:\/\/agora.xtec.cat\/ceip-dolorsalmeda-cornella\/wp-content\/uploads\/usu30\/2023\/07\/WhatsApp-Image-2023-07-03-at-13.29.44-300x138.jpeg\" class=\"attachment-medium size-medium\" alt=\"\" srcset=\"https:\/\/agora.xtec.cat\/ceip-dolorsalmeda-cornella\/wp-content\/uploads\/usu30\/2023\/07\/WhatsApp-Image-2023-07-03-at-13.29.44-300x138.jpeg 300w, https:\/\/agora.xtec.cat\/ceip-dolorsalmeda-cornella\/wp-content\/uploads\/usu30\/2023\/07\/WhatsApp-Image-2023-07-03-at-13.29.44-1024x472.jpeg 1024w, https:\/\/agora.xtec.cat\/ceip-dolorsalmeda-cornella\/wp-content\/uploads\/usu30\/2023\/07\/WhatsApp-Image-2023-07-03-at-13.29.44-768x354.jpeg 768w, https:\/\/agora.xtec.cat\/ceip-dolorsalmeda-cornella\/wp-content\/uploads\/usu30\/2023\/07\/WhatsApp-Image-2023-07-03-at-13.29.44-1536x708.jpeg 1536w, https:\/\/agora.xtec.cat\/ceip-dolorsalmeda-cornella\/wp-content\/uploads\/usu30\/2023\/07\/WhatsApp-Image-2023-07-03-at-13.29.44.jpeg 1600w\" sizes=\"auto, (max-width: 300px) 100vw, 300px\" \/><\/a>\n\t\t\t<\/dt><\/dl><br style=\"clear: both\" \/>\n\t\t<\/div>\n\n","protected":false},"excerpt":{"rendered":"<p>Els infants de primer van anar ahir al MMACA (Museu de les MAtem\u00e0tiques de CAtalunya) situat al Palau de Can Mercader. \ud83c\udf33\ud83c\udfe3\ud83c\udf33\ud83d\udd22<br \/>\nEn el taller \u201cDescobrir la geometria\u201d l\u2019alumnat va treballar en petits grups manipulant pol\u00edgons diferents. Es va fer un treball d\u2019identificaci\u00f3 de les peces&hellip;  <a href=\"https:\/\/agora.xtec.cat\/ceip-dolorsalmeda-cornella\/general\/mmaca\/\" title=\"Read MMACA\">Llegeix m\u00e9s\u00bb<\/a><\/p>\n","protected":false},"author":1,"featured_media":6359,"comment_status":"open","ping_status":"closed","sticky":false,"template":"","format":"standard","meta":{"_bbp_topic_count":0,"_bbp_reply_count":0,"_bbp_total_topic_count":0,"_bbp_total_reply_count":0,"_bbp_voice_count":0,"_bbp_anonymous_reply_count":0,"_bbp_topic_count_hidden":0,"_bbp_reply_count_hidden":0,"_bbp_forum_subforum_count":0,"footnotes":""},"categories":[10,1,4,5],"tags":[],"class_list":["post-6355","post","type-post","status-publish","format-standard","has-post-thumbnail","hentry","category-1r","category-general","category-portada","category-primaria"],"post_mailing_queue_ids":[],"_links":{"self":[{"href":"https:\/\/agora.xtec.cat\/ceip-dolorsalmeda-cornella\/wp-json\/wp\/v2\/posts\/6355","targetHints":{"allow":["GET"]}}],"collection":[{"href":"https:\/\/agora.xtec.cat\/ceip-dolorsalmeda-cornella\/wp-json\/wp\/v2\/posts"}],"about":[{"href":"https:\/\/agora.xtec.cat\/ceip-dolorsalmeda-cornella\/wp-json\/wp\/v2\/types\/post"}],"author":[{"embeddable":true,"href":"https:\/\/agora.xtec.cat\/ceip-dolorsalmeda-cornella\/wp-json\/wp\/v2\/users\/1"}],"replies":[{"embeddable":true,"href":"https:\/\/agora.xtec.cat\/ceip-dolorsalmeda-cornella\/wp-json\/wp\/v2\/comments?post=6355"}],"version-history":[{"count":1,"href":"https:\/\/agora.xtec.cat\/ceip-dolorsalmeda-cornella\/wp-json\/wp\/v2\/posts\/6355\/revisions"}],"predecessor-version":[{"id":6360,"href":"https:\/\/agora.xtec.cat\/ceip-dolorsalmeda-cornella\/wp-json\/wp\/v2\/posts\/6355\/revisions\/6360"}],"wp:featuredmedia":[{"embeddable":true,"href":"https:\/\/agora.xtec.cat\/ceip-dolorsalmeda-cornella\/wp-json\/wp\/v2\/media\/6359"}],"wp:attachment":[{"href":"https:\/\/agora.xtec.cat\/ceip-dolorsalmeda-cornella\/wp-json\/wp\/v2\/media?parent=6355"}],"wp:term":[{"taxonomy":"category","embeddable":true,"href":"https:\/\/agora.xtec.cat\/ceip-dolorsalmeda-cornella\/wp-json\/wp\/v2\/categories?post=6355"},{"taxonomy":"post_tag","embeddable":true,"href":"https:\/\/agora.xtec.cat\/ceip-dolorsalmeda-cornella\/wp-json\/wp\/v2\/tags?post=6355"}],"curies":[{"name":"wp","href":"https:\/\/api.w.org\/{rel}","templated":true}]}}