{"id":6179,"date":"2023-05-25T11:21:46","date_gmt":"2023-05-25T09:21:46","guid":{"rendered":"https:\/\/agora.xtec.cat\/ceip-dolorsalmeda-cornella\/?p=6179"},"modified":"2023-05-25T11:21:46","modified_gmt":"2023-05-25T09:21:46","slug":"billy-elliot","status":"publish","type":"post","link":"https:\/\/agora.xtec.cat\/ceip-dolorsalmeda-cornella\/portada\/billy-elliot\/","title":{"rendered":"BILLY ELLIOT"},"content":{"rendered":"<p>Els infants de 4t i 6\u00e8 van gaudir ahir a l\u2019escola del musical Billy Elliot en angl\u00e8s. \ud83c\udfb6<\/p>\n<p>En aquest espectacle van acompanyar en Billy en el seu viatge per descobrir la seva veritable passi\u00f3, la dansa, i alhora, per veure les seves dificultats per expressar lliurement all\u00f2 que li agrada, sense por a ser menystingut per la resta d\u2019amigues i amics. \ud83d\udd7a\ud83c\udffb\ud83e\ude70<\/p>\n<p>La hist\u00f2ria del Billy, en primera persona, convidava tamb\u00e9 a reflexions molt interessants amb els infants: Hi ha aficions de nenes i aficions de nens? Per qu\u00e8 se\u2019n riuen de nosaltres quan no actuem com ho fa la majoria, quan trenquem amb all\u00f2 establert? El Bullying serveix per amagar les pr\u00f2pies pors dels qui el fan?<\/p>\n<p>Una obra que segur no els ha deixat indiferents.<\/p>\n\n\t\t<style type=\"text\/css\">\n\t\t\t#gallery-1 {\n\t\t\t\tmargin: auto;\n\t\t\t}\n\t\t\t#gallery-1 .gallery-item {\n\t\t\t\tfloat: left;\n\t\t\t\tmargin-top: 10px;\n\t\t\t\ttext-align: center;\n\t\t\t\twidth: 33%;\n\t\t\t}\n\t\t\t#gallery-1 img {\n\t\t\t\tborder: 2px solid #cfcfcf;\n\t\t\t}\n\t\t\t#gallery-1 .gallery-caption {\n\t\t\t\tmargin-left: 0;\n\t\t\t}\n\t\t\t\/* see gallery_shortcode() in wp-includes\/media.php *\/\n\t\t<\/style>\n\t\t<div id='gallery-1' class='gallery galleryid-6179 gallery-columns-3 gallery-size-thumbnail'><dl class='gallery-item'>\n\t\t\t<dt class='gallery-icon landscape'>\n\t\t\t\t<a href='https:\/\/agora.xtec.cat\/ceip-dolorsalmeda-cornella\/portada\/billy-elliot\/attachment\/whatsapp-image-2023-05-25-at-09-07-57\/'><img loading=\"lazy\" decoding=\"async\" width=\"150\" height=\"150\" src=\"https:\/\/agora.xtec.cat\/ceip-dolorsalmeda-cornella\/wp-content\/uploads\/usu30\/2023\/05\/WhatsApp-Image-2023-05-25-at-09.07.57-150x150.jpeg\" class=\"attachment-thumbnail size-thumbnail\" alt=\"\" \/><\/a>\n\t\t\t<\/dt><\/dl><dl class='gallery-item'>\n\t\t\t<dt class='gallery-icon landscape'>\n\t\t\t\t<a href='https:\/\/agora.xtec.cat\/ceip-dolorsalmeda-cornella\/portada\/billy-elliot\/attachment\/whatsapp-image-2023-05-25-at-09-07-55\/'><img loading=\"lazy\" decoding=\"async\" width=\"150\" height=\"150\" src=\"https:\/\/agora.xtec.cat\/ceip-dolorsalmeda-cornella\/wp-content\/uploads\/usu30\/2023\/05\/WhatsApp-Image-2023-05-25-at-09.07.55-150x150.jpeg\" class=\"attachment-thumbnail size-thumbnail\" alt=\"\" \/><\/a>\n\t\t\t<\/dt><\/dl><dl class='gallery-item'>\n\t\t\t<dt class='gallery-icon landscape'>\n\t\t\t\t<a href='https:\/\/agora.xtec.cat\/ceip-dolorsalmeda-cornella\/portada\/billy-elliot\/attachment\/whatsapp-image-2023-05-25-at-09-07-54\/'><img loading=\"lazy\" decoding=\"async\" width=\"150\" height=\"150\" src=\"https:\/\/agora.xtec.cat\/ceip-dolorsalmeda-cornella\/wp-content\/uploads\/usu30\/2023\/05\/WhatsApp-Image-2023-05-25-at-09.07.54-150x150.jpeg\" class=\"attachment-thumbnail size-thumbnail\" alt=\"\" \/><\/a>\n\t\t\t<\/dt><\/dl><br style=\"clear: both\" \/>\n\t\t<\/div>\n\n","protected":false},"excerpt":{"rendered":"<p>Els infants de 4t i 6\u00e8 van gaudir ahir a l\u2019escola del musical Billy Elliot en angl\u00e8s. \ud83c\udfb6<br \/>\nEn aquest espectacle van acompanyar en Billy en el seu viatge per descobrir la seva veritable passi\u00f3, la dansa, i alhora, per veure les seves dificultats per expressar&hellip;  <a href=\"https:\/\/agora.xtec.cat\/ceip-dolorsalmeda-cornella\/portada\/billy-elliot\/\" title=\"Read BILLY ELLIOT\">Llegeix m\u00e9s\u00bb<\/a><\/p>\n","protected":false},"author":23,"featured_media":6182,"comment_status":"open","ping_status":"closed","sticky":false,"template":"","format":"standard","meta":{"_bbp_topic_count":0,"_bbp_reply_count":0,"_bbp_total_topic_count":0,"_bbp_total_reply_count":0,"_bbp_voice_count":0,"_bbp_anonymous_reply_count":0,"_bbp_topic_count_hidden":0,"_bbp_reply_count_hidden":0,"_bbp_forum_subforum_count":0,"footnotes":""},"categories":[13,15,4,5],"tags":[142,118,100,131],"class_list":["post-6179","post","type-post","status-publish","format-standard","has-post-thumbnail","hentry","category-4t","category-6e","category-portada","category-primaria","tag-4t","tag-6e","tag-angles","tag-teatre"],"post_mailing_queue_ids":[],"_links":{"self":[{"href":"https:\/\/agora.xtec.cat\/ceip-dolorsalmeda-cornella\/wp-json\/wp\/v2\/posts\/6179","targetHints":{"allow":["GET"]}}],"collection":[{"href":"https:\/\/agora.xtec.cat\/ceip-dolorsalmeda-cornella\/wp-json\/wp\/v2\/posts"}],"about":[{"href":"https:\/\/agora.xtec.cat\/ceip-dolorsalmeda-cornella\/wp-json\/wp\/v2\/types\/post"}],"author":[{"embeddable":true,"href":"https:\/\/agora.xtec.cat\/ceip-dolorsalmeda-cornella\/wp-json\/wp\/v2\/users\/23"}],"replies":[{"embeddable":true,"href":"https:\/\/agora.xtec.cat\/ceip-dolorsalmeda-cornella\/wp-json\/wp\/v2\/comments?post=6179"}],"version-history":[{"count":1,"href":"https:\/\/agora.xtec.cat\/ceip-dolorsalmeda-cornella\/wp-json\/wp\/v2\/posts\/6179\/revisions"}],"predecessor-version":[{"id":6183,"href":"https:\/\/agora.xtec.cat\/ceip-dolorsalmeda-cornella\/wp-json\/wp\/v2\/posts\/6179\/revisions\/6183"}],"wp:featuredmedia":[{"embeddable":true,"href":"https:\/\/agora.xtec.cat\/ceip-dolorsalmeda-cornella\/wp-json\/wp\/v2\/media\/6182"}],"wp:attachment":[{"href":"https:\/\/agora.xtec.cat\/ceip-dolorsalmeda-cornella\/wp-json\/wp\/v2\/media?parent=6179"}],"wp:term":[{"taxonomy":"category","embeddable":true,"href":"https:\/\/agora.xtec.cat\/ceip-dolorsalmeda-cornella\/wp-json\/wp\/v2\/categories?post=6179"},{"taxonomy":"post_tag","embeddable":true,"href":"https:\/\/agora.xtec.cat\/ceip-dolorsalmeda-cornella\/wp-json\/wp\/v2\/tags?post=6179"}],"curies":[{"name":"wp","href":"https:\/\/api.w.org\/{rel}","templated":true}]}}