{"id":5942,"date":"2023-04-22T09:56:35","date_gmt":"2023-04-22T07:56:35","guid":{"rendered":"https:\/\/agora.xtec.cat\/ceip-dolorsalmeda-cornella\/?p=5942"},"modified":"2023-04-22T10:19:26","modified_gmt":"2023-04-22T08:19:26","slug":"jurat-jocs-florals","status":"publish","type":"post","link":"https:\/\/agora.xtec.cat\/ceip-dolorsalmeda-cornella\/general\/jurat-jocs-florals\/","title":{"rendered":"Jurat dels Jocs Florals"},"content":{"rendered":"<p>Dilluns a la tarda es va reunir el jurat per determinar les guanyadores i guanyadors del concurs de jocs florals de l\u2019escola. \ud83d\udc69\ud83c\udffd\u200d\u2696\ufe0f\ud83d\udcdc\u270d\ud83c\udffc<\/p>\n<p>El jurat est\u00e0 format per fam\u00edlies, antics alumnes aix\u00ed com mestres jubilades que trien el millor dibuix, poema, rodol\u00ed o endevinalla entre tres finalistes de cada classe. Divendres vam celebrar Sant Jordi i es va desvetllar el<\/p>\n\n\t\t<style type=\"text\/css\">\n\t\t\t#gallery-1 {\n\t\t\t\tmargin: auto;\n\t\t\t}\n\t\t\t#gallery-1 .gallery-item {\n\t\t\t\tfloat: left;\n\t\t\t\tmargin-top: 10px;\n\t\t\t\ttext-align: center;\n\t\t\t\twidth: 50%;\n\t\t\t}\n\t\t\t#gallery-1 img {\n\t\t\t\tborder: 2px solid #cfcfcf;\n\t\t\t}\n\t\t\t#gallery-1 .gallery-caption {\n\t\t\t\tmargin-left: 0;\n\t\t\t}\n\t\t\t\/* see gallery_shortcode() in wp-includes\/media.php *\/\n\t\t<\/style>\n\t\t<div id='gallery-1' class='gallery galleryid-5942 gallery-columns-2 gallery-size-medium'><dl class='gallery-item'>\n\t\t\t<dt class='gallery-icon portrait'>\n\t\t\t\t<a href='https:\/\/agora.xtec.cat\/ceip-dolorsalmeda-cornella\/general\/jurat-jocs-florals\/attachment\/whatsapp-image-2023-04-22-at-09-54-41-1\/'><img loading=\"lazy\" decoding=\"async\" width=\"240\" height=\"300\" src=\"https:\/\/agora.xtec.cat\/ceip-dolorsalmeda-cornella\/wp-content\/uploads\/usu30\/2023\/04\/WhatsApp-Image-2023-04-22-at-09.54.41-1-240x300.jpeg\" class=\"attachment-medium size-medium\" alt=\"\" srcset=\"https:\/\/agora.xtec.cat\/ceip-dolorsalmeda-cornella\/wp-content\/uploads\/usu30\/2023\/04\/WhatsApp-Image-2023-04-22-at-09.54.41-1-240x300.jpeg 240w, https:\/\/agora.xtec.cat\/ceip-dolorsalmeda-cornella\/wp-content\/uploads\/usu30\/2023\/04\/WhatsApp-Image-2023-04-22-at-09.54.41-1-819x1024.jpeg 819w, https:\/\/agora.xtec.cat\/ceip-dolorsalmeda-cornella\/wp-content\/uploads\/usu30\/2023\/04\/WhatsApp-Image-2023-04-22-at-09.54.41-1-768x960.jpeg 768w, https:\/\/agora.xtec.cat\/ceip-dolorsalmeda-cornella\/wp-content\/uploads\/usu30\/2023\/04\/WhatsApp-Image-2023-04-22-at-09.54.41-1-1229x1536.jpeg 1229w, https:\/\/agora.xtec.cat\/ceip-dolorsalmeda-cornella\/wp-content\/uploads\/usu30\/2023\/04\/WhatsApp-Image-2023-04-22-at-09.54.41-1.jpeg 1440w\" sizes=\"auto, (max-width: 240px) 100vw, 240px\" \/><\/a>\n\t\t\t<\/dt><\/dl><dl class='gallery-item'>\n\t\t\t<dt class='gallery-icon portrait'>\n\t\t\t\t<a href='https:\/\/agora.xtec.cat\/ceip-dolorsalmeda-cornella\/general\/jurat-jocs-florals\/attachment\/whatsapp-image-2023-04-22-at-09-54-41\/'><img loading=\"lazy\" decoding=\"async\" width=\"240\" height=\"300\" src=\"https:\/\/agora.xtec.cat\/ceip-dolorsalmeda-cornella\/wp-content\/uploads\/usu30\/2023\/04\/WhatsApp-Image-2023-04-22-at-09.54.41-240x300.jpeg\" class=\"attachment-medium size-medium\" alt=\"\" srcset=\"https:\/\/agora.xtec.cat\/ceip-dolorsalmeda-cornella\/wp-content\/uploads\/usu30\/2023\/04\/WhatsApp-Image-2023-04-22-at-09.54.41-240x300.jpeg 240w, https:\/\/agora.xtec.cat\/ceip-dolorsalmeda-cornella\/wp-content\/uploads\/usu30\/2023\/04\/WhatsApp-Image-2023-04-22-at-09.54.41-819x1024.jpeg 819w, https:\/\/agora.xtec.cat\/ceip-dolorsalmeda-cornella\/wp-content\/uploads\/usu30\/2023\/04\/WhatsApp-Image-2023-04-22-at-09.54.41-768x960.jpeg 768w, https:\/\/agora.xtec.cat\/ceip-dolorsalmeda-cornella\/wp-content\/uploads\/usu30\/2023\/04\/WhatsApp-Image-2023-04-22-at-09.54.41-1229x1536.jpeg 1229w, https:\/\/agora.xtec.cat\/ceip-dolorsalmeda-cornella\/wp-content\/uploads\/usu30\/2023\/04\/WhatsApp-Image-2023-04-22-at-09.54.41.jpeg 1440w\" sizes=\"auto, (max-width: 240px) 100vw, 240px\" \/><\/a>\n\t\t\t<\/dt><\/dl><br style=\"clear: both\" \/><dl class='gallery-item'>\n\t\t\t<dt class='gallery-icon portrait'>\n\t\t\t\t<a href='https:\/\/agora.xtec.cat\/ceip-dolorsalmeda-cornella\/general\/jurat-jocs-florals\/attachment\/whatsapp-image-2023-04-22-at-09-54-42-1-2\/'><img loading=\"lazy\" decoding=\"async\" width=\"240\" height=\"300\" src=\"https:\/\/agora.xtec.cat\/ceip-dolorsalmeda-cornella\/wp-content\/uploads\/usu30\/2023\/04\/WhatsApp-Image-2023-04-22-at-09.54.42-1-1-240x300.jpeg\" class=\"attachment-medium size-medium\" alt=\"\" srcset=\"https:\/\/agora.xtec.cat\/ceip-dolorsalmeda-cornella\/wp-content\/uploads\/usu30\/2023\/04\/WhatsApp-Image-2023-04-22-at-09.54.42-1-1-240x300.jpeg 240w, https:\/\/agora.xtec.cat\/ceip-dolorsalmeda-cornella\/wp-content\/uploads\/usu30\/2023\/04\/WhatsApp-Image-2023-04-22-at-09.54.42-1-1-819x1024.jpeg 819w, https:\/\/agora.xtec.cat\/ceip-dolorsalmeda-cornella\/wp-content\/uploads\/usu30\/2023\/04\/WhatsApp-Image-2023-04-22-at-09.54.42-1-1-768x960.jpeg 768w, https:\/\/agora.xtec.cat\/ceip-dolorsalmeda-cornella\/wp-content\/uploads\/usu30\/2023\/04\/WhatsApp-Image-2023-04-22-at-09.54.42-1-1-1229x1536.jpeg 1229w, https:\/\/agora.xtec.cat\/ceip-dolorsalmeda-cornella\/wp-content\/uploads\/usu30\/2023\/04\/WhatsApp-Image-2023-04-22-at-09.54.42-1-1.jpeg 1440w\" sizes=\"auto, (max-width: 240px) 100vw, 240px\" \/><\/a>\n\t\t\t<\/dt><\/dl><dl class='gallery-item'>\n\t\t\t<dt class='gallery-icon portrait'>\n\t\t\t\t<a href='https:\/\/agora.xtec.cat\/ceip-dolorsalmeda-cornella\/general\/jurat-jocs-florals\/attachment\/whatsapp-image-2023-04-22-at-09-54-42\/'><img loading=\"lazy\" decoding=\"async\" width=\"240\" height=\"300\" src=\"https:\/\/agora.xtec.cat\/ceip-dolorsalmeda-cornella\/wp-content\/uploads\/usu30\/2023\/04\/WhatsApp-Image-2023-04-22-at-09.54.42-240x300.jpeg\" class=\"attachment-medium size-medium\" alt=\"\" srcset=\"https:\/\/agora.xtec.cat\/ceip-dolorsalmeda-cornella\/wp-content\/uploads\/usu30\/2023\/04\/WhatsApp-Image-2023-04-22-at-09.54.42-240x300.jpeg 240w, https:\/\/agora.xtec.cat\/ceip-dolorsalmeda-cornella\/wp-content\/uploads\/usu30\/2023\/04\/WhatsApp-Image-2023-04-22-at-09.54.42-819x1024.jpeg 819w, https:\/\/agora.xtec.cat\/ceip-dolorsalmeda-cornella\/wp-content\/uploads\/usu30\/2023\/04\/WhatsApp-Image-2023-04-22-at-09.54.42-768x960.jpeg 768w, https:\/\/agora.xtec.cat\/ceip-dolorsalmeda-cornella\/wp-content\/uploads\/usu30\/2023\/04\/WhatsApp-Image-2023-04-22-at-09.54.42-1229x1536.jpeg 1229w, https:\/\/agora.xtec.cat\/ceip-dolorsalmeda-cornella\/wp-content\/uploads\/usu30\/2023\/04\/WhatsApp-Image-2023-04-22-at-09.54.42.jpeg 1440w\" sizes=\"auto, (max-width: 240px) 100vw, 240px\" \/><\/a>\n\t\t\t<\/dt><\/dl><br style=\"clear: both\" \/>\n\t\t<\/div>\n\n<p>misteri\u2026 \ud83d\udd0d<\/p>\n","protected":false},"excerpt":{"rendered":"<p>Dilluns a la tarda es va reunir el jurat per determinar les guanyadores i guanyadors del concurs de jocs florals de l\u2019escola. \ud83d\udc69\ud83c\udffd\u200d\u2696\ufe0f\ud83d\udcdc\u270d\ud83c\udffc<br \/>\nEl jurat est\u00e0 format per fam\u00edlies, antics alumnes aix\u00ed com mestres jubilades que trien el millor dibuix, poema, rodol\u00ed o endevinalla entre tres&hellip;  <a href=\"https:\/\/agora.xtec.cat\/ceip-dolorsalmeda-cornella\/general\/jurat-jocs-florals\/\" title=\"Read Jurat dels Jocs Florals\">Llegeix m\u00e9s\u00bb<\/a><\/p>\n","protected":false},"author":23,"featured_media":5950,"comment_status":"open","ping_status":"closed","sticky":false,"template":"","format":"standard","meta":{"_bbp_topic_count":0,"_bbp_reply_count":0,"_bbp_total_topic_count":0,"_bbp_total_reply_count":0,"_bbp_voice_count":0,"_bbp_anonymous_reply_count":0,"_bbp_topic_count_hidden":0,"_bbp_reply_count_hidden":0,"_bbp_forum_subforum_count":0,"footnotes":""},"categories":[10,11,12,13,14,15,1,3,8,9,2,4,5],"tags":[],"class_list":["post-5942","post","type-post","status-publish","format-standard","has-post-thumbnail","hentry","category-1r","category-2n","category-3r","category-4t","category-5e","category-6e","category-general","category-i3","category-i4","category-i5","category-infantil","category-portada","category-primaria"],"post_mailing_queue_ids":[],"_links":{"self":[{"href":"https:\/\/agora.xtec.cat\/ceip-dolorsalmeda-cornella\/wp-json\/wp\/v2\/posts\/5942","targetHints":{"allow":["GET"]}}],"collection":[{"href":"https:\/\/agora.xtec.cat\/ceip-dolorsalmeda-cornella\/wp-json\/wp\/v2\/posts"}],"about":[{"href":"https:\/\/agora.xtec.cat\/ceip-dolorsalmeda-cornella\/wp-json\/wp\/v2\/types\/post"}],"author":[{"embeddable":true,"href":"https:\/\/agora.xtec.cat\/ceip-dolorsalmeda-cornella\/wp-json\/wp\/v2\/users\/23"}],"replies":[{"embeddable":true,"href":"https:\/\/agora.xtec.cat\/ceip-dolorsalmeda-cornella\/wp-json\/wp\/v2\/comments?post=5942"}],"version-history":[{"count":3,"href":"https:\/\/agora.xtec.cat\/ceip-dolorsalmeda-cornella\/wp-json\/wp\/v2\/posts\/5942\/revisions"}],"predecessor-version":[{"id":5957,"href":"https:\/\/agora.xtec.cat\/ceip-dolorsalmeda-cornella\/wp-json\/wp\/v2\/posts\/5942\/revisions\/5957"}],"wp:featuredmedia":[{"embeddable":true,"href":"https:\/\/agora.xtec.cat\/ceip-dolorsalmeda-cornella\/wp-json\/wp\/v2\/media\/5950"}],"wp:attachment":[{"href":"https:\/\/agora.xtec.cat\/ceip-dolorsalmeda-cornella\/wp-json\/wp\/v2\/media?parent=5942"}],"wp:term":[{"taxonomy":"category","embeddable":true,"href":"https:\/\/agora.xtec.cat\/ceip-dolorsalmeda-cornella\/wp-json\/wp\/v2\/categories?post=5942"},{"taxonomy":"post_tag","embeddable":true,"href":"https:\/\/agora.xtec.cat\/ceip-dolorsalmeda-cornella\/wp-json\/wp\/v2\/tags?post=5942"}],"curies":[{"name":"wp","href":"https:\/\/api.w.org\/{rel}","templated":true}]}}