{"id":5935,"date":"2023-04-21T08:51:15","date_gmt":"2023-04-21T06:51:15","guid":{"rendered":"https:\/\/agora.xtec.cat\/ceip-dolorsalmeda-cornella\/?p=5935"},"modified":"2023-04-22T09:57:02","modified_gmt":"2023-04-22T07:57:02","slug":"taller-fotonica","status":"publish","type":"post","link":"https:\/\/agora.xtec.cat\/ceip-dolorsalmeda-cornella\/portada\/taller-fotonica\/","title":{"rendered":"Taller fot\u00f2nica"},"content":{"rendered":"<p>L\u2019alumnat de 4t ha rebut la visita de la Laura i en Joan, dos cient\u00edfics amb molta curiositat a qui els agrada molt descobrir coses noves.<\/p>\n<p>En el taller els han explicat qu\u00e8 \u00e9s l\u2019energia fot\u00f2nica: la ci\u00e8ncia i la tecnologia de la generaci\u00f3, control i detecci\u00f3 de fotons, que son part\u00edcules de llum. Aix\u00ed han descobert que, igual que les plantes aprofiten la llum del Sol per poder crear el seu propi aliment a trav\u00e9s de la fotos\u00edntesi, els humans tamb\u00e9 podem aprofitar la llum solar per fer coses. \u2600\ufe0f<\/p>\n<p>Sabeu de quin color \u00e9s la llum? Els infants ho han descobert en una part del taller, experimentant amb lots, per despr\u00e9s desxifrar un missatge amb llum ultraviolada. \ud83d\udd26 En la segona part, han pogut experimentar amb petites plaques solars que transformaven la llum en energia per a moure petits ventiladors o reproduir melodies musicals \ud83c\udfb6.<\/p>\n\n\t\t<style type=\"text\/css\">\n\t\t\t#gallery-1 {\n\t\t\t\tmargin: auto;\n\t\t\t}\n\t\t\t#gallery-1 .gallery-item {\n\t\t\t\tfloat: left;\n\t\t\t\tmargin-top: 10px;\n\t\t\t\ttext-align: center;\n\t\t\t\twidth: 50%;\n\t\t\t}\n\t\t\t#gallery-1 img {\n\t\t\t\tborder: 2px solid #cfcfcf;\n\t\t\t}\n\t\t\t#gallery-1 .gallery-caption {\n\t\t\t\tmargin-left: 0;\n\t\t\t}\n\t\t\t\/* see gallery_shortcode() in wp-includes\/media.php *\/\n\t\t<\/style>\n\t\t<div id='gallery-1' class='gallery galleryid-5935 gallery-columns-2 gallery-size-medium'><dl class='gallery-item'>\n\t\t\t<dt class='gallery-icon portrait'>\n\t\t\t\t<a href='https:\/\/agora.xtec.cat\/ceip-dolorsalmeda-cornella\/portada\/taller-fotonica\/attachment\/whatsapp-image-2023-04-20-at-19-01-37\/'><img loading=\"lazy\" decoding=\"async\" width=\"240\" height=\"300\" src=\"https:\/\/agora.xtec.cat\/ceip-dolorsalmeda-cornella\/wp-content\/uploads\/usu30\/2023\/04\/WhatsApp-Image-2023-04-20-at-19.01.37-240x300.jpeg\" class=\"attachment-medium size-medium\" alt=\"\" srcset=\"https:\/\/agora.xtec.cat\/ceip-dolorsalmeda-cornella\/wp-content\/uploads\/usu30\/2023\/04\/WhatsApp-Image-2023-04-20-at-19.01.37-240x300.jpeg 240w, https:\/\/agora.xtec.cat\/ceip-dolorsalmeda-cornella\/wp-content\/uploads\/usu30\/2023\/04\/WhatsApp-Image-2023-04-20-at-19.01.37-819x1024.jpeg 819w, https:\/\/agora.xtec.cat\/ceip-dolorsalmeda-cornella\/wp-content\/uploads\/usu30\/2023\/04\/WhatsApp-Image-2023-04-20-at-19.01.37-768x960.jpeg 768w, https:\/\/agora.xtec.cat\/ceip-dolorsalmeda-cornella\/wp-content\/uploads\/usu30\/2023\/04\/WhatsApp-Image-2023-04-20-at-19.01.37-1229x1536.jpeg 1229w, https:\/\/agora.xtec.cat\/ceip-dolorsalmeda-cornella\/wp-content\/uploads\/usu30\/2023\/04\/WhatsApp-Image-2023-04-20-at-19.01.37.jpeg 1440w\" sizes=\"auto, (max-width: 240px) 100vw, 240px\" \/><\/a>\n\t\t\t<\/dt><\/dl><dl class='gallery-item'>\n\t\t\t<dt class='gallery-icon portrait'>\n\t\t\t\t<a href='https:\/\/agora.xtec.cat\/ceip-dolorsalmeda-cornella\/portada\/taller-fotonica\/attachment\/whatsapp-image-2023-04-20-at-19-01-36-1\/'><img loading=\"lazy\" decoding=\"async\" width=\"241\" height=\"300\" src=\"https:\/\/agora.xtec.cat\/ceip-dolorsalmeda-cornella\/wp-content\/uploads\/usu30\/2023\/04\/WhatsApp-Image-2023-04-20-at-19.01.36-1-241x300.jpeg\" class=\"attachment-medium size-medium\" alt=\"\" srcset=\"https:\/\/agora.xtec.cat\/ceip-dolorsalmeda-cornella\/wp-content\/uploads\/usu30\/2023\/04\/WhatsApp-Image-2023-04-20-at-19.01.36-1-241x300.jpeg 241w, https:\/\/agora.xtec.cat\/ceip-dolorsalmeda-cornella\/wp-content\/uploads\/usu30\/2023\/04\/WhatsApp-Image-2023-04-20-at-19.01.36-1-821x1024.jpeg 821w, https:\/\/agora.xtec.cat\/ceip-dolorsalmeda-cornella\/wp-content\/uploads\/usu30\/2023\/04\/WhatsApp-Image-2023-04-20-at-19.01.36-1-768x957.jpeg 768w, https:\/\/agora.xtec.cat\/ceip-dolorsalmeda-cornella\/wp-content\/uploads\/usu30\/2023\/04\/WhatsApp-Image-2023-04-20-at-19.01.36-1-1232x1536.jpeg 1232w, https:\/\/agora.xtec.cat\/ceip-dolorsalmeda-cornella\/wp-content\/uploads\/usu30\/2023\/04\/WhatsApp-Image-2023-04-20-at-19.01.36-1.jpeg 1440w\" sizes=\"auto, (max-width: 241px) 100vw, 241px\" \/><\/a>\n\t\t\t<\/dt><\/dl><br style=\"clear: both\" \/><dl class='gallery-item'>\n\t\t\t<dt class='gallery-icon portrait'>\n\t\t\t\t<a href='https:\/\/agora.xtec.cat\/ceip-dolorsalmeda-cornella\/portada\/taller-fotonica\/attachment\/whatsapp-image-2023-04-20-at-19-01-36\/'><img loading=\"lazy\" decoding=\"async\" width=\"241\" height=\"300\" src=\"https:\/\/agora.xtec.cat\/ceip-dolorsalmeda-cornella\/wp-content\/uploads\/usu30\/2023\/04\/WhatsApp-Image-2023-04-20-at-19.01.36-241x300.jpeg\" class=\"attachment-medium size-medium\" alt=\"\" srcset=\"https:\/\/agora.xtec.cat\/ceip-dolorsalmeda-cornella\/wp-content\/uploads\/usu30\/2023\/04\/WhatsApp-Image-2023-04-20-at-19.01.36-241x300.jpeg 241w, https:\/\/agora.xtec.cat\/ceip-dolorsalmeda-cornella\/wp-content\/uploads\/usu30\/2023\/04\/WhatsApp-Image-2023-04-20-at-19.01.36-821x1024.jpeg 821w, https:\/\/agora.xtec.cat\/ceip-dolorsalmeda-cornella\/wp-content\/uploads\/usu30\/2023\/04\/WhatsApp-Image-2023-04-20-at-19.01.36-768x957.jpeg 768w, https:\/\/agora.xtec.cat\/ceip-dolorsalmeda-cornella\/wp-content\/uploads\/usu30\/2023\/04\/WhatsApp-Image-2023-04-20-at-19.01.36-1232x1536.jpeg 1232w, https:\/\/agora.xtec.cat\/ceip-dolorsalmeda-cornella\/wp-content\/uploads\/usu30\/2023\/04\/WhatsApp-Image-2023-04-20-at-19.01.36.jpeg 1440w\" sizes=\"auto, (max-width: 241px) 100vw, 241px\" \/><\/a>\n\t\t\t<\/dt><\/dl><dl class='gallery-item'>\n\t\t\t<dt class='gallery-icon portrait'>\n\t\t\t\t<a href='https:\/\/agora.xtec.cat\/ceip-dolorsalmeda-cornella\/portada\/taller-fotonica\/attachment\/whatsapp-image-2023-04-20-at-19-01-35\/'><img loading=\"lazy\" decoding=\"async\" width=\"240\" height=\"300\" src=\"https:\/\/agora.xtec.cat\/ceip-dolorsalmeda-cornella\/wp-content\/uploads\/usu30\/2023\/04\/WhatsApp-Image-2023-04-20-at-19.01.35-240x300.jpeg\" class=\"attachment-medium size-medium\" alt=\"\" srcset=\"https:\/\/agora.xtec.cat\/ceip-dolorsalmeda-cornella\/wp-content\/uploads\/usu30\/2023\/04\/WhatsApp-Image-2023-04-20-at-19.01.35-240x300.jpeg 240w, https:\/\/agora.xtec.cat\/ceip-dolorsalmeda-cornella\/wp-content\/uploads\/usu30\/2023\/04\/WhatsApp-Image-2023-04-20-at-19.01.35-819x1024.jpeg 819w, https:\/\/agora.xtec.cat\/ceip-dolorsalmeda-cornella\/wp-content\/uploads\/usu30\/2023\/04\/WhatsApp-Image-2023-04-20-at-19.01.35-768x960.jpeg 768w, https:\/\/agora.xtec.cat\/ceip-dolorsalmeda-cornella\/wp-content\/uploads\/usu30\/2023\/04\/WhatsApp-Image-2023-04-20-at-19.01.35-1229x1536.jpeg 1229w, https:\/\/agora.xtec.cat\/ceip-dolorsalmeda-cornella\/wp-content\/uploads\/usu30\/2023\/04\/WhatsApp-Image-2023-04-20-at-19.01.35.jpeg 1440w\" sizes=\"auto, (max-width: 240px) 100vw, 240px\" \/><\/a>\n\t\t\t<\/dt><\/dl><br style=\"clear: both\" \/>\n\t\t<\/div>\n\n<p>&nbsp;<\/p>\n","protected":false},"excerpt":{"rendered":"<p>L\u2019alumnat de 4t ha rebut la visita de la Laura i en Joan, dos cient\u00edfics amb molta curiositat a qui els agrada molt descobrir coses noves.<br \/>\nEn el taller els han explicat qu\u00e8 \u00e9s l\u2019energia fot\u00f2nica: la ci\u00e8ncia i la tecnologia de la generaci\u00f3, control i&hellip;  <a href=\"https:\/\/agora.xtec.cat\/ceip-dolorsalmeda-cornella\/portada\/taller-fotonica\/\" title=\"Read Taller fot\u00f2nica\">Llegeix m\u00e9s\u00bb<\/a><\/p>\n","protected":false},"author":23,"featured_media":5936,"comment_status":"open","ping_status":"closed","sticky":false,"template":"","format":"standard","meta":{"_bbp_topic_count":0,"_bbp_reply_count":0,"_bbp_total_topic_count":0,"_bbp_total_reply_count":0,"_bbp_voice_count":0,"_bbp_anonymous_reply_count":0,"_bbp_topic_count_hidden":0,"_bbp_reply_count_hidden":0,"_bbp_forum_subforum_count":0,"footnotes":""},"categories":[13,4,5],"tags":[142,95,185],"class_list":["post-5935","post","type-post","status-publish","format-standard","has-post-thumbnail","hentry","category-4t","category-portada","category-primaria","tag-4t","tag-ciencia","tag-taller"],"post_mailing_queue_ids":[],"_links":{"self":[{"href":"https:\/\/agora.xtec.cat\/ceip-dolorsalmeda-cornella\/wp-json\/wp\/v2\/posts\/5935","targetHints":{"allow":["GET"]}}],"collection":[{"href":"https:\/\/agora.xtec.cat\/ceip-dolorsalmeda-cornella\/wp-json\/wp\/v2\/posts"}],"about":[{"href":"https:\/\/agora.xtec.cat\/ceip-dolorsalmeda-cornella\/wp-json\/wp\/v2\/types\/post"}],"author":[{"embeddable":true,"href":"https:\/\/agora.xtec.cat\/ceip-dolorsalmeda-cornella\/wp-json\/wp\/v2\/users\/23"}],"replies":[{"embeddable":true,"href":"https:\/\/agora.xtec.cat\/ceip-dolorsalmeda-cornella\/wp-json\/wp\/v2\/comments?post=5935"}],"version-history":[{"count":3,"href":"https:\/\/agora.xtec.cat\/ceip-dolorsalmeda-cornella\/wp-json\/wp\/v2\/posts\/5935\/revisions"}],"predecessor-version":[{"id":5956,"href":"https:\/\/agora.xtec.cat\/ceip-dolorsalmeda-cornella\/wp-json\/wp\/v2\/posts\/5935\/revisions\/5956"}],"wp:featuredmedia":[{"embeddable":true,"href":"https:\/\/agora.xtec.cat\/ceip-dolorsalmeda-cornella\/wp-json\/wp\/v2\/media\/5936"}],"wp:attachment":[{"href":"https:\/\/agora.xtec.cat\/ceip-dolorsalmeda-cornella\/wp-json\/wp\/v2\/media?parent=5935"}],"wp:term":[{"taxonomy":"category","embeddable":true,"href":"https:\/\/agora.xtec.cat\/ceip-dolorsalmeda-cornella\/wp-json\/wp\/v2\/categories?post=5935"},{"taxonomy":"post_tag","embeddable":true,"href":"https:\/\/agora.xtec.cat\/ceip-dolorsalmeda-cornella\/wp-json\/wp\/v2\/tags?post=5935"}],"curies":[{"name":"wp","href":"https:\/\/api.w.org\/{rel}","templated":true}]}}