{"id":5869,"date":"2023-04-17T17:03:04","date_gmt":"2023-04-17T15:03:04","guid":{"rendered":"https:\/\/agora.xtec.cat\/ceip-dolorsalmeda-cornella\/?p=5869"},"modified":"2023-04-17T19:49:27","modified_gmt":"2023-04-17T17:49:27","slug":"els-nens-i-nenes-de-1r-fem-piscina","status":"publish","type":"post","link":"https:\/\/agora.xtec.cat\/ceip-dolorsalmeda-cornella\/general\/els-nens-i-nenes-de-1r-fem-piscina\/","title":{"rendered":"Fem PISCINA!"},"content":{"rendered":"<p>Aquest trimestre els infants de 1r hem iniciat un nou projecte incl\u00f2s en l&#8217;\u00e0rea d&#8217;Educaci\u00f3 F\u00edsica &#8220;PISCINA \ud83c\udfca\u200d\u2642\ufe0f&#8221;. \u00c9s una prova pilot que farem aquest curs.<\/p>\n<p>L&#8217;activitat de piscina la farem els dilluns al mat\u00ed d&#8217;aquest \u00faltim trimestre al Poliesportiu de Can Mercader.\u00a0 Estem molt contentes i contents ja que els nostres alumnes podran treballar els seg\u00fcents aspectes de la nataci\u00f3:<\/p>\n<ul>\n<li><strong>Familiaritzaci\u00f3 i adaptaci\u00f3 al medi aqu\u00e0tic:<\/strong>\u00a0a trav\u00e9s del treball de les habilitats aqu\u00e0tiques b\u00e0siques a partir del m\u00e0xim d\u2019experi\u00e8ncies motrius possibles.<\/li>\n<li><strong>Domini del medi aqu\u00e0tic i dels despla\u00e7aments: <\/strong>a partir de la pr\u00e0ctica motriu aqu\u00e0tica, a trav\u00e9s del domini del propi cos, dels despla\u00e7aments en el medi aqu\u00e0tic i de les habilitats coordinatives.<\/li>\n<li><strong>Iniciaci\u00f3 a la t\u00e8cnica dels estils:\u00a0<\/strong>mitjan\u00e7ant la pr\u00e0ctica dels diferents estils de nataci\u00f3.<\/li>\n<\/ul>\n<p>El primer dia ha estat tot un \u00e8xit. Els infants han gaudit molt\u00edssim de la nova proposta. Continuem!<\/p>\n\n\t\t<style type=\"text\/css\">\n\t\t\t#gallery-1 {\n\t\t\t\tmargin: auto;\n\t\t\t}\n\t\t\t#gallery-1 .gallery-item {\n\t\t\t\tfloat: left;\n\t\t\t\tmargin-top: 10px;\n\t\t\t\ttext-align: center;\n\t\t\t\twidth: 33%;\n\t\t\t}\n\t\t\t#gallery-1 img {\n\t\t\t\tborder: 2px solid #cfcfcf;\n\t\t\t}\n\t\t\t#gallery-1 .gallery-caption {\n\t\t\t\tmargin-left: 0;\n\t\t\t}\n\t\t\t\/* see gallery_shortcode() in wp-includes\/media.php *\/\n\t\t<\/style>\n\t\t<div id='gallery-1' class='gallery galleryid-5869 gallery-columns-3 gallery-size-thumbnail'><dl class='gallery-item'>\n\t\t\t<dt class='gallery-icon landscape'>\n\t\t\t\t<a href='https:\/\/agora.xtec.cat\/ceip-dolorsalmeda-cornella\/general\/els-nens-i-nenes-de-1r-fem-piscina\/attachment\/44484-1\/'><img loading=\"lazy\" decoding=\"async\" width=\"150\" height=\"150\" src=\"https:\/\/agora.xtec.cat\/ceip-dolorsalmeda-cornella\/wp-content\/uploads\/usu30\/2023\/04\/44484-1-150x150.jpg\" class=\"attachment-thumbnail size-thumbnail\" alt=\"\" \/><\/a>\n\t\t\t<\/dt><\/dl><dl class='gallery-item'>\n\t\t\t<dt class='gallery-icon portrait'>\n\t\t\t\t<a href='https:\/\/agora.xtec.cat\/ceip-dolorsalmeda-cornella\/general\/els-nens-i-nenes-de-1r-fem-piscina\/attachment\/img-20230417-wa0018\/'><img loading=\"lazy\" decoding=\"async\" width=\"150\" height=\"150\" src=\"https:\/\/agora.xtec.cat\/ceip-dolorsalmeda-cornella\/wp-content\/uploads\/usu30\/2023\/04\/IMG-20230417-WA0018-150x150.jpg\" class=\"attachment-thumbnail size-thumbnail\" alt=\"\" \/><\/a>\n\t\t\t<\/dt><\/dl><dl class='gallery-item'>\n\t\t\t<dt class='gallery-icon portrait'>\n\t\t\t\t<a href='https:\/\/agora.xtec.cat\/ceip-dolorsalmeda-cornella\/general\/els-nens-i-nenes-de-1r-fem-piscina\/attachment\/img-20230417-wa0016\/'><img loading=\"lazy\" decoding=\"async\" width=\"150\" height=\"150\" src=\"https:\/\/agora.xtec.cat\/ceip-dolorsalmeda-cornella\/wp-content\/uploads\/usu30\/2023\/04\/IMG-20230417-WA0016-150x150.jpg\" class=\"attachment-thumbnail size-thumbnail\" alt=\"\" \/><\/a>\n\t\t\t<\/dt><\/dl><br style=\"clear: both\" \/><dl class='gallery-item'>\n\t\t\t<dt class='gallery-icon portrait'>\n\t\t\t\t<a href='https:\/\/agora.xtec.cat\/ceip-dolorsalmeda-cornella\/general\/els-nens-i-nenes-de-1r-fem-piscina\/attachment\/img-20230417-wa0019\/'><img loading=\"lazy\" decoding=\"async\" width=\"150\" height=\"150\" src=\"https:\/\/agora.xtec.cat\/ceip-dolorsalmeda-cornella\/wp-content\/uploads\/usu30\/2023\/04\/IMG-20230417-WA0019-150x150.jpg\" class=\"attachment-thumbnail size-thumbnail\" alt=\"\" \/><\/a>\n\t\t\t<\/dt><\/dl><dl class='gallery-item'>\n\t\t\t<dt class='gallery-icon portrait'>\n\t\t\t\t<a href='https:\/\/agora.xtec.cat\/ceip-dolorsalmeda-cornella\/general\/els-nens-i-nenes-de-1r-fem-piscina\/attachment\/img-20230417-wa0028\/'><img loading=\"lazy\" decoding=\"async\" width=\"150\" height=\"150\" src=\"https:\/\/agora.xtec.cat\/ceip-dolorsalmeda-cornella\/wp-content\/uploads\/usu30\/2023\/04\/IMG-20230417-WA0028-150x150.jpg\" class=\"attachment-thumbnail size-thumbnail\" alt=\"\" \/><\/a>\n\t\t\t<\/dt><\/dl>\n\t\t\t<br style='clear: both' \/>\n\t\t<\/div>\n\n","protected":false},"excerpt":{"rendered":"<p>Aquest trimestre els infants de 1r hem iniciat un nou projecte incl\u00f2s en l&#8217;\u00e0rea d&#8217;Educaci\u00f3 F\u00edsica &#8220;PISCINA \ud83c\udfca\u200d\u2642\ufe0f&#8221;. \u00c9s una prova pilot que farem aquest curs.<br \/>\nL&#8217;activitat de piscina la farem els dilluns al mat\u00ed d&#8217;aquest \u00faltim trimestre al Poliesportiu de Can Mercader.\u00a0 Estem molt contentes&hellip;  <a href=\"https:\/\/agora.xtec.cat\/ceip-dolorsalmeda-cornella\/general\/els-nens-i-nenes-de-1r-fem-piscina\/\" title=\"Read Fem PISCINA!\">Llegeix m\u00e9s\u00bb<\/a><\/p>\n","protected":false},"author":1,"featured_media":5874,"comment_status":"open","ping_status":"closed","sticky":false,"template":"","format":"standard","meta":{"_bbp_topic_count":0,"_bbp_reply_count":0,"_bbp_total_topic_count":0,"_bbp_total_reply_count":0,"_bbp_voice_count":0,"_bbp_anonymous_reply_count":0,"_bbp_topic_count_hidden":0,"_bbp_reply_count_hidden":0,"_bbp_forum_subforum_count":0,"footnotes":""},"categories":[10,1,4,5],"tags":[264,137,350],"class_list":["post-5869","post","type-post","status-publish","format-standard","has-post-thumbnail","hentry","category-1r","category-general","category-portada","category-primaria","tag-1r","tag-educacio-fisica","tag-piscina"],"post_mailing_queue_ids":[],"_links":{"self":[{"href":"https:\/\/agora.xtec.cat\/ceip-dolorsalmeda-cornella\/wp-json\/wp\/v2\/posts\/5869","targetHints":{"allow":["GET"]}}],"collection":[{"href":"https:\/\/agora.xtec.cat\/ceip-dolorsalmeda-cornella\/wp-json\/wp\/v2\/posts"}],"about":[{"href":"https:\/\/agora.xtec.cat\/ceip-dolorsalmeda-cornella\/wp-json\/wp\/v2\/types\/post"}],"author":[{"embeddable":true,"href":"https:\/\/agora.xtec.cat\/ceip-dolorsalmeda-cornella\/wp-json\/wp\/v2\/users\/1"}],"replies":[{"embeddable":true,"href":"https:\/\/agora.xtec.cat\/ceip-dolorsalmeda-cornella\/wp-json\/wp\/v2\/comments?post=5869"}],"version-history":[{"count":3,"href":"https:\/\/agora.xtec.cat\/ceip-dolorsalmeda-cornella\/wp-json\/wp\/v2\/posts\/5869\/revisions"}],"predecessor-version":[{"id":5885,"href":"https:\/\/agora.xtec.cat\/ceip-dolorsalmeda-cornella\/wp-json\/wp\/v2\/posts\/5869\/revisions\/5885"}],"wp:featuredmedia":[{"embeddable":true,"href":"https:\/\/agora.xtec.cat\/ceip-dolorsalmeda-cornella\/wp-json\/wp\/v2\/media\/5874"}],"wp:attachment":[{"href":"https:\/\/agora.xtec.cat\/ceip-dolorsalmeda-cornella\/wp-json\/wp\/v2\/media?parent=5869"}],"wp:term":[{"taxonomy":"category","embeddable":true,"href":"https:\/\/agora.xtec.cat\/ceip-dolorsalmeda-cornella\/wp-json\/wp\/v2\/categories?post=5869"},{"taxonomy":"post_tag","embeddable":true,"href":"https:\/\/agora.xtec.cat\/ceip-dolorsalmeda-cornella\/wp-json\/wp\/v2\/tags?post=5869"}],"curies":[{"name":"wp","href":"https:\/\/api.w.org\/{rel}","templated":true}]}}