{"id":5763,"date":"2023-02-28T18:12:28","date_gmt":"2023-02-28T17:12:28","guid":{"rendered":"https:\/\/agora.xtec.cat\/ceip-dolorsalmeda-cornella\/?p=5763"},"modified":"2023-05-25T12:22:18","modified_gmt":"2023-05-25T10:22:18","slug":"setmana-ods-a-cicle-inicial","status":"publish","type":"post","link":"https:\/\/agora.xtec.cat\/ceip-dolorsalmeda-cornella\/general\/setmana-ods-a-cicle-inicial\/","title":{"rendered":"Setmana ODS a Cicle Inicial"},"content":{"rendered":"<p style=\"text-align: justify;\">Els infants de cicle inicial tamb\u00e9 van gaudir molt amb els diferents tallers i propostes relacionades amb un tema que tant ens amo\u00efna: la sostenibilitat. Per aix\u00f2, entre tots i totes, hem de col\u00b7laborar per un m\u00f3n m\u00e9s sostenible per petita que sigui la nostra aportaci\u00f3, i, des de l&#8217;escola, els tallers que vam poder fer i desenvolupar s\u00f3n:<\/p>\n<p>&#8211; Rodes per una mobilitat sostenible.\ud83d\udeb2\ud83d\udef4\ud83d\udefc<br \/>\n&#8211; Espantaocells amb materials reciclats. \ud83e\uddd1\u200d\ud83c\udf3e<br \/>\n&#8211; Jocs en tauletes per un consum responsable.\ud83d\udcbb\ud83c\udf0d<br \/>\n&#8211; Reciclatge d&#8217;ampolles per convertir-les en bonics testos.\ud83e\udeb4\ud83d\udc90<br \/>\n&#8211; Intentar veure la contaminaci\u00f3 i la qualitat de l&#8217;aire. \ud83d\ude37\ud83d\udca8<br \/>\n&#8211; Cartells i pancartes reivindicatives.\ud83d\udecd\ufe0f\ud83d\uded2\ud83d\ude8c<br \/>\n&#8211; Reutilitzar tubs de cartr\u00f3 per fer bonics portallapis. \ud83e\uddfb\u270f\ufe0f<\/p>\n<p>I sobretot despr\u00e9s d&#8217;aquests tallers ens hanquedat clares les tres R: Reciclar, Reutilitzar i Reduir. \u267b\ufe0f<\/p>\n\n\t\t<style type=\"text\/css\">\n\t\t\t#gallery-1 {\n\t\t\t\tmargin: auto;\n\t\t\t}\n\t\t\t#gallery-1 .gallery-item {\n\t\t\t\tfloat: left;\n\t\t\t\tmargin-top: 10px;\n\t\t\t\ttext-align: center;\n\t\t\t\twidth: 33%;\n\t\t\t}\n\t\t\t#gallery-1 img {\n\t\t\t\tborder: 2px solid #cfcfcf;\n\t\t\t}\n\t\t\t#gallery-1 .gallery-caption {\n\t\t\t\tmargin-left: 0;\n\t\t\t}\n\t\t\t\/* see gallery_shortcode() in wp-includes\/media.php *\/\n\t\t<\/style>\n\t\t<div id='gallery-1' class='gallery galleryid-5763 gallery-columns-3 gallery-size-medium'><dl class='gallery-item'>\n\t\t\t<dt class='gallery-icon landscape'>\n\t\t\t\t<a href='https:\/\/agora.xtec.cat\/ceip-dolorsalmeda-cornella\/general\/setmana-ods-a-cicle-inicial\/attachment\/ods-inicial-7\/'><img loading=\"lazy\" decoding=\"async\" width=\"300\" height=\"138\" src=\"https:\/\/agora.xtec.cat\/ceip-dolorsalmeda-cornella\/wp-content\/uploads\/usu30\/2023\/02\/ODS-INICIAL-7-300x138.jpeg\" class=\"attachment-medium size-medium\" alt=\"\" srcset=\"https:\/\/agora.xtec.cat\/ceip-dolorsalmeda-cornella\/wp-content\/uploads\/usu30\/2023\/02\/ODS-INICIAL-7-300x138.jpeg 300w, https:\/\/agora.xtec.cat\/ceip-dolorsalmeda-cornella\/wp-content\/uploads\/usu30\/2023\/02\/ODS-INICIAL-7-1024x472.jpeg 1024w, https:\/\/agora.xtec.cat\/ceip-dolorsalmeda-cornella\/wp-content\/uploads\/usu30\/2023\/02\/ODS-INICIAL-7-768x354.jpeg 768w, https:\/\/agora.xtec.cat\/ceip-dolorsalmeda-cornella\/wp-content\/uploads\/usu30\/2023\/02\/ODS-INICIAL-7-1536x708.jpeg 1536w, https:\/\/agora.xtec.cat\/ceip-dolorsalmeda-cornella\/wp-content\/uploads\/usu30\/2023\/02\/ODS-INICIAL-7.jpeg 1600w\" sizes=\"auto, (max-width: 300px) 100vw, 300px\" \/><\/a>\n\t\t\t<\/dt><\/dl><dl class='gallery-item'>\n\t\t\t<dt class='gallery-icon landscape'>\n\t\t\t\t<a href='https:\/\/agora.xtec.cat\/ceip-dolorsalmeda-cornella\/general\/setmana-ods-a-cicle-inicial\/attachment\/ods-inicial-6\/'><img loading=\"lazy\" decoding=\"async\" width=\"300\" height=\"225\" src=\"https:\/\/agora.xtec.cat\/ceip-dolorsalmeda-cornella\/wp-content\/uploads\/usu30\/2023\/02\/ODS-INICIAL-6-300x225.jpeg\" class=\"attachment-medium size-medium\" alt=\"\" srcset=\"https:\/\/agora.xtec.cat\/ceip-dolorsalmeda-cornella\/wp-content\/uploads\/usu30\/2023\/02\/ODS-INICIAL-6-300x225.jpeg 300w, https:\/\/agora.xtec.cat\/ceip-dolorsalmeda-cornella\/wp-content\/uploads\/usu30\/2023\/02\/ODS-INICIAL-6-1024x768.jpeg 1024w, https:\/\/agora.xtec.cat\/ceip-dolorsalmeda-cornella\/wp-content\/uploads\/usu30\/2023\/02\/ODS-INICIAL-6-768x576.jpeg 768w, https:\/\/agora.xtec.cat\/ceip-dolorsalmeda-cornella\/wp-content\/uploads\/usu30\/2023\/02\/ODS-INICIAL-6-1536x1152.jpeg 1536w, https:\/\/agora.xtec.cat\/ceip-dolorsalmeda-cornella\/wp-content\/uploads\/usu30\/2023\/02\/ODS-INICIAL-6-200x150.jpeg 200w, https:\/\/agora.xtec.cat\/ceip-dolorsalmeda-cornella\/wp-content\/uploads\/usu30\/2023\/02\/ODS-INICIAL-6.jpeg 1600w\" sizes=\"auto, (max-width: 300px) 100vw, 300px\" \/><\/a>\n\t\t\t<\/dt><\/dl><dl class='gallery-item'>\n\t\t\t<dt class='gallery-icon landscape'>\n\t\t\t\t<a href='https:\/\/agora.xtec.cat\/ceip-dolorsalmeda-cornella\/general\/setmana-ods-a-cicle-inicial\/attachment\/ods-inicial-4\/'><img loading=\"lazy\" decoding=\"async\" width=\"300\" height=\"135\" src=\"https:\/\/agora.xtec.cat\/ceip-dolorsalmeda-cornella\/wp-content\/uploads\/usu30\/2023\/02\/ODS-INICIAL-4-300x135.jpeg\" class=\"attachment-medium size-medium\" alt=\"\" srcset=\"https:\/\/agora.xtec.cat\/ceip-dolorsalmeda-cornella\/wp-content\/uploads\/usu30\/2023\/02\/ODS-INICIAL-4-300x135.jpeg 300w, https:\/\/agora.xtec.cat\/ceip-dolorsalmeda-cornella\/wp-content\/uploads\/usu30\/2023\/02\/ODS-INICIAL-4-1024x461.jpeg 1024w, https:\/\/agora.xtec.cat\/ceip-dolorsalmeda-cornella\/wp-content\/uploads\/usu30\/2023\/02\/ODS-INICIAL-4-768x346.jpeg 768w, https:\/\/agora.xtec.cat\/ceip-dolorsalmeda-cornella\/wp-content\/uploads\/usu30\/2023\/02\/ODS-INICIAL-4-1536x691.jpeg 1536w, https:\/\/agora.xtec.cat\/ceip-dolorsalmeda-cornella\/wp-content\/uploads\/usu30\/2023\/02\/ODS-INICIAL-4.jpeg 1600w\" sizes=\"auto, (max-width: 300px) 100vw, 300px\" \/><\/a>\n\t\t\t<\/dt><\/dl><br style=\"clear: both\" \/><dl class='gallery-item'>\n\t\t\t<dt class='gallery-icon landscape'>\n\t\t\t\t<a href='https:\/\/agora.xtec.cat\/ceip-dolorsalmeda-cornella\/general\/setmana-ods-a-cicle-inicial\/attachment\/ods-inicial-3\/'><img loading=\"lazy\" decoding=\"async\" width=\"300\" height=\"225\" src=\"https:\/\/agora.xtec.cat\/ceip-dolorsalmeda-cornella\/wp-content\/uploads\/usu30\/2023\/02\/ODS-INICIAL-3-300x225.jpeg\" class=\"attachment-medium size-medium\" alt=\"\" srcset=\"https:\/\/agora.xtec.cat\/ceip-dolorsalmeda-cornella\/wp-content\/uploads\/usu30\/2023\/02\/ODS-INICIAL-3-300x225.jpeg 300w, https:\/\/agora.xtec.cat\/ceip-dolorsalmeda-cornella\/wp-content\/uploads\/usu30\/2023\/02\/ODS-INICIAL-3-1024x768.jpeg 1024w, https:\/\/agora.xtec.cat\/ceip-dolorsalmeda-cornella\/wp-content\/uploads\/usu30\/2023\/02\/ODS-INICIAL-3-768x576.jpeg 768w, https:\/\/agora.xtec.cat\/ceip-dolorsalmeda-cornella\/wp-content\/uploads\/usu30\/2023\/02\/ODS-INICIAL-3-1536x1152.jpeg 1536w, https:\/\/agora.xtec.cat\/ceip-dolorsalmeda-cornella\/wp-content\/uploads\/usu30\/2023\/02\/ODS-INICIAL-3-200x150.jpeg 200w, https:\/\/agora.xtec.cat\/ceip-dolorsalmeda-cornella\/wp-content\/uploads\/usu30\/2023\/02\/ODS-INICIAL-3.jpeg 1600w\" sizes=\"auto, (max-width: 300px) 100vw, 300px\" \/><\/a>\n\t\t\t<\/dt><\/dl><dl class='gallery-item'>\n\t\t\t<dt class='gallery-icon portrait'>\n\t\t\t\t<a href='https:\/\/agora.xtec.cat\/ceip-dolorsalmeda-cornella\/general\/setmana-ods-a-cicle-inicial\/attachment\/ods-inicial-2\/'><img loading=\"lazy\" decoding=\"async\" width=\"225\" height=\"300\" src=\"https:\/\/agora.xtec.cat\/ceip-dolorsalmeda-cornella\/wp-content\/uploads\/usu30\/2023\/02\/ODS-INICIAL-2-225x300.jpeg\" class=\"attachment-medium size-medium\" alt=\"\" srcset=\"https:\/\/agora.xtec.cat\/ceip-dolorsalmeda-cornella\/wp-content\/uploads\/usu30\/2023\/02\/ODS-INICIAL-2-225x300.jpeg 225w, https:\/\/agora.xtec.cat\/ceip-dolorsalmeda-cornella\/wp-content\/uploads\/usu30\/2023\/02\/ODS-INICIAL-2-768x1024.jpeg 768w, https:\/\/agora.xtec.cat\/ceip-dolorsalmeda-cornella\/wp-content\/uploads\/usu30\/2023\/02\/ODS-INICIAL-2-1152x1536.jpeg 1152w, https:\/\/agora.xtec.cat\/ceip-dolorsalmeda-cornella\/wp-content\/uploads\/usu30\/2023\/02\/ODS-INICIAL-2.jpeg 1200w\" sizes=\"auto, (max-width: 225px) 100vw, 225px\" \/><\/a>\n\t\t\t<\/dt><\/dl><dl class='gallery-item'>\n\t\t\t<dt class='gallery-icon landscape'>\n\t\t\t\t<a href='https:\/\/agora.xtec.cat\/ceip-dolorsalmeda-cornella\/general\/setmana-ods-a-cicle-inicial\/attachment\/ods-inicial-1\/'><img loading=\"lazy\" decoding=\"async\" width=\"300\" height=\"225\" src=\"https:\/\/agora.xtec.cat\/ceip-dolorsalmeda-cornella\/wp-content\/uploads\/usu30\/2023\/02\/ODS-INICIAL-1-300x225.jpeg\" class=\"attachment-medium size-medium\" alt=\"\" srcset=\"https:\/\/agora.xtec.cat\/ceip-dolorsalmeda-cornella\/wp-content\/uploads\/usu30\/2023\/02\/ODS-INICIAL-1-300x225.jpeg 300w, https:\/\/agora.xtec.cat\/ceip-dolorsalmeda-cornella\/wp-content\/uploads\/usu30\/2023\/02\/ODS-INICIAL-1-1024x768.jpeg 1024w, https:\/\/agora.xtec.cat\/ceip-dolorsalmeda-cornella\/wp-content\/uploads\/usu30\/2023\/02\/ODS-INICIAL-1-768x576.jpeg 768w, https:\/\/agora.xtec.cat\/ceip-dolorsalmeda-cornella\/wp-content\/uploads\/usu30\/2023\/02\/ODS-INICIAL-1-1536x1152.jpeg 1536w, https:\/\/agora.xtec.cat\/ceip-dolorsalmeda-cornella\/wp-content\/uploads\/usu30\/2023\/02\/ODS-INICIAL-1-200x150.jpeg 200w, https:\/\/agora.xtec.cat\/ceip-dolorsalmeda-cornella\/wp-content\/uploads\/usu30\/2023\/02\/ODS-INICIAL-1.jpeg 1600w\" sizes=\"auto, (max-width: 300px) 100vw, 300px\" \/><\/a>\n\t\t\t<\/dt><\/dl><br style=\"clear: both\" \/>\n\t\t<\/div>\n\n<p>Amb la col\u00b7laboraci\u00f3 de:<\/p>\n<p><a href=\"https:\/\/agora.xtec.cat\/ceip-dolorsalmeda-cornella\/wp-content\/uploads\/usu30\/2023\/02\/ajuntament-cornella.png\"><img loading=\"lazy\" decoding=\"async\" class=\"aligncenter size-full wp-image-6184\" src=\"https:\/\/agora.xtec.cat\/ceip-dolorsalmeda-cornella\/wp-content\/uploads\/usu30\/2023\/02\/ajuntament-cornella.png\" alt=\"\" width=\"262\" height=\"192\" \/><\/a><\/p>\n","protected":false},"excerpt":{"rendered":"<p>Els infants de cicle inicial tamb\u00e9 van gaudir molt amb els diferents tallers i propostes relacionades amb un tema que tant ens amo\u00efna: la sostenibilitat. Per aix\u00f2, entre tots i totes, hem de col\u00b7laborar per un m\u00f3n m\u00e9s sostenible per petita que sigui la nostra&hellip;  <a href=\"https:\/\/agora.xtec.cat\/ceip-dolorsalmeda-cornella\/general\/setmana-ods-a-cicle-inicial\/\" title=\"Read Setmana ODS a Cicle Inicial\">Llegeix m\u00e9s\u00bb<\/a><\/p>\n","protected":false},"author":1,"featured_media":5761,"comment_status":"open","ping_status":"closed","sticky":false,"template":"","format":"standard","meta":{"_bbp_topic_count":0,"_bbp_reply_count":0,"_bbp_total_topic_count":0,"_bbp_total_reply_count":0,"_bbp_voice_count":0,"_bbp_anonymous_reply_count":0,"_bbp_topic_count_hidden":0,"_bbp_reply_count_hidden":0,"_bbp_forum_subforum_count":0,"footnotes":""},"categories":[10,11,1,4,5],"tags":[337,335,73,172],"class_list":["post-5763","post","type-post","status-publish","format-standard","has-post-thumbnail","hentry","category-1r","category-2n","category-general","category-portada","category-primaria","tag-jornades","tag-ods","tag-projecte","tag-sostenibilitat"],"post_mailing_queue_ids":[],"_links":{"self":[{"href":"https:\/\/agora.xtec.cat\/ceip-dolorsalmeda-cornella\/wp-json\/wp\/v2\/posts\/5763","targetHints":{"allow":["GET"]}}],"collection":[{"href":"https:\/\/agora.xtec.cat\/ceip-dolorsalmeda-cornella\/wp-json\/wp\/v2\/posts"}],"about":[{"href":"https:\/\/agora.xtec.cat\/ceip-dolorsalmeda-cornella\/wp-json\/wp\/v2\/types\/post"}],"author":[{"embeddable":true,"href":"https:\/\/agora.xtec.cat\/ceip-dolorsalmeda-cornella\/wp-json\/wp\/v2\/users\/1"}],"replies":[{"embeddable":true,"href":"https:\/\/agora.xtec.cat\/ceip-dolorsalmeda-cornella\/wp-json\/wp\/v2\/comments?post=5763"}],"version-history":[{"count":3,"href":"https:\/\/agora.xtec.cat\/ceip-dolorsalmeda-cornella\/wp-json\/wp\/v2\/posts\/5763\/revisions"}],"predecessor-version":[{"id":6186,"href":"https:\/\/agora.xtec.cat\/ceip-dolorsalmeda-cornella\/wp-json\/wp\/v2\/posts\/5763\/revisions\/6186"}],"wp:featuredmedia":[{"embeddable":true,"href":"https:\/\/agora.xtec.cat\/ceip-dolorsalmeda-cornella\/wp-json\/wp\/v2\/media\/5761"}],"wp:attachment":[{"href":"https:\/\/agora.xtec.cat\/ceip-dolorsalmeda-cornella\/wp-json\/wp\/v2\/media?parent=5763"}],"wp:term":[{"taxonomy":"category","embeddable":true,"href":"https:\/\/agora.xtec.cat\/ceip-dolorsalmeda-cornella\/wp-json\/wp\/v2\/categories?post=5763"},{"taxonomy":"post_tag","embeddable":true,"href":"https:\/\/agora.xtec.cat\/ceip-dolorsalmeda-cornella\/wp-json\/wp\/v2\/tags?post=5763"}],"curies":[{"name":"wp","href":"https:\/\/api.w.org\/{rel}","templated":true}]}}