{"id":5543,"date":"2023-01-31T15:29:44","date_gmt":"2023-01-31T14:29:44","guid":{"rendered":"https:\/\/agora.xtec.cat\/ceip-dolorsalmeda-cornella\/?p=5543"},"modified":"2023-02-09T19:38:31","modified_gmt":"2023-02-09T18:38:31","slug":"teatre-a-lauditori-de-st-ildefons","status":"publish","type":"post","link":"https:\/\/agora.xtec.cat\/ceip-dolorsalmeda-cornella\/portada\/teatre-a-lauditori-de-st-ildefons\/","title":{"rendered":"Teatre a l&#8217;Auditori de St. Ildefons"},"content":{"rendered":"<p><span style=\"font-family: Arial, sans-serif;\">Avui ha estat un dia especial, tot Cicle Inicial ha anat a l\u2019Auditori de St. Ildefons a veure l\u2019obra de teatre \u00abUn drac, un mag i una bruixa\u00bb de la companyia de teatre Arpillera. Han gaudit del relat dels seg\u00fcents contes:<\/span><\/p>\n<ul>\n<li><span style=\"font-family: Arial, sans-serif;\"><span style=\"font-size: medium;\"><span style=\"color: #000000;\">EL DRAC AMAT-X\u00da: Basat en llegendes xineses sobre els dracs que fan ploure. Com una nena aconsegueix adormir un drac enfurismat nom\u00e9s amb les seves dolces can\u00e7ons. <\/span><\/span><\/span><\/li>\n<li><span style=\"font-size: medium; font-family: Arial, sans-serif; color: #000000;\"><span style=\"font-size: medium; font-family: Arial, sans-serif; color: #000000;\">WINNIE, LA BRUIXA: La bruixa<\/span><\/span><span style=\"font-size: medium; font-family: Arial, sans-serif; color: #000000;\">Winnie <\/span><span style=\"font-size: medium; font-family: Arial, sans-serif; color: #000000;\">que viu en una casa on les parets s\u00f3n negres<\/span><span style=\"font-size: medium; font-family: Arial, sans-serif; color: #000000;\"> i el seu gat <\/span><span style=\"font-size: medium; font-family: Arial, sans-serif; color: #000000;\">\u00e9s negre. Hem vist com<\/span><span style=\"font-size: medium; font-family: Arial, sans-serif; color: #000000;\"> solucionen els seus problemes dom\u00e8stics.<\/span><\/li>\n<li><span style=\"font-family: Arial, sans-serif;\"><span style=\"font-size: medium;\"><span style=\"color: #000000;\">GAGO PER MERENDA: Baralles i amors entre un mag i una bruixa.<\/span><\/span><\/span><\/li>\n<li><span style=\"font-family: Arial, sans-serif;\"><span style=\"font-size: medium;\"><span style=\"color: #000000;\">UN VELL MAG, BONIFACI I DESPISTAT: Una hist\u00f2ria de bondat i humilitat. <\/span><\/span><\/span><\/li>\n<\/ul>\n<p><span style=\"font-family: Arial, sans-serif;\">Han gaudit molt!<\/span><\/p>\n\n\t\t<style type=\"text\/css\">\n\t\t\t#gallery-1 {\n\t\t\t\tmargin: auto;\n\t\t\t}\n\t\t\t#gallery-1 .gallery-item {\n\t\t\t\tfloat: left;\n\t\t\t\tmargin-top: 10px;\n\t\t\t\ttext-align: center;\n\t\t\t\twidth: 25%;\n\t\t\t}\n\t\t\t#gallery-1 img {\n\t\t\t\tborder: 2px solid #cfcfcf;\n\t\t\t}\n\t\t\t#gallery-1 .gallery-caption {\n\t\t\t\tmargin-left: 0;\n\t\t\t}\n\t\t\t\/* see gallery_shortcode() in wp-includes\/media.php *\/\n\t\t<\/style>\n\t\t<div id='gallery-1' class='gallery galleryid-5543 gallery-columns-4 gallery-size-thumbnail'><dl class='gallery-item'>\n\t\t\t<dt class='gallery-icon portrait'>\n\t\t\t\t<a href='https:\/\/agora.xtec.cat\/ceip-dolorsalmeda-cornella\/portada\/teatre-a-lauditori-de-st-ildefons\/attachment\/imatge-de-whatsapp-2023-01-31-a-les-11-31-22\/'><img loading=\"lazy\" decoding=\"async\" width=\"150\" height=\"150\" src=\"https:\/\/agora.xtec.cat\/ceip-dolorsalmeda-cornella\/wp-content\/uploads\/usu30\/2023\/01\/Imatge-de-WhatsApp-2023-01-31-a-les-11.31.22-150x150.jpg\" class=\"attachment-thumbnail size-thumbnail\" alt=\"\" \/><\/a>\n\t\t\t<\/dt><\/dl><dl class='gallery-item'>\n\t\t\t<dt class='gallery-icon landscape'>\n\t\t\t\t<a href='https:\/\/agora.xtec.cat\/ceip-dolorsalmeda-cornella\/portada\/teatre-a-lauditori-de-st-ildefons\/attachment\/imatge-de-whatsapp-2023-01-31-a-les-14-28-29\/'><img loading=\"lazy\" decoding=\"async\" width=\"150\" height=\"150\" src=\"https:\/\/agora.xtec.cat\/ceip-dolorsalmeda-cornella\/wp-content\/uploads\/usu30\/2023\/01\/Imatge-de-WhatsApp-2023-01-31-a-les-14.28.29-150x150.jpg\" class=\"attachment-thumbnail size-thumbnail\" alt=\"\" \/><\/a>\n\t\t\t<\/dt><\/dl><dl class='gallery-item'>\n\t\t\t<dt class='gallery-icon landscape'>\n\t\t\t\t<a href='https:\/\/agora.xtec.cat\/ceip-dolorsalmeda-cornella\/portada\/teatre-a-lauditori-de-st-ildefons\/attachment\/imatge-de-whatsapp-2023-01-31-a-les-14-28-35\/'><img loading=\"lazy\" decoding=\"async\" width=\"150\" height=\"150\" src=\"https:\/\/agora.xtec.cat\/ceip-dolorsalmeda-cornella\/wp-content\/uploads\/usu30\/2023\/01\/Imatge-de-WhatsApp-2023-01-31-a-les-14.28.35-150x150.jpg\" class=\"attachment-thumbnail size-thumbnail\" alt=\"\" \/><\/a>\n\t\t\t<\/dt><\/dl><dl class='gallery-item'>\n\t\t\t<dt class='gallery-icon landscape'>\n\t\t\t\t<a href='https:\/\/agora.xtec.cat\/ceip-dolorsalmeda-cornella\/portada\/teatre-a-lauditori-de-st-ildefons\/attachment\/2n-2\/'><img loading=\"lazy\" decoding=\"async\" width=\"150\" height=\"150\" src=\"https:\/\/agora.xtec.cat\/ceip-dolorsalmeda-cornella\/wp-content\/uploads\/usu30\/2023\/01\/2n-150x150.jpg\" class=\"attachment-thumbnail size-thumbnail\" alt=\"\" \/><\/a>\n\t\t\t<\/dt><\/dl><br style=\"clear: both\" \/>\n\t\t<\/div>\n\n","protected":false},"excerpt":{"rendered":"<p>Avui ha estat un dia especial, tot Cicle Inicial ha anat a l\u2019Auditori de St. Ildefons a veure l\u2019obra de teatre \u00abUn drac, un mag i una bruixa\u00bb de la companyia de teatre Arpillera. Han gaudit del relat dels seg\u00fcents contes:<\/p>\n<ul>\n<li>EL DRAC AMAT-X\u00da: Basat en&hellip;  <a href=\"https:\/\/agora.xtec.cat\/ceip-dolorsalmeda-cornella\/portada\/teatre-a-lauditori-de-st-ildefons\/\" title=\"Read Teatre a l&#8217;Auditori de St. Ildefons\">Llegeix m\u00e9s\u00bb<\/a><br \/>\n","protected":false},"author":1,"featured_media":5544,"comment_status":"open","ping_status":"closed","sticky":false,"template":"","format":"standard","meta":{"_bbp_topic_count":0,"_bbp_reply_count":0,"_bbp_total_topic_count":0,"_bbp_total_reply_count":0,"_bbp_voice_count":0,"_bbp_anonymous_reply_count":0,"_bbp_topic_count_hidden":0,"_bbp_reply_count_hidden":0,"_bbp_forum_subforum_count":0,"footnotes":""},"categories":[10,11,4,5],"tags":[314,113,131],"class_list":["post-5543","post","type-post","status-publish","format-standard","has-post-thumbnail","hentry","category-1r","category-2n","category-portada","category-primaria","tag-cicle-incial","tag-sortida","tag-teatre"],"post_mailing_queue_ids":[],"_links":{"self":[{"href":"https:\/\/agora.xtec.cat\/ceip-dolorsalmeda-cornella\/wp-json\/wp\/v2\/posts\/5543","targetHints":{"allow":["GET"]}}],"collection":[{"href":"https:\/\/agora.xtec.cat\/ceip-dolorsalmeda-cornella\/wp-json\/wp\/v2\/posts"}],"about":[{"href":"https:\/\/agora.xtec.cat\/ceip-dolorsalmeda-cornella\/wp-json\/wp\/v2\/types\/post"}],"author":[{"embeddable":true,"href":"https:\/\/agora.xtec.cat\/ceip-dolorsalmeda-cornella\/wp-json\/wp\/v2\/users\/1"}],"replies":[{"embeddable":true,"href":"https:\/\/agora.xtec.cat\/ceip-dolorsalmeda-cornella\/wp-json\/wp\/v2\/comments?post=5543"}],"version-history":[{"count":3,"href":"https:\/\/agora.xtec.cat\/ceip-dolorsalmeda-cornella\/wp-json\/wp\/v2\/posts\/5543\/revisions"}],"predecessor-version":[{"id":5634,"href":"https:\/\/agora.xtec.cat\/ceip-dolorsalmeda-cornella\/wp-json\/wp\/v2\/posts\/5543\/revisions\/5634"}],"wp:featuredmedia":[{"embeddable":true,"href":"https:\/\/agora.xtec.cat\/ceip-dolorsalmeda-cornella\/wp-json\/wp\/v2\/media\/5544"}],"wp:attachment":[{"href":"https:\/\/agora.xtec.cat\/ceip-dolorsalmeda-cornella\/wp-json\/wp\/v2\/media?parent=5543"}],"wp:term":[{"taxonomy":"category","embeddable":true,"href":"https:\/\/agora.xtec.cat\/ceip-dolorsalmeda-cornella\/wp-json\/wp\/v2\/categories?post=5543"},{"taxonomy":"post_tag","embeddable":true,"href":"https:\/\/agora.xtec.cat\/ceip-dolorsalmeda-cornella\/wp-json\/wp\/v2\/tags?post=5543"}],"curies":[{"name":"wp","href":"https:\/\/api.w.org\/{rel}","templated":true}]}}