{"id":5439,"date":"2022-12-21T17:00:32","date_gmt":"2022-12-21T16:00:32","guid":{"rendered":"https:\/\/agora.xtec.cat\/ceip-dolorsalmeda-cornella\/?p=5439"},"modified":"2022-12-21T16:32:15","modified_gmt":"2022-12-21T15:32:15","slug":"cantada-al-casal-davis-dalmeda","status":"publish","type":"post","link":"https:\/\/agora.xtec.cat\/ceip-dolorsalmeda-cornella\/general\/cantada-al-casal-davis-dalmeda\/","title":{"rendered":"Cantada al Casal d&#8217;avis d&#8217;Almeda"},"content":{"rendered":"<p>Despr\u00e9s de dos cursos plens de restriccions, aquest mes de desembre s&#8217;ha pogut reprendre la cantada de nadales al Casal d&#8217;avis d&#8217;Almeda. \u00c9s una activitat intergeneracional molt entranyable on els infants de 4t, 5\u00e8 i 6\u00e8 de prim\u00e0ria es desplacen per anar a cantar les can\u00e7ons que han preparat a les \u00e0vies i avis del barri. Les nenes i nens estaven relaxats i contents, i han gaudit molt actuant per la gent gran que els han rebut amb emoci\u00f3 i gratitud, gaudint tots plegats d&#8217;un mat\u00ed de m\u00fasica, ritme i esperit nadalenc.<\/p>\n\n\t\t<style type=\"text\/css\">\n\t\t\t#gallery-1 {\n\t\t\t\tmargin: auto;\n\t\t\t}\n\t\t\t#gallery-1 .gallery-item {\n\t\t\t\tfloat: left;\n\t\t\t\tmargin-top: 10px;\n\t\t\t\ttext-align: center;\n\t\t\t\twidth: 33%;\n\t\t\t}\n\t\t\t#gallery-1 img {\n\t\t\t\tborder: 2px solid #cfcfcf;\n\t\t\t}\n\t\t\t#gallery-1 .gallery-caption {\n\t\t\t\tmargin-left: 0;\n\t\t\t}\n\t\t\t\/* see gallery_shortcode() in wp-includes\/media.php *\/\n\t\t<\/style>\n\t\t<div id='gallery-1' class='gallery galleryid-5439 gallery-columns-3 gallery-size-medium'><dl class='gallery-item'>\n\t\t\t<dt class='gallery-icon landscape'>\n\t\t\t\t<a href='https:\/\/agora.xtec.cat\/ceip-dolorsalmeda-cornella\/general\/cantada-al-casal-davis-dalmeda\/attachment\/whatsapp-image-2022-12-21-at-15-10-27-1\/'><img loading=\"lazy\" decoding=\"async\" width=\"300\" height=\"156\" src=\"https:\/\/agora.xtec.cat\/ceip-dolorsalmeda-cornella\/wp-content\/uploads\/usu30\/2022\/12\/WhatsApp-Image-2022-12-21-at-15.10.27-1-300x156.jpeg\" class=\"attachment-medium size-medium\" alt=\"\" srcset=\"https:\/\/agora.xtec.cat\/ceip-dolorsalmeda-cornella\/wp-content\/uploads\/usu30\/2022\/12\/WhatsApp-Image-2022-12-21-at-15.10.27-1-300x156.jpeg 300w, https:\/\/agora.xtec.cat\/ceip-dolorsalmeda-cornella\/wp-content\/uploads\/usu30\/2022\/12\/WhatsApp-Image-2022-12-21-at-15.10.27-1-1024x533.jpeg 1024w, https:\/\/agora.xtec.cat\/ceip-dolorsalmeda-cornella\/wp-content\/uploads\/usu30\/2022\/12\/WhatsApp-Image-2022-12-21-at-15.10.27-1-768x400.jpeg 768w, https:\/\/agora.xtec.cat\/ceip-dolorsalmeda-cornella\/wp-content\/uploads\/usu30\/2022\/12\/WhatsApp-Image-2022-12-21-at-15.10.27-1-1536x800.jpeg 1536w, https:\/\/agora.xtec.cat\/ceip-dolorsalmeda-cornella\/wp-content\/uploads\/usu30\/2022\/12\/WhatsApp-Image-2022-12-21-at-15.10.27-1.jpeg 1600w\" sizes=\"auto, (max-width: 300px) 100vw, 300px\" \/><\/a>\n\t\t\t<\/dt><\/dl><dl class='gallery-item'>\n\t\t\t<dt class='gallery-icon landscape'>\n\t\t\t\t<a href='https:\/\/agora.xtec.cat\/ceip-dolorsalmeda-cornella\/general\/cantada-al-casal-davis-dalmeda\/attachment\/whatsapp-image-2022-12-21-at-15-10-27-2\/'><img loading=\"lazy\" decoding=\"async\" width=\"300\" height=\"138\" src=\"https:\/\/agora.xtec.cat\/ceip-dolorsalmeda-cornella\/wp-content\/uploads\/usu30\/2022\/12\/WhatsApp-Image-2022-12-21-at-15.10.27-2-300x138.jpeg\" class=\"attachment-medium size-medium\" alt=\"\" srcset=\"https:\/\/agora.xtec.cat\/ceip-dolorsalmeda-cornella\/wp-content\/uploads\/usu30\/2022\/12\/WhatsApp-Image-2022-12-21-at-15.10.27-2-300x138.jpeg 300w, https:\/\/agora.xtec.cat\/ceip-dolorsalmeda-cornella\/wp-content\/uploads\/usu30\/2022\/12\/WhatsApp-Image-2022-12-21-at-15.10.27-2-1024x472.jpeg 1024w, https:\/\/agora.xtec.cat\/ceip-dolorsalmeda-cornella\/wp-content\/uploads\/usu30\/2022\/12\/WhatsApp-Image-2022-12-21-at-15.10.27-2-768x354.jpeg 768w, https:\/\/agora.xtec.cat\/ceip-dolorsalmeda-cornella\/wp-content\/uploads\/usu30\/2022\/12\/WhatsApp-Image-2022-12-21-at-15.10.27-2-1536x707.jpeg 1536w, https:\/\/agora.xtec.cat\/ceip-dolorsalmeda-cornella\/wp-content\/uploads\/usu30\/2022\/12\/WhatsApp-Image-2022-12-21-at-15.10.27-2.jpeg 1824w\" sizes=\"auto, (max-width: 300px) 100vw, 300px\" \/><\/a>\n\t\t\t<\/dt><\/dl><dl class='gallery-item'>\n\t\t\t<dt class='gallery-icon landscape'>\n\t\t\t\t<a href='https:\/\/agora.xtec.cat\/ceip-dolorsalmeda-cornella\/general\/cantada-al-casal-davis-dalmeda\/attachment\/whatsapp-image-2022-12-21-at-15-10-27\/'><img loading=\"lazy\" decoding=\"async\" width=\"300\" height=\"146\" src=\"https:\/\/agora.xtec.cat\/ceip-dolorsalmeda-cornella\/wp-content\/uploads\/usu30\/2022\/12\/WhatsApp-Image-2022-12-21-at-15.10.27-300x146.jpeg\" class=\"attachment-medium size-medium\" alt=\"\" srcset=\"https:\/\/agora.xtec.cat\/ceip-dolorsalmeda-cornella\/wp-content\/uploads\/usu30\/2022\/12\/WhatsApp-Image-2022-12-21-at-15.10.27-300x146.jpeg 300w, https:\/\/agora.xtec.cat\/ceip-dolorsalmeda-cornella\/wp-content\/uploads\/usu30\/2022\/12\/WhatsApp-Image-2022-12-21-at-15.10.27-1024x499.jpeg 1024w, https:\/\/agora.xtec.cat\/ceip-dolorsalmeda-cornella\/wp-content\/uploads\/usu30\/2022\/12\/WhatsApp-Image-2022-12-21-at-15.10.27-768x374.jpeg 768w, https:\/\/agora.xtec.cat\/ceip-dolorsalmeda-cornella\/wp-content\/uploads\/usu30\/2022\/12\/WhatsApp-Image-2022-12-21-at-15.10.27-1536x749.jpeg 1536w, https:\/\/agora.xtec.cat\/ceip-dolorsalmeda-cornella\/wp-content\/uploads\/usu30\/2022\/12\/WhatsApp-Image-2022-12-21-at-15.10.27.jpeg 1600w\" sizes=\"auto, (max-width: 300px) 100vw, 300px\" \/><\/a>\n\t\t\t<\/dt><\/dl><br style=\"clear: both\" \/><dl class='gallery-item'>\n\t\t\t<dt class='gallery-icon landscape'>\n\t\t\t\t<a href='https:\/\/agora.xtec.cat\/ceip-dolorsalmeda-cornella\/general\/cantada-al-casal-davis-dalmeda\/attachment\/whatsapp-image-2022-12-21-at-15-10-28-2\/'><img loading=\"lazy\" decoding=\"async\" width=\"300\" height=\"138\" src=\"https:\/\/agora.xtec.cat\/ceip-dolorsalmeda-cornella\/wp-content\/uploads\/usu30\/2022\/12\/WhatsApp-Image-2022-12-21-at-15.10.28-2-300x138.jpeg\" class=\"attachment-medium size-medium\" alt=\"\" srcset=\"https:\/\/agora.xtec.cat\/ceip-dolorsalmeda-cornella\/wp-content\/uploads\/usu30\/2022\/12\/WhatsApp-Image-2022-12-21-at-15.10.28-2-300x138.jpeg 300w, https:\/\/agora.xtec.cat\/ceip-dolorsalmeda-cornella\/wp-content\/uploads\/usu30\/2022\/12\/WhatsApp-Image-2022-12-21-at-15.10.28-2-1024x472.jpeg 1024w, https:\/\/agora.xtec.cat\/ceip-dolorsalmeda-cornella\/wp-content\/uploads\/usu30\/2022\/12\/WhatsApp-Image-2022-12-21-at-15.10.28-2-768x354.jpeg 768w, https:\/\/agora.xtec.cat\/ceip-dolorsalmeda-cornella\/wp-content\/uploads\/usu30\/2022\/12\/WhatsApp-Image-2022-12-21-at-15.10.28-2-1536x707.jpeg 1536w, https:\/\/agora.xtec.cat\/ceip-dolorsalmeda-cornella\/wp-content\/uploads\/usu30\/2022\/12\/WhatsApp-Image-2022-12-21-at-15.10.28-2.jpeg 1824w\" sizes=\"auto, (max-width: 300px) 100vw, 300px\" \/><\/a>\n\t\t\t<\/dt><\/dl><dl class='gallery-item'>\n\t\t\t<dt class='gallery-icon landscape'>\n\t\t\t\t<a href='https:\/\/agora.xtec.cat\/ceip-dolorsalmeda-cornella\/general\/cantada-al-casal-davis-dalmeda\/attachment\/whatsapp-image-2022-12-21-at-15-10-28-3\/'><img loading=\"lazy\" decoding=\"async\" width=\"300\" height=\"138\" src=\"https:\/\/agora.xtec.cat\/ceip-dolorsalmeda-cornella\/wp-content\/uploads\/usu30\/2022\/12\/WhatsApp-Image-2022-12-21-at-15.10.28-3-300x138.jpeg\" class=\"attachment-medium size-medium\" alt=\"\" srcset=\"https:\/\/agora.xtec.cat\/ceip-dolorsalmeda-cornella\/wp-content\/uploads\/usu30\/2022\/12\/WhatsApp-Image-2022-12-21-at-15.10.28-3-300x138.jpeg 300w, https:\/\/agora.xtec.cat\/ceip-dolorsalmeda-cornella\/wp-content\/uploads\/usu30\/2022\/12\/WhatsApp-Image-2022-12-21-at-15.10.28-3-1024x472.jpeg 1024w, https:\/\/agora.xtec.cat\/ceip-dolorsalmeda-cornella\/wp-content\/uploads\/usu30\/2022\/12\/WhatsApp-Image-2022-12-21-at-15.10.28-3-768x354.jpeg 768w, https:\/\/agora.xtec.cat\/ceip-dolorsalmeda-cornella\/wp-content\/uploads\/usu30\/2022\/12\/WhatsApp-Image-2022-12-21-at-15.10.28-3-1536x707.jpeg 1536w, https:\/\/agora.xtec.cat\/ceip-dolorsalmeda-cornella\/wp-content\/uploads\/usu30\/2022\/12\/WhatsApp-Image-2022-12-21-at-15.10.28-3.jpeg 1824w\" sizes=\"auto, (max-width: 300px) 100vw, 300px\" \/><\/a>\n\t\t\t<\/dt><\/dl><dl class='gallery-item'>\n\t\t\t<dt class='gallery-icon landscape'>\n\t\t\t\t<a href='https:\/\/agora.xtec.cat\/ceip-dolorsalmeda-cornella\/general\/cantada-al-casal-davis-dalmeda\/attachment\/whatsapp-image-2022-12-21-at-15-10-28\/'><img loading=\"lazy\" decoding=\"async\" width=\"300\" height=\"138\" src=\"https:\/\/agora.xtec.cat\/ceip-dolorsalmeda-cornella\/wp-content\/uploads\/usu30\/2022\/12\/WhatsApp-Image-2022-12-21-at-15.10.28-300x138.jpeg\" class=\"attachment-medium size-medium\" alt=\"\" srcset=\"https:\/\/agora.xtec.cat\/ceip-dolorsalmeda-cornella\/wp-content\/uploads\/usu30\/2022\/12\/WhatsApp-Image-2022-12-21-at-15.10.28-300x138.jpeg 300w, https:\/\/agora.xtec.cat\/ceip-dolorsalmeda-cornella\/wp-content\/uploads\/usu30\/2022\/12\/WhatsApp-Image-2022-12-21-at-15.10.28-1024x472.jpeg 1024w, https:\/\/agora.xtec.cat\/ceip-dolorsalmeda-cornella\/wp-content\/uploads\/usu30\/2022\/12\/WhatsApp-Image-2022-12-21-at-15.10.28-768x354.jpeg 768w, https:\/\/agora.xtec.cat\/ceip-dolorsalmeda-cornella\/wp-content\/uploads\/usu30\/2022\/12\/WhatsApp-Image-2022-12-21-at-15.10.28-1536x707.jpeg 1536w, https:\/\/agora.xtec.cat\/ceip-dolorsalmeda-cornella\/wp-content\/uploads\/usu30\/2022\/12\/WhatsApp-Image-2022-12-21-at-15.10.28.jpeg 1824w\" sizes=\"auto, (max-width: 300px) 100vw, 300px\" \/><\/a>\n\t\t\t<\/dt><\/dl><br style=\"clear: both\" \/><dl class='gallery-item'>\n\t\t\t<dt class='gallery-icon landscape'>\n\t\t\t\t<a href='https:\/\/agora.xtec.cat\/ceip-dolorsalmeda-cornella\/general\/cantada-al-casal-davis-dalmeda\/attachment\/whatsapp-image-2022-12-21-at-15-10-29-1\/'><img loading=\"lazy\" decoding=\"async\" width=\"300\" height=\"138\" src=\"https:\/\/agora.xtec.cat\/ceip-dolorsalmeda-cornella\/wp-content\/uploads\/usu30\/2022\/12\/WhatsApp-Image-2022-12-21-at-15.10.29-1-300x138.jpeg\" class=\"attachment-medium size-medium\" alt=\"\" srcset=\"https:\/\/agora.xtec.cat\/ceip-dolorsalmeda-cornella\/wp-content\/uploads\/usu30\/2022\/12\/WhatsApp-Image-2022-12-21-at-15.10.29-1-300x138.jpeg 300w, https:\/\/agora.xtec.cat\/ceip-dolorsalmeda-cornella\/wp-content\/uploads\/usu30\/2022\/12\/WhatsApp-Image-2022-12-21-at-15.10.29-1-1024x473.jpeg 1024w, https:\/\/agora.xtec.cat\/ceip-dolorsalmeda-cornella\/wp-content\/uploads\/usu30\/2022\/12\/WhatsApp-Image-2022-12-21-at-15.10.29-1-768x354.jpeg 768w, https:\/\/agora.xtec.cat\/ceip-dolorsalmeda-cornella\/wp-content\/uploads\/usu30\/2022\/12\/WhatsApp-Image-2022-12-21-at-15.10.29-1-1536x709.jpeg 1536w, https:\/\/agora.xtec.cat\/ceip-dolorsalmeda-cornella\/wp-content\/uploads\/usu30\/2022\/12\/WhatsApp-Image-2022-12-21-at-15.10.29-1.jpeg 2048w\" sizes=\"auto, (max-width: 300px) 100vw, 300px\" \/><\/a>\n\t\t\t<\/dt><\/dl><dl class='gallery-item'>\n\t\t\t<dt class='gallery-icon landscape'>\n\t\t\t\t<a href='https:\/\/agora.xtec.cat\/ceip-dolorsalmeda-cornella\/general\/cantada-al-casal-davis-dalmeda\/attachment\/whatsapp-image-2022-12-21-at-15-10-29-2\/'><img loading=\"lazy\" decoding=\"async\" width=\"300\" height=\"138\" src=\"https:\/\/agora.xtec.cat\/ceip-dolorsalmeda-cornella\/wp-content\/uploads\/usu30\/2022\/12\/WhatsApp-Image-2022-12-21-at-15.10.29-2-300x138.jpeg\" class=\"attachment-medium size-medium\" alt=\"\" srcset=\"https:\/\/agora.xtec.cat\/ceip-dolorsalmeda-cornella\/wp-content\/uploads\/usu30\/2022\/12\/WhatsApp-Image-2022-12-21-at-15.10.29-2-300x138.jpeg 300w, https:\/\/agora.xtec.cat\/ceip-dolorsalmeda-cornella\/wp-content\/uploads\/usu30\/2022\/12\/WhatsApp-Image-2022-12-21-at-15.10.29-2-1024x473.jpeg 1024w, https:\/\/agora.xtec.cat\/ceip-dolorsalmeda-cornella\/wp-content\/uploads\/usu30\/2022\/12\/WhatsApp-Image-2022-12-21-at-15.10.29-2-768x354.jpeg 768w, https:\/\/agora.xtec.cat\/ceip-dolorsalmeda-cornella\/wp-content\/uploads\/usu30\/2022\/12\/WhatsApp-Image-2022-12-21-at-15.10.29-2-1536x709.jpeg 1536w, https:\/\/agora.xtec.cat\/ceip-dolorsalmeda-cornella\/wp-content\/uploads\/usu30\/2022\/12\/WhatsApp-Image-2022-12-21-at-15.10.29-2.jpeg 2048w\" sizes=\"auto, (max-width: 300px) 100vw, 300px\" \/><\/a>\n\t\t\t<\/dt><\/dl><dl class='gallery-item'>\n\t\t\t<dt class='gallery-icon landscape'>\n\t\t\t\t<a href='https:\/\/agora.xtec.cat\/ceip-dolorsalmeda-cornella\/general\/cantada-al-casal-davis-dalmeda\/attachment\/whatsapp-image-2022-12-21-at-15-10-29\/'><img loading=\"lazy\" decoding=\"async\" width=\"300\" height=\"138\" src=\"https:\/\/agora.xtec.cat\/ceip-dolorsalmeda-cornella\/wp-content\/uploads\/usu30\/2022\/12\/WhatsApp-Image-2022-12-21-at-15.10.29-300x138.jpeg\" class=\"attachment-medium size-medium\" alt=\"\" srcset=\"https:\/\/agora.xtec.cat\/ceip-dolorsalmeda-cornella\/wp-content\/uploads\/usu30\/2022\/12\/WhatsApp-Image-2022-12-21-at-15.10.29-300x138.jpeg 300w, https:\/\/agora.xtec.cat\/ceip-dolorsalmeda-cornella\/wp-content\/uploads\/usu30\/2022\/12\/WhatsApp-Image-2022-12-21-at-15.10.29-1024x473.jpeg 1024w, https:\/\/agora.xtec.cat\/ceip-dolorsalmeda-cornella\/wp-content\/uploads\/usu30\/2022\/12\/WhatsApp-Image-2022-12-21-at-15.10.29-768x354.jpeg 768w, https:\/\/agora.xtec.cat\/ceip-dolorsalmeda-cornella\/wp-content\/uploads\/usu30\/2022\/12\/WhatsApp-Image-2022-12-21-at-15.10.29-1536x709.jpeg 1536w, https:\/\/agora.xtec.cat\/ceip-dolorsalmeda-cornella\/wp-content\/uploads\/usu30\/2022\/12\/WhatsApp-Image-2022-12-21-at-15.10.29.jpeg 2048w\" sizes=\"auto, (max-width: 300px) 100vw, 300px\" \/><\/a>\n\t\t\t<\/dt><\/dl><br style=\"clear: both\" \/><dl class='gallery-item'>\n\t\t\t<dt class='gallery-icon portrait'>\n\t\t\t\t<a href='https:\/\/agora.xtec.cat\/ceip-dolorsalmeda-cornella\/general\/cantada-al-casal-davis-dalmeda\/attachment\/whatsapp-image-2022-12-21-at-16-27-20\/'><img loading=\"lazy\" decoding=\"async\" width=\"169\" height=\"300\" src=\"https:\/\/agora.xtec.cat\/ceip-dolorsalmeda-cornella\/wp-content\/uploads\/usu30\/2022\/12\/WhatsApp-Image-2022-12-21-at-16.27.20-169x300.jpeg\" class=\"attachment-medium size-medium\" alt=\"\" srcset=\"https:\/\/agora.xtec.cat\/ceip-dolorsalmeda-cornella\/wp-content\/uploads\/usu30\/2022\/12\/WhatsApp-Image-2022-12-21-at-16.27.20-169x300.jpeg 169w, https:\/\/agora.xtec.cat\/ceip-dolorsalmeda-cornella\/wp-content\/uploads\/usu30\/2022\/12\/WhatsApp-Image-2022-12-21-at-16.27.20-576x1024.jpeg 576w, https:\/\/agora.xtec.cat\/ceip-dolorsalmeda-cornella\/wp-content\/uploads\/usu30\/2022\/12\/WhatsApp-Image-2022-12-21-at-16.27.20-768x1365.jpeg 768w, https:\/\/agora.xtec.cat\/ceip-dolorsalmeda-cornella\/wp-content\/uploads\/usu30\/2022\/12\/WhatsApp-Image-2022-12-21-at-16.27.20-864x1536.jpeg 864w, https:\/\/agora.xtec.cat\/ceip-dolorsalmeda-cornella\/wp-content\/uploads\/usu30\/2022\/12\/WhatsApp-Image-2022-12-21-at-16.27.20.jpeg 1152w\" sizes=\"auto, (max-width: 169px) 100vw, 169px\" \/><\/a>\n\t\t\t<\/dt><\/dl><dl class='gallery-item'>\n\t\t\t<dt class='gallery-icon landscape'>\n\t\t\t\t<a href='https:\/\/agora.xtec.cat\/ceip-dolorsalmeda-cornella\/general\/cantada-al-casal-davis-dalmeda\/attachment\/whatsapp-image-2022-12-21-at-16-27-24\/'><img loading=\"lazy\" decoding=\"async\" width=\"300\" height=\"225\" src=\"https:\/\/agora.xtec.cat\/ceip-dolorsalmeda-cornella\/wp-content\/uploads\/usu30\/2022\/12\/WhatsApp-Image-2022-12-21-at-16.27.24-300x225.jpeg\" class=\"attachment-medium size-medium\" alt=\"\" srcset=\"https:\/\/agora.xtec.cat\/ceip-dolorsalmeda-cornella\/wp-content\/uploads\/usu30\/2022\/12\/WhatsApp-Image-2022-12-21-at-16.27.24-300x225.jpeg 300w, https:\/\/agora.xtec.cat\/ceip-dolorsalmeda-cornella\/wp-content\/uploads\/usu30\/2022\/12\/WhatsApp-Image-2022-12-21-at-16.27.24-1024x768.jpeg 1024w, https:\/\/agora.xtec.cat\/ceip-dolorsalmeda-cornella\/wp-content\/uploads\/usu30\/2022\/12\/WhatsApp-Image-2022-12-21-at-16.27.24-768x576.jpeg 768w, https:\/\/agora.xtec.cat\/ceip-dolorsalmeda-cornella\/wp-content\/uploads\/usu30\/2022\/12\/WhatsApp-Image-2022-12-21-at-16.27.24-1536x1152.jpeg 1536w, https:\/\/agora.xtec.cat\/ceip-dolorsalmeda-cornella\/wp-content\/uploads\/usu30\/2022\/12\/WhatsApp-Image-2022-12-21-at-16.27.24-200x150.jpeg 200w, https:\/\/agora.xtec.cat\/ceip-dolorsalmeda-cornella\/wp-content\/uploads\/usu30\/2022\/12\/WhatsApp-Image-2022-12-21-at-16.27.24.jpeg 2048w\" sizes=\"auto, (max-width: 300px) 100vw, 300px\" \/><\/a>\n\t\t\t<\/dt><\/dl>\n\t\t\t<br style='clear: both' \/>\n\t\t<\/div>\n\n<p>&nbsp;<\/p>\n","protected":false},"excerpt":{"rendered":"<p>Despr\u00e9s de dos cursos plens de restriccions, aquest mes de desembre s&#8217;ha pogut reprendre la cantada de nadales al Casal d&#8217;avis d&#8217;Almeda. \u00c9s una activitat intergeneracional molt entranyable on els infants de 4t, 5\u00e8 i 6\u00e8 de prim\u00e0ria es desplacen per anar a cantar les&hellip;  <a href=\"https:\/\/agora.xtec.cat\/ceip-dolorsalmeda-cornella\/general\/cantada-al-casal-davis-dalmeda\/\" title=\"Read Cantada al Casal d&#8217;avis d&#8217;Almeda\">Llegeix m\u00e9s\u00bb<\/a><\/p>\n","protected":false},"author":1,"featured_media":5440,"comment_status":"open","ping_status":"closed","sticky":false,"template":"","format":"standard","meta":{"_bbp_topic_count":0,"_bbp_reply_count":0,"_bbp_total_topic_count":0,"_bbp_total_reply_count":0,"_bbp_voice_count":0,"_bbp_anonymous_reply_count":0,"_bbp_topic_count_hidden":0,"_bbp_reply_count_hidden":0,"_bbp_forum_subforum_count":0,"footnotes":""},"categories":[13,14,15,1,4,5],"tags":[330,199,67,74,80,257],"class_list":["post-5439","post","type-post","status-publish","format-standard","has-post-thumbnail","hentry","category-4t","category-5e","category-6e","category-general","category-portada","category-primaria","tag-barri","tag-festes-tradicionals","tag-musica","tag-nadal","tag-nadales","tag-tradicions"],"post_mailing_queue_ids":[],"_links":{"self":[{"href":"https:\/\/agora.xtec.cat\/ceip-dolorsalmeda-cornella\/wp-json\/wp\/v2\/posts\/5439","targetHints":{"allow":["GET"]}}],"collection":[{"href":"https:\/\/agora.xtec.cat\/ceip-dolorsalmeda-cornella\/wp-json\/wp\/v2\/posts"}],"about":[{"href":"https:\/\/agora.xtec.cat\/ceip-dolorsalmeda-cornella\/wp-json\/wp\/v2\/types\/post"}],"author":[{"embeddable":true,"href":"https:\/\/agora.xtec.cat\/ceip-dolorsalmeda-cornella\/wp-json\/wp\/v2\/users\/1"}],"replies":[{"embeddable":true,"href":"https:\/\/agora.xtec.cat\/ceip-dolorsalmeda-cornella\/wp-json\/wp\/v2\/comments?post=5439"}],"version-history":[{"count":3,"href":"https:\/\/agora.xtec.cat\/ceip-dolorsalmeda-cornella\/wp-json\/wp\/v2\/posts\/5439\/revisions"}],"predecessor-version":[{"id":5463,"href":"https:\/\/agora.xtec.cat\/ceip-dolorsalmeda-cornella\/wp-json\/wp\/v2\/posts\/5439\/revisions\/5463"}],"wp:featuredmedia":[{"embeddable":true,"href":"https:\/\/agora.xtec.cat\/ceip-dolorsalmeda-cornella\/wp-json\/wp\/v2\/media\/5440"}],"wp:attachment":[{"href":"https:\/\/agora.xtec.cat\/ceip-dolorsalmeda-cornella\/wp-json\/wp\/v2\/media?parent=5439"}],"wp:term":[{"taxonomy":"category","embeddable":true,"href":"https:\/\/agora.xtec.cat\/ceip-dolorsalmeda-cornella\/wp-json\/wp\/v2\/categories?post=5439"},{"taxonomy":"post_tag","embeddable":true,"href":"https:\/\/agora.xtec.cat\/ceip-dolorsalmeda-cornella\/wp-json\/wp\/v2\/tags?post=5439"}],"curies":[{"name":"wp","href":"https:\/\/api.w.org\/{rel}","templated":true}]}}