{"id":5385,"date":"2022-12-21T07:35:16","date_gmt":"2022-12-21T06:35:16","guid":{"rendered":"https:\/\/agora.xtec.cat\/ceip-dolorsalmeda-cornella\/?p=5385"},"modified":"2022-12-21T07:35:16","modified_gmt":"2022-12-21T06:35:16","slug":"sortida-a-lestacio-de-bombers","status":"publish","type":"post","link":"https:\/\/agora.xtec.cat\/ceip-dolorsalmeda-cornella\/general\/sortida-a-lestacio-de-bombers\/","title":{"rendered":"SORTIDA A L&#8217;ESTACI\u00d3 DE BOMBERS"},"content":{"rendered":"<p><span style=\"font-weight: 400;\">Durant el mes d\u2019octubre, els infants de 2n vam fer una visita al Parc de Bombers de Cornell\u00e0. Vam aprofitar per introduir el tema de medi \u201cEls oficis\u201d i aix\u00ed promoure l\u2019inter\u00e8s de l\u2019alumnat en aquesta professi\u00f3.<\/span><\/p>\n<p><span style=\"font-weight: 400;\">El col\u00b7lectiu de bombers ens apropen, a trav\u00e9s de la visita a les instal\u00b7lacions, al seu dia a dia. Ens van explicar quines s\u00f3n les seves funcions i, a m\u00e9s, ens van deixar pujar al cami\u00f3 de bombers!! Mentre est\u00e0vem pujats, van posar l\u2019alarma, simulant una emerg\u00e8ncia real. Tamb\u00e9, ens van ensenyar tot el que porta un cami\u00f3 de bombers en el seu interior.\u00a0<\/span><\/p>\n<p style=\"text-align: center;\"><a href=\"https:\/\/agora.xtec.cat\/ceip-dolorsalmeda-cornella\/wp-content\/uploads\/usu30\/2022\/12\/Sortida-bombers-1.heic\"><img loading=\"lazy\" decoding=\"async\" class=\"alignnone size-medium wp-image-5386\" src=\"https:\/\/agora.xtec.cat\/ceip-dolorsalmeda-cornella\/wp-content\/uploads\/usu30\/2022\/12\/Sortida-bombers-1.heic\" alt=\"\" width=\"1\" height=\"1\" \/><\/a><a href=\"https:\/\/agora.xtec.cat\/ceip-dolorsalmeda-cornella\/wp-content\/uploads\/usu30\/2022\/12\/Sortida-bombers-1.heic\"><img loading=\"lazy\" decoding=\"async\" class=\"alignnone size-medium wp-image-5386\" src=\"https:\/\/agora.xtec.cat\/ceip-dolorsalmeda-cornella\/wp-content\/uploads\/usu30\/2022\/12\/Sortida-bombers-1.heic\" alt=\"\" width=\"1\" height=\"1\" \/><\/a><a href=\"https:\/\/agora.xtec.cat\/ceip-dolorsalmeda-cornella\/wp-content\/uploads\/usu30\/2022\/12\/Sortida-bombers-1.jpg\"><img loading=\"lazy\" decoding=\"async\" class=\"alignnone size-medium wp-image-5387\" src=\"https:\/\/agora.xtec.cat\/ceip-dolorsalmeda-cornella\/wp-content\/uploads\/usu30\/2022\/12\/Sortida-bombers-1-300x225.jpg\" alt=\"\" width=\"300\" height=\"225\" srcset=\"https:\/\/agora.xtec.cat\/ceip-dolorsalmeda-cornella\/wp-content\/uploads\/usu30\/2022\/12\/Sortida-bombers-1-300x225.jpg 300w, https:\/\/agora.xtec.cat\/ceip-dolorsalmeda-cornella\/wp-content\/uploads\/usu30\/2022\/12\/Sortida-bombers-1-768x576.jpg 768w, https:\/\/agora.xtec.cat\/ceip-dolorsalmeda-cornella\/wp-content\/uploads\/usu30\/2022\/12\/Sortida-bombers-1-200x150.jpg 200w, https:\/\/agora.xtec.cat\/ceip-dolorsalmeda-cornella\/wp-content\/uploads\/usu30\/2022\/12\/Sortida-bombers-1.jpg 1008w\" sizes=\"auto, (max-width: 300px) 100vw, 300px\" \/><\/a><\/p>\n","protected":false},"excerpt":{"rendered":"<p>Durant el mes d\u2019octubre, els infants de 2n vam fer una visita al Parc de Bombers de Cornell\u00e0. Vam aprofitar per introduir el tema de medi \u201cEls oficis\u201d i aix\u00ed promoure l\u2019inter\u00e8s de l\u2019alumnat en aquesta professi\u00f3.<br \/>\nEl col\u00b7lectiu de bombers ens apropen, a trav\u00e9s de&hellip;  <a href=\"https:\/\/agora.xtec.cat\/ceip-dolorsalmeda-cornella\/general\/sortida-a-lestacio-de-bombers\/\" title=\"Read SORTIDA A L&#8217;ESTACI\u00d3 DE BOMBERS\">Llegeix m\u00e9s\u00bb<\/a><\/p>\n","protected":false},"author":1,"featured_media":0,"comment_status":"closed","ping_status":"closed","sticky":false,"template":"","format":"standard","meta":{"_bbp_topic_count":0,"_bbp_reply_count":0,"_bbp_total_topic_count":0,"_bbp_total_reply_count":0,"_bbp_voice_count":0,"_bbp_anonymous_reply_count":0,"_bbp_topic_count_hidden":0,"_bbp_reply_count_hidden":0,"_bbp_forum_subforum_count":0,"footnotes":""},"categories":[11,1,4,5],"tags":[154,215,113],"class_list":["post-5385","post","type-post","status-publish","format-standard","hentry","category-2n","category-general","category-portada","category-primaria","tag-bombers","tag-segon","tag-sortida"],"post_mailing_queue_ids":[],"_links":{"self":[{"href":"https:\/\/agora.xtec.cat\/ceip-dolorsalmeda-cornella\/wp-json\/wp\/v2\/posts\/5385","targetHints":{"allow":["GET"]}}],"collection":[{"href":"https:\/\/agora.xtec.cat\/ceip-dolorsalmeda-cornella\/wp-json\/wp\/v2\/posts"}],"about":[{"href":"https:\/\/agora.xtec.cat\/ceip-dolorsalmeda-cornella\/wp-json\/wp\/v2\/types\/post"}],"author":[{"embeddable":true,"href":"https:\/\/agora.xtec.cat\/ceip-dolorsalmeda-cornella\/wp-json\/wp\/v2\/users\/1"}],"replies":[{"embeddable":true,"href":"https:\/\/agora.xtec.cat\/ceip-dolorsalmeda-cornella\/wp-json\/wp\/v2\/comments?post=5385"}],"version-history":[{"count":3,"href":"https:\/\/agora.xtec.cat\/ceip-dolorsalmeda-cornella\/wp-json\/wp\/v2\/posts\/5385\/revisions"}],"predecessor-version":[{"id":5390,"href":"https:\/\/agora.xtec.cat\/ceip-dolorsalmeda-cornella\/wp-json\/wp\/v2\/posts\/5385\/revisions\/5390"}],"wp:attachment":[{"href":"https:\/\/agora.xtec.cat\/ceip-dolorsalmeda-cornella\/wp-json\/wp\/v2\/media?parent=5385"}],"wp:term":[{"taxonomy":"category","embeddable":true,"href":"https:\/\/agora.xtec.cat\/ceip-dolorsalmeda-cornella\/wp-json\/wp\/v2\/categories?post=5385"},{"taxonomy":"post_tag","embeddable":true,"href":"https:\/\/agora.xtec.cat\/ceip-dolorsalmeda-cornella\/wp-json\/wp\/v2\/tags?post=5385"}],"curies":[{"name":"wp","href":"https:\/\/api.w.org\/{rel}","templated":true}]}}