{"id":5251,"date":"2022-11-04T13:07:24","date_gmt":"2022-11-04T12:07:24","guid":{"rendered":"https:\/\/agora.xtec.cat\/ceip-dolorsalmeda-cornella\/?p=5251"},"modified":"2022-11-04T13:07:24","modified_gmt":"2022-11-04T12:07:24","slug":"perill-a-les-xarxes-socials","status":"publish","type":"post","link":"https:\/\/agora.xtec.cat\/ceip-dolorsalmeda-cornella\/general\/perill-a-les-xarxes-socials\/","title":{"rendered":"Perill a les xarxes socials"},"content":{"rendered":"<p>Fa uns dies, els alumnes de sis\u00e8 van rebre la visita i xerrada d&#8217;un mosso d&#8217;esquadra.<\/p>\n<p>Durant una estona va compartir v\u00eddeos, activitats&#8230; i va fer que participessin tots a partir d&#8217;una conversa din\u00e0mica. D&#8217;aquesta manera els va assessorar i els va fer prendre consci\u00e8ncia dels perills que s&#8217;amaguen darrere de les xarxes socials, com el ciberassetjament, la manca de seguretat a l&#8217;introduir dades personals, perfils d&#8217;usuaris falsos&#8230;<\/p>\n<p>Ha estat una xerrada plena de descobriments.<\/p>\n<p><a href=\"https:\/\/agora.xtec.cat\/ceip-dolorsalmeda-cornella\/wp-content\/uploads\/usu30\/2022\/11\/9C4A6183-A751-4BD4-AA5F-18056BFC312D-scaled-e1667563463184.jpg\"><img loading=\"lazy\" decoding=\"async\" class=\"alignnone  wp-image-5255\" src=\"https:\/\/agora.xtec.cat\/ceip-dolorsalmeda-cornella\/wp-content\/uploads\/usu30\/2022\/11\/9C4A6183-A751-4BD4-AA5F-18056BFC312D-scaled-e1667563463184-232x300.jpg\" alt=\"\" width=\"165\" height=\"213\" srcset=\"https:\/\/agora.xtec.cat\/ceip-dolorsalmeda-cornella\/wp-content\/uploads\/usu30\/2022\/11\/9C4A6183-A751-4BD4-AA5F-18056BFC312D-scaled-e1667563463184-232x300.jpg 232w, https:\/\/agora.xtec.cat\/ceip-dolorsalmeda-cornella\/wp-content\/uploads\/usu30\/2022\/11\/9C4A6183-A751-4BD4-AA5F-18056BFC312D-scaled-e1667563463184-792x1024.jpg 792w, https:\/\/agora.xtec.cat\/ceip-dolorsalmeda-cornella\/wp-content\/uploads\/usu30\/2022\/11\/9C4A6183-A751-4BD4-AA5F-18056BFC312D-scaled-e1667563463184-768x993.jpg 768w, https:\/\/agora.xtec.cat\/ceip-dolorsalmeda-cornella\/wp-content\/uploads\/usu30\/2022\/11\/9C4A6183-A751-4BD4-AA5F-18056BFC312D-scaled-e1667563463184-1188x1536.jpg 1188w, https:\/\/agora.xtec.cat\/ceip-dolorsalmeda-cornella\/wp-content\/uploads\/usu30\/2022\/11\/9C4A6183-A751-4BD4-AA5F-18056BFC312D-scaled-e1667563463184.jpg 1312w\" sizes=\"auto, (max-width: 165px) 100vw, 165px\" \/><\/a><a href=\"https:\/\/agora.xtec.cat\/ceip-dolorsalmeda-cornella\/wp-content\/uploads\/usu30\/2022\/11\/F40B55B0-E7A1-4DBD-921D-C411A12FF517-1-scaled-e1667563611696.jpg\">\u00a0 \u00a0 \u00a0 \u00a0 \u00a0 \u00a0 \u00a0<img loading=\"lazy\" decoding=\"async\" class=\"alignnone  wp-image-5256\" src=\"https:\/\/agora.xtec.cat\/ceip-dolorsalmeda-cornella\/wp-content\/uploads\/usu30\/2022\/11\/F40B55B0-E7A1-4DBD-921D-C411A12FF517-1-scaled-e1667563611696-300x300.jpg\" alt=\"\" width=\"213\" height=\"213\" srcset=\"https:\/\/agora.xtec.cat\/ceip-dolorsalmeda-cornella\/wp-content\/uploads\/usu30\/2022\/11\/F40B55B0-E7A1-4DBD-921D-C411A12FF517-1-scaled-e1667563611696-300x300.jpg 300w, https:\/\/agora.xtec.cat\/ceip-dolorsalmeda-cornella\/wp-content\/uploads\/usu30\/2022\/11\/F40B55B0-E7A1-4DBD-921D-C411A12FF517-1-scaled-e1667563611696-1020x1024.jpg 1020w, https:\/\/agora.xtec.cat\/ceip-dolorsalmeda-cornella\/wp-content\/uploads\/usu30\/2022\/11\/F40B55B0-E7A1-4DBD-921D-C411A12FF517-1-scaled-e1667563611696-150x150.jpg 150w, https:\/\/agora.xtec.cat\/ceip-dolorsalmeda-cornella\/wp-content\/uploads\/usu30\/2022\/11\/F40B55B0-E7A1-4DBD-921D-C411A12FF517-1-scaled-e1667563611696-768x771.jpg 768w, https:\/\/agora.xtec.cat\/ceip-dolorsalmeda-cornella\/wp-content\/uploads\/usu30\/2022\/11\/F40B55B0-E7A1-4DBD-921D-C411A12FF517-1-scaled-e1667563611696-1530x1536.jpg 1530w, https:\/\/agora.xtec.cat\/ceip-dolorsalmeda-cornella\/wp-content\/uploads\/usu30\/2022\/11\/F40B55B0-E7A1-4DBD-921D-C411A12FF517-1-scaled-e1667563611696.jpg 1772w\" sizes=\"auto, (max-width: 213px) 100vw, 213px\" \/><\/a><\/p>\n","protected":false},"excerpt":{"rendered":"<p>Fa uns dies, els alumnes de sis\u00e8 van rebre la visita i xerrada d&#8217;un mosso d&#8217;esquadra.<br \/>\nDurant una estona va compartir v\u00eddeos, activitats&#8230; i va fer que participessin tots a partir d&#8217;una conversa din\u00e0mica. D&#8217;aquesta manera els va assessorar i els va fer prendre consci\u00e8ncia dels&hellip;  <a href=\"https:\/\/agora.xtec.cat\/ceip-dolorsalmeda-cornella\/general\/perill-a-les-xarxes-socials\/\" title=\"Read Perill a les xarxes socials\">Llegeix m\u00e9s\u00bb<\/a><\/p>\n","protected":false},"author":18,"featured_media":5254,"comment_status":"open","ping_status":"closed","sticky":false,"template":"","format":"standard","meta":{"_bbp_topic_count":0,"_bbp_reply_count":0,"_bbp_total_topic_count":0,"_bbp_total_reply_count":0,"_bbp_voice_count":0,"_bbp_anonymous_reply_count":0,"_bbp_topic_count_hidden":0,"_bbp_reply_count_hidden":0,"_bbp_forum_subforum_count":0,"footnotes":""},"categories":[15,1,4,5],"tags":[118],"class_list":["post-5251","post","type-post","status-publish","format-standard","has-post-thumbnail","hentry","category-6e","category-general","category-portada","category-primaria","tag-6e"],"post_mailing_queue_ids":[],"_links":{"self":[{"href":"https:\/\/agora.xtec.cat\/ceip-dolorsalmeda-cornella\/wp-json\/wp\/v2\/posts\/5251","targetHints":{"allow":["GET"]}}],"collection":[{"href":"https:\/\/agora.xtec.cat\/ceip-dolorsalmeda-cornella\/wp-json\/wp\/v2\/posts"}],"about":[{"href":"https:\/\/agora.xtec.cat\/ceip-dolorsalmeda-cornella\/wp-json\/wp\/v2\/types\/post"}],"author":[{"embeddable":true,"href":"https:\/\/agora.xtec.cat\/ceip-dolorsalmeda-cornella\/wp-json\/wp\/v2\/users\/18"}],"replies":[{"embeddable":true,"href":"https:\/\/agora.xtec.cat\/ceip-dolorsalmeda-cornella\/wp-json\/wp\/v2\/comments?post=5251"}],"version-history":[{"count":3,"href":"https:\/\/agora.xtec.cat\/ceip-dolorsalmeda-cornella\/wp-json\/wp\/v2\/posts\/5251\/revisions"}],"predecessor-version":[{"id":5257,"href":"https:\/\/agora.xtec.cat\/ceip-dolorsalmeda-cornella\/wp-json\/wp\/v2\/posts\/5251\/revisions\/5257"}],"wp:featuredmedia":[{"embeddable":true,"href":"https:\/\/agora.xtec.cat\/ceip-dolorsalmeda-cornella\/wp-json\/wp\/v2\/media\/5254"}],"wp:attachment":[{"href":"https:\/\/agora.xtec.cat\/ceip-dolorsalmeda-cornella\/wp-json\/wp\/v2\/media?parent=5251"}],"wp:term":[{"taxonomy":"category","embeddable":true,"href":"https:\/\/agora.xtec.cat\/ceip-dolorsalmeda-cornella\/wp-json\/wp\/v2\/categories?post=5251"},{"taxonomy":"post_tag","embeddable":true,"href":"https:\/\/agora.xtec.cat\/ceip-dolorsalmeda-cornella\/wp-json\/wp\/v2\/tags?post=5251"}],"curies":[{"name":"wp","href":"https:\/\/api.w.org\/{rel}","templated":true}]}}