{"id":5196,"date":"2022-10-20T14:08:43","date_gmt":"2022-10-20T12:08:43","guid":{"rendered":"https:\/\/agora.xtec.cat\/ceip-dolorsalmeda-cornella\/?p=5196"},"modified":"2022-10-20T16:02:35","modified_gmt":"2022-10-20T14:02:35","slug":"ciutadella-iberica-de-calafell","status":"publish","type":"post","link":"https:\/\/agora.xtec.cat\/ceip-dolorsalmeda-cornella\/general\/ciutadella-iberica-de-calafell\/","title":{"rendered":"Ciutadella Ib\u00e8rica de Calafell"},"content":{"rendered":"<p lang=\"ca-ES\"><span style=\"color: #000000;\"><span style=\"font-family: Open Sans, Helvetica, Arial, sans-serif;\"><span style=\"font-size: medium;\">Aquesta setmana els i les nenes de 5\u00e8, han fet una sortida a la Ciutadella Ib\u00e8rica de Calafell. En ella han pogut aprofundir sobre una de les primeres etapes de la nostra hist\u00f2ria, els Ibers, fa 2500 anys.<\/span><\/span><\/span><br \/>\n<span style=\"color: #000000;\"><span style=\"font-family: Open Sans, Helvetica, Arial, sans-serif;\"><span style=\"font-size: medium;\">A m\u00e9s, han pogut observar de prop com vivien i els seus costums; experimentant amb les seves mans com constru\u00efen els tovots, les parets i sostres de les seves cases i poblats, sempre fent-lo en comunitat.<\/span><\/span><\/span><br \/>\n<span style=\"color: #000000;\"><span style=\"font-family: Open Sans, Helvetica, Arial, sans-serif;\"><span style=\"font-size: medium;\">Aquesta sortida els ha ajudat a enriquir-se, per\u00f2 definitivament a sentir la hist\u00f2ria m\u00e9s a prop.<\/span><\/span><\/span><\/p>\n<p lang=\"ca-ES\"><a href=\"https:\/\/agora.xtec.cat\/ceip-dolorsalmeda-cornella\/wp-content\/uploads\/usu30\/2022\/10\/BE05CBA7-444A-437A-A868-3518B05BE1B2_1-scaled-e1666267481146.jpg\"><img loading=\"lazy\" decoding=\"async\" class=\"alignnone wp-image-5205\" src=\"https:\/\/agora.xtec.cat\/ceip-dolorsalmeda-cornella\/wp-content\/uploads\/usu30\/2022\/10\/BE05CBA7-444A-437A-A868-3518B05BE1B2_1-scaled-e1666267481146-225x300.jpg\" alt=\"\" width=\"172\" height=\"230\" srcset=\"https:\/\/agora.xtec.cat\/ceip-dolorsalmeda-cornella\/wp-content\/uploads\/usu30\/2022\/10\/BE05CBA7-444A-437A-A868-3518B05BE1B2_1-scaled-e1666267481146-225x300.jpg 225w, https:\/\/agora.xtec.cat\/ceip-dolorsalmeda-cornella\/wp-content\/uploads\/usu30\/2022\/10\/BE05CBA7-444A-437A-A868-3518B05BE1B2_1-scaled-e1666267481146-768x1024.jpg 768w, https:\/\/agora.xtec.cat\/ceip-dolorsalmeda-cornella\/wp-content\/uploads\/usu30\/2022\/10\/BE05CBA7-444A-437A-A868-3518B05BE1B2_1-scaled-e1666267481146-1152x1536.jpg 1152w, https:\/\/agora.xtec.cat\/ceip-dolorsalmeda-cornella\/wp-content\/uploads\/usu30\/2022\/10\/BE05CBA7-444A-437A-A868-3518B05BE1B2_1-scaled-e1666267481146-1536x2048.jpg 1536w, https:\/\/agora.xtec.cat\/ceip-dolorsalmeda-cornella\/wp-content\/uploads\/usu30\/2022\/10\/BE05CBA7-444A-437A-A868-3518B05BE1B2_1-scaled-e1666267481146.jpg 1920w\" sizes=\"auto, (max-width: 172px) 100vw, 172px\" \/><\/a> <a href=\"https:\/\/agora.xtec.cat\/ceip-dolorsalmeda-cornella\/wp-content\/uploads\/usu30\/2022\/10\/FA88DE01-E192-4779-9D70-6D7D96049ADF_1-scaled-e1666262349252.jpg\"><img loading=\"lazy\" decoding=\"async\" class=\"alignnone wp-image-5203\" src=\"https:\/\/agora.xtec.cat\/ceip-dolorsalmeda-cornella\/wp-content\/uploads\/usu30\/2022\/10\/FA88DE01-E192-4779-9D70-6D7D96049ADF_1-scaled-e1666262349252-225x300.jpg\" alt=\"\" width=\"171\" height=\"228\" srcset=\"https:\/\/agora.xtec.cat\/ceip-dolorsalmeda-cornella\/wp-content\/uploads\/usu30\/2022\/10\/FA88DE01-E192-4779-9D70-6D7D96049ADF_1-scaled-e1666262349252-225x300.jpg 225w, https:\/\/agora.xtec.cat\/ceip-dolorsalmeda-cornella\/wp-content\/uploads\/usu30\/2022\/10\/FA88DE01-E192-4779-9D70-6D7D96049ADF_1-scaled-e1666262349252-768x1024.jpg 768w, https:\/\/agora.xtec.cat\/ceip-dolorsalmeda-cornella\/wp-content\/uploads\/usu30\/2022\/10\/FA88DE01-E192-4779-9D70-6D7D96049ADF_1-scaled-e1666262349252-1152x1536.jpg 1152w, https:\/\/agora.xtec.cat\/ceip-dolorsalmeda-cornella\/wp-content\/uploads\/usu30\/2022\/10\/FA88DE01-E192-4779-9D70-6D7D96049ADF_1-scaled-e1666262349252-1536x2048.jpg 1536w, https:\/\/agora.xtec.cat\/ceip-dolorsalmeda-cornella\/wp-content\/uploads\/usu30\/2022\/10\/FA88DE01-E192-4779-9D70-6D7D96049ADF_1-scaled-e1666262349252.jpg 1920w\" sizes=\"auto, (max-width: 171px) 100vw, 171px\" \/><\/a> <a href=\"https:\/\/agora.xtec.cat\/ceip-dolorsalmeda-cornella\/wp-content\/uploads\/usu30\/2022\/10\/BFFE6647-E7CA-43A9-B0AD-4377D6BAE9D1_1-scaled-e1666262317800.jpg\"><img loading=\"lazy\" decoding=\"async\" class=\"alignnone wp-image-5202\" src=\"https:\/\/agora.xtec.cat\/ceip-dolorsalmeda-cornella\/wp-content\/uploads\/usu30\/2022\/10\/BFFE6647-E7CA-43A9-B0AD-4377D6BAE9D1_1-scaled-e1666262317800-225x300.jpg\" alt=\"\" width=\"172\" height=\"229\" srcset=\"https:\/\/agora.xtec.cat\/ceip-dolorsalmeda-cornella\/wp-content\/uploads\/usu30\/2022\/10\/BFFE6647-E7CA-43A9-B0AD-4377D6BAE9D1_1-scaled-e1666262317800-225x300.jpg 225w, https:\/\/agora.xtec.cat\/ceip-dolorsalmeda-cornella\/wp-content\/uploads\/usu30\/2022\/10\/BFFE6647-E7CA-43A9-B0AD-4377D6BAE9D1_1-scaled-e1666262317800-768x1024.jpg 768w, https:\/\/agora.xtec.cat\/ceip-dolorsalmeda-cornella\/wp-content\/uploads\/usu30\/2022\/10\/BFFE6647-E7CA-43A9-B0AD-4377D6BAE9D1_1-scaled-e1666262317800-1152x1536.jpg 1152w, https:\/\/agora.xtec.cat\/ceip-dolorsalmeda-cornella\/wp-content\/uploads\/usu30\/2022\/10\/BFFE6647-E7CA-43A9-B0AD-4377D6BAE9D1_1-scaled-e1666262317800-1536x2048.jpg 1536w, https:\/\/agora.xtec.cat\/ceip-dolorsalmeda-cornella\/wp-content\/uploads\/usu30\/2022\/10\/BFFE6647-E7CA-43A9-B0AD-4377D6BAE9D1_1-scaled-e1666262317800.jpg 1920w\" sizes=\"auto, (max-width: 172px) 100vw, 172px\" \/><\/a><\/p>\n<p lang=\"ca-ES\"><a href=\"https:\/\/agora.xtec.cat\/ceip-dolorsalmeda-cornella\/wp-content\/uploads\/usu30\/2022\/10\/A392C649-C419-4E84-82DE-2592EEAF9148_1-e1666262372576.jpg\">\u00a0 \u00a0 \u00a0 \u00a0 <img loading=\"lazy\" decoding=\"async\" class=\"alignnone wp-image-5201\" src=\"https:\/\/agora.xtec.cat\/ceip-dolorsalmeda-cornella\/wp-content\/uploads\/usu30\/2022\/10\/A392C649-C419-4E84-82DE-2592EEAF9148_1-e1666262372576-300x225.jpg\" alt=\"\" width=\"224\" height=\"168\" srcset=\"https:\/\/agora.xtec.cat\/ceip-dolorsalmeda-cornella\/wp-content\/uploads\/usu30\/2022\/10\/A392C649-C419-4E84-82DE-2592EEAF9148_1-e1666262372576-300x225.jpg 300w, https:\/\/agora.xtec.cat\/ceip-dolorsalmeda-cornella\/wp-content\/uploads\/usu30\/2022\/10\/A392C649-C419-4E84-82DE-2592EEAF9148_1-e1666262372576-1024x768.jpg 1024w, https:\/\/agora.xtec.cat\/ceip-dolorsalmeda-cornella\/wp-content\/uploads\/usu30\/2022\/10\/A392C649-C419-4E84-82DE-2592EEAF9148_1-e1666262372576-768x576.jpg 768w, https:\/\/agora.xtec.cat\/ceip-dolorsalmeda-cornella\/wp-content\/uploads\/usu30\/2022\/10\/A392C649-C419-4E84-82DE-2592EEAF9148_1-e1666262372576-1536x1152.jpg 1536w, https:\/\/agora.xtec.cat\/ceip-dolorsalmeda-cornella\/wp-content\/uploads\/usu30\/2022\/10\/A392C649-C419-4E84-82DE-2592EEAF9148_1-e1666262372576-200x150.jpg 200w, https:\/\/agora.xtec.cat\/ceip-dolorsalmeda-cornella\/wp-content\/uploads\/usu30\/2022\/10\/A392C649-C419-4E84-82DE-2592EEAF9148_1-e1666262372576.jpg 2000w\" sizes=\"auto, (max-width: 224px) 100vw, 224px\" \/><\/a> <a href=\"https:\/\/agora.xtec.cat\/ceip-dolorsalmeda-cornella\/wp-content\/uploads\/usu30\/2022\/10\/412A0815-7D75-435D-9AA7-E935F7E2E066_1.jpg\"><img loading=\"lazy\" decoding=\"async\" class=\"alignnone wp-image-5199\" src=\"https:\/\/agora.xtec.cat\/ceip-dolorsalmeda-cornella\/wp-content\/uploads\/usu30\/2022\/10\/412A0815-7D75-435D-9AA7-E935F7E2E066_1-300x225.jpg\" alt=\"\" width=\"225\" height=\"169\" srcset=\"https:\/\/agora.xtec.cat\/ceip-dolorsalmeda-cornella\/wp-content\/uploads\/usu30\/2022\/10\/412A0815-7D75-435D-9AA7-E935F7E2E066_1-300x225.jpg 300w, https:\/\/agora.xtec.cat\/ceip-dolorsalmeda-cornella\/wp-content\/uploads\/usu30\/2022\/10\/412A0815-7D75-435D-9AA7-E935F7E2E066_1-1024x768.jpg 1024w, https:\/\/agora.xtec.cat\/ceip-dolorsalmeda-cornella\/wp-content\/uploads\/usu30\/2022\/10\/412A0815-7D75-435D-9AA7-E935F7E2E066_1-768x576.jpg 768w, https:\/\/agora.xtec.cat\/ceip-dolorsalmeda-cornella\/wp-content\/uploads\/usu30\/2022\/10\/412A0815-7D75-435D-9AA7-E935F7E2E066_1-1536x1152.jpg 1536w, https:\/\/agora.xtec.cat\/ceip-dolorsalmeda-cornella\/wp-content\/uploads\/usu30\/2022\/10\/412A0815-7D75-435D-9AA7-E935F7E2E066_1-200x150.jpg 200w, https:\/\/agora.xtec.cat\/ceip-dolorsalmeda-cornella\/wp-content\/uploads\/usu30\/2022\/10\/412A0815-7D75-435D-9AA7-E935F7E2E066_1.jpg 2000w\" sizes=\"auto, (max-width: 225px) 100vw, 225px\" \/><\/a><\/p>\n","protected":false},"excerpt":{"rendered":"<p>Aquesta setmana els i les nenes de 5\u00e8, han fet una sortida a la Ciutadella Ib\u00e8rica de Calafell. En ella han pogut aprofundir sobre una de les primeres etapes de la nostra hist\u00f2ria, els Ibers, fa 2500 anys.<br \/>\nA m\u00e9s, han pogut observar de prop com&hellip;  <a href=\"https:\/\/agora.xtec.cat\/ceip-dolorsalmeda-cornella\/general\/ciutadella-iberica-de-calafell\/\" title=\"Read Ciutadella Ib\u00e8rica de Calafell\">Llegeix m\u00e9s\u00bb<\/a><\/p>\n","protected":false},"author":18,"featured_media":5200,"comment_status":"open","ping_status":"closed","sticky":false,"template":"","format":"standard","meta":{"_bbp_topic_count":0,"_bbp_reply_count":0,"_bbp_total_topic_count":0,"_bbp_total_reply_count":0,"_bbp_voice_count":0,"_bbp_anonymous_reply_count":0,"_bbp_topic_count_hidden":0,"_bbp_reply_count_hidden":0,"_bbp_forum_subforum_count":0,"footnotes":""},"categories":[14,1,4,5],"tags":[66,317,16],"class_list":["post-5196","post","type-post","status-publish","format-standard","has-post-thumbnail","hentry","category-5e","category-general","category-portada","category-primaria","tag-5e","tag-historia","tag-sortides"],"post_mailing_queue_ids":[],"_links":{"self":[{"href":"https:\/\/agora.xtec.cat\/ceip-dolorsalmeda-cornella\/wp-json\/wp\/v2\/posts\/5196","targetHints":{"allow":["GET"]}}],"collection":[{"href":"https:\/\/agora.xtec.cat\/ceip-dolorsalmeda-cornella\/wp-json\/wp\/v2\/posts"}],"about":[{"href":"https:\/\/agora.xtec.cat\/ceip-dolorsalmeda-cornella\/wp-json\/wp\/v2\/types\/post"}],"author":[{"embeddable":true,"href":"https:\/\/agora.xtec.cat\/ceip-dolorsalmeda-cornella\/wp-json\/wp\/v2\/users\/18"}],"replies":[{"embeddable":true,"href":"https:\/\/agora.xtec.cat\/ceip-dolorsalmeda-cornella\/wp-json\/wp\/v2\/comments?post=5196"}],"version-history":[{"count":3,"href":"https:\/\/agora.xtec.cat\/ceip-dolorsalmeda-cornella\/wp-json\/wp\/v2\/posts\/5196\/revisions"}],"predecessor-version":[{"id":5211,"href":"https:\/\/agora.xtec.cat\/ceip-dolorsalmeda-cornella\/wp-json\/wp\/v2\/posts\/5196\/revisions\/5211"}],"wp:featuredmedia":[{"embeddable":true,"href":"https:\/\/agora.xtec.cat\/ceip-dolorsalmeda-cornella\/wp-json\/wp\/v2\/media\/5200"}],"wp:attachment":[{"href":"https:\/\/agora.xtec.cat\/ceip-dolorsalmeda-cornella\/wp-json\/wp\/v2\/media?parent=5196"}],"wp:term":[{"taxonomy":"category","embeddable":true,"href":"https:\/\/agora.xtec.cat\/ceip-dolorsalmeda-cornella\/wp-json\/wp\/v2\/categories?post=5196"},{"taxonomy":"post_tag","embeddable":true,"href":"https:\/\/agora.xtec.cat\/ceip-dolorsalmeda-cornella\/wp-json\/wp\/v2\/tags?post=5196"}],"curies":[{"name":"wp","href":"https:\/\/api.w.org\/{rel}","templated":true}]}}