{"id":5137,"date":"2022-10-16T13:37:37","date_gmt":"2022-10-16T11:37:37","guid":{"rendered":"https:\/\/agora.xtec.cat\/ceip-dolorsalmeda-cornella\/?p=5137"},"modified":"2022-10-19T19:27:04","modified_gmt":"2022-10-19T17:27:04","slug":"acta-dapadrinament-lector","status":"publish","type":"post","link":"https:\/\/agora.xtec.cat\/ceip-dolorsalmeda-cornella\/general\/acta-dapadrinament-lector\/","title":{"rendered":"ACTE D\u2019APADRINAMENT LECTOR"},"content":{"rendered":"<p><span style=\"color: #000000;\"><span style=\"font-family: Arial, sans-serif;\"><span style=\"font-size: medium;\">Estem molt contentes que per fi puguem fer l\u2019activitat cooperativa de l\u2019apadrinament lector despr\u00e9s d\u2019uns anys complicats. <\/span><\/span><\/span><\/p>\n<p><span style=\"color: #000000;\"><span style=\"font-family: Arial, sans-serif;\"><span style=\"font-size: medium;\">Els alumnes de 6\u00e8<\/span><\/span><\/span><span style=\"color: #000000;\"><span style=\"font-family: Arial, sans-serif;\"><span style=\"font-size: medium;\"> i de 1r<\/span><\/span><\/span><span style=\"color: #000000;\"><span style=\"font-family: Arial, sans-serif;\"><span style=\"font-size: medium;\"> s\u2019han trobat a la Biblioteca per formalitzar el comprom\u00eds que assoleixen els padrins i padrines (6\u00e8) en acompanyar en el proc\u00e9s d\u2019aprenentatge de la lectura als fillols i filloles (1r<\/span><\/span><\/span><span style=\"color: #000000;\"><span style=\"font-family: Arial, sans-serif;\"><span style=\"font-size: medium;\">). <\/span><\/span><\/span><\/p>\n<p><span style=\"color: #000000;\"><span style=\"font-family: Arial, sans-serif;\"><span style=\"font-size: medium;\">Els fillols i els padrins estan molt <\/span><\/span><\/span><span style=\"color: #000000;\"><span style=\"font-family: Arial, sans-serif;\"><span style=\"font-size: medium;\">il\u00b7lusi<\/span><\/span><\/span><span style=\"color: #000000;\"><span style=\"font-family: Arial, sans-serif;\"><span style=\"font-size: medium;\">onats per<\/span><\/span><\/span> <span style=\"color: #000000;\"><span style=\"font-family: Arial, sans-serif;\"><span style=\"font-size: medium;\">poder<\/span><\/span><\/span><span style=\"color: #000000;\"><span style=\"font-family: Arial, sans-serif;\"><span style=\"font-size: medium;\"> compartir petites estones <\/span><\/span><\/span><span style=\"color: #000000;\"><span style=\"font-family: Arial, sans-serif;\"><span style=\"font-size: medium;\">en un ambient d\u2019aprenentatge.\u00a0<\/span><\/span><\/span><\/p>\n\n\t\t<style type=\"text\/css\">\n\t\t\t#gallery-1 {\n\t\t\t\tmargin: auto;\n\t\t\t}\n\t\t\t#gallery-1 .gallery-item {\n\t\t\t\tfloat: left;\n\t\t\t\tmargin-top: 10px;\n\t\t\t\ttext-align: center;\n\t\t\t\twidth: 50%;\n\t\t\t}\n\t\t\t#gallery-1 img {\n\t\t\t\tborder: 2px solid #cfcfcf;\n\t\t\t}\n\t\t\t#gallery-1 .gallery-caption {\n\t\t\t\tmargin-left: 0;\n\t\t\t}\n\t\t\t\/* see gallery_shortcode() in wp-includes\/media.php *\/\n\t\t<\/style>\n\t\t<div id='gallery-1' class='gallery galleryid-5137 gallery-columns-2 gallery-size-thumbnail'><dl class='gallery-item'>\n\t\t\t<dt class='gallery-icon portrait'>\n\t\t\t\t<a href='https:\/\/agora.xtec.cat\/ceip-dolorsalmeda-cornella\/general\/acta-dapadrinament-lector\/attachment\/1665919726294\/'><img loading=\"lazy\" decoding=\"async\" width=\"150\" height=\"150\" src=\"https:\/\/agora.xtec.cat\/ceip-dolorsalmeda-cornella\/wp-content\/uploads\/usu30\/2022\/10\/1665919726294-150x150.jpg\" class=\"attachment-thumbnail size-thumbnail\" alt=\"\" \/><\/a>\n\t\t\t<\/dt><\/dl><dl class='gallery-item'>\n\t\t\t<dt class='gallery-icon portrait'>\n\t\t\t\t<a href='https:\/\/agora.xtec.cat\/ceip-dolorsalmeda-cornella\/general\/acta-dapadrinament-lector\/attachment\/1665919726146\/'><img loading=\"lazy\" decoding=\"async\" width=\"150\" height=\"150\" src=\"https:\/\/agora.xtec.cat\/ceip-dolorsalmeda-cornella\/wp-content\/uploads\/usu30\/2022\/10\/1665919726146-150x150.jpg\" class=\"attachment-thumbnail size-thumbnail\" alt=\"\" \/><\/a>\n\t\t\t<\/dt><\/dl><br style=\"clear: both\" \/><dl class='gallery-item'>\n\t\t\t<dt class='gallery-icon landscape'>\n\t\t\t\t<a href='https:\/\/agora.xtec.cat\/ceip-dolorsalmeda-cornella\/general\/acta-dapadrinament-lector\/attachment\/img_20221004_091649\/'><img loading=\"lazy\" decoding=\"async\" width=\"150\" height=\"150\" src=\"https:\/\/agora.xtec.cat\/ceip-dolorsalmeda-cornella\/wp-content\/uploads\/usu30\/2022\/10\/IMG_20221004_091649-150x150.jpg\" class=\"attachment-thumbnail size-thumbnail\" alt=\"\" \/><\/a>\n\t\t\t<\/dt><\/dl><dl class='gallery-item'>\n\t\t\t<dt class='gallery-icon landscape'>\n\t\t\t\t<a href='https:\/\/agora.xtec.cat\/ceip-dolorsalmeda-cornella\/general\/acta-dapadrinament-lector\/attachment\/img_20221004_091511\/'><img loading=\"lazy\" decoding=\"async\" width=\"150\" height=\"150\" src=\"https:\/\/agora.xtec.cat\/ceip-dolorsalmeda-cornella\/wp-content\/uploads\/usu30\/2022\/10\/IMG_20221004_091511-150x150.jpg\" class=\"attachment-thumbnail size-thumbnail\" alt=\"\" \/><\/a>\n\t\t\t<\/dt><\/dl><br style=\"clear: both\" \/>\n\t\t<\/div>\n\n<p>&nbsp;<\/p>\n","protected":false},"excerpt":{"rendered":"<p>Estem molt contentes que per fi puguem fer l\u2019activitat cooperativa de l\u2019apadrinament lector despr\u00e9s d\u2019uns anys complicats.<br \/>\nEls alumnes de 6\u00e8 i de 1r s\u2019han trobat a la Biblioteca per formalitzar el comprom\u00eds que assoleixen els padrins i padrines (6\u00e8) en acompanyar en el proc\u00e9s&hellip;  <a href=\"https:\/\/agora.xtec.cat\/ceip-dolorsalmeda-cornella\/general\/acta-dapadrinament-lector\/\" title=\"Read ACTE D\u2019APADRINAMENT LECTOR\">Llegeix m\u00e9s\u00bb<\/a><\/p>\n","protected":false},"author":1,"featured_media":0,"comment_status":"open","ping_status":"closed","sticky":false,"template":"","format":"standard","meta":{"_bbp_topic_count":0,"_bbp_reply_count":0,"_bbp_total_topic_count":0,"_bbp_total_reply_count":0,"_bbp_voice_count":0,"_bbp_anonymous_reply_count":0,"_bbp_topic_count_hidden":0,"_bbp_reply_count_hidden":0,"_bbp_forum_subforum_count":0,"footnotes":""},"categories":[10,15,1,4,5],"tags":[264,118,71,315],"class_list":["post-5137","post","type-post","status-publish","format-standard","hentry","category-1r","category-6e","category-general","category-portada","category-primaria","tag-1r","tag-6e","tag-apadrinament-lector","tag-cooperacio"],"post_mailing_queue_ids":[],"_links":{"self":[{"href":"https:\/\/agora.xtec.cat\/ceip-dolorsalmeda-cornella\/wp-json\/wp\/v2\/posts\/5137","targetHints":{"allow":["GET"]}}],"collection":[{"href":"https:\/\/agora.xtec.cat\/ceip-dolorsalmeda-cornella\/wp-json\/wp\/v2\/posts"}],"about":[{"href":"https:\/\/agora.xtec.cat\/ceip-dolorsalmeda-cornella\/wp-json\/wp\/v2\/types\/post"}],"author":[{"embeddable":true,"href":"https:\/\/agora.xtec.cat\/ceip-dolorsalmeda-cornella\/wp-json\/wp\/v2\/users\/1"}],"replies":[{"embeddable":true,"href":"https:\/\/agora.xtec.cat\/ceip-dolorsalmeda-cornella\/wp-json\/wp\/v2\/comments?post=5137"}],"version-history":[{"count":3,"href":"https:\/\/agora.xtec.cat\/ceip-dolorsalmeda-cornella\/wp-json\/wp\/v2\/posts\/5137\/revisions"}],"predecessor-version":[{"id":5195,"href":"https:\/\/agora.xtec.cat\/ceip-dolorsalmeda-cornella\/wp-json\/wp\/v2\/posts\/5137\/revisions\/5195"}],"wp:attachment":[{"href":"https:\/\/agora.xtec.cat\/ceip-dolorsalmeda-cornella\/wp-json\/wp\/v2\/media?parent=5137"}],"wp:term":[{"taxonomy":"category","embeddable":true,"href":"https:\/\/agora.xtec.cat\/ceip-dolorsalmeda-cornella\/wp-json\/wp\/v2\/categories?post=5137"},{"taxonomy":"post_tag","embeddable":true,"href":"https:\/\/agora.xtec.cat\/ceip-dolorsalmeda-cornella\/wp-json\/wp\/v2\/tags?post=5137"}],"curies":[{"name":"wp","href":"https:\/\/api.w.org\/{rel}","templated":true}]}}