{"id":5097,"date":"2022-06-15T11:23:16","date_gmt":"2022-06-15T09:23:16","guid":{"rendered":"https:\/\/agora.xtec.cat\/ceip-dolorsalmeda-cornella\/?p=5097"},"modified":"2022-06-15T11:24:14","modified_gmt":"2022-06-15T09:24:14","slug":"darrer-dia-a-cala-montjoi","status":"publish","type":"post","link":"https:\/\/agora.xtec.cat\/ceip-dolorsalmeda-cornella\/portada\/darrer-dia-a-cala-montjoi\/","title":{"rendered":"Darrer dia a Cala Montjoi"},"content":{"rendered":"<p>Ja som al darrer dia i s&#8217;acaben les col\u00f2nies! Ohhhhhhhhhh!<\/p>\n<p>Ahir vam tenir una nit de festa i disbauxa molt divertida. Fins i tot a la disco ens van posar la can\u00e7\u00f3 de 6\u00e8 &#8220;Azukita&#8221; i evidentment \u00e9s van fer els reis i les reines de la pista de ball ;-). Despr\u00e9s es van deixar la poca veu que els hi quedava al karaoke. Hi van posar moltes ganes per\u00f2 el nivell d&#8217;afinaci\u00f3 va fer que la professora de m\u00fasica es replantegi les notes finals, ja ja ja.<\/p>\n<p>A la nit han dormit molt b\u00e9, ja han fet les maletes i han deixat els bungalows ben endre\u00e7ats. Ara estan fent roc\u00f2drom, tennis, coreografia i malabars i aprofitant les darreres hores per gaudir d&#8217;aquest entorn de natura tan especial.<\/p>\n<p>A les 15 hores agafarem el vaixell i comen\u00e7arem el viatge de tornada. Fins aviat!!<\/p>\n<p><strong>Us recordem que podeu veure totes les fotos a la carpeta compartida de cada classe.<\/strong><\/p>\n<p><a href=\"https:\/\/agora.xtec.cat\/ceip-dolorsalmeda-cornella\/wp-content\/uploads\/usu30\/2022\/06\/ea01629c-86a4-47ee-92e8-c034f0b0b556.jpg\"><img loading=\"lazy\" decoding=\"async\" class=\"alignnone size-medium wp-image-5098\" src=\"https:\/\/agora.xtec.cat\/ceip-dolorsalmeda-cornella\/wp-content\/uploads\/usu30\/2022\/06\/ea01629c-86a4-47ee-92e8-c034f0b0b556-300x225.jpg\" alt=\"\" width=\"300\" height=\"225\" srcset=\"https:\/\/agora.xtec.cat\/ceip-dolorsalmeda-cornella\/wp-content\/uploads\/usu30\/2022\/06\/ea01629c-86a4-47ee-92e8-c034f0b0b556-300x225.jpg 300w, https:\/\/agora.xtec.cat\/ceip-dolorsalmeda-cornella\/wp-content\/uploads\/usu30\/2022\/06\/ea01629c-86a4-47ee-92e8-c034f0b0b556-1024x768.jpg 1024w, https:\/\/agora.xtec.cat\/ceip-dolorsalmeda-cornella\/wp-content\/uploads\/usu30\/2022\/06\/ea01629c-86a4-47ee-92e8-c034f0b0b556-768x576.jpg 768w, https:\/\/agora.xtec.cat\/ceip-dolorsalmeda-cornella\/wp-content\/uploads\/usu30\/2022\/06\/ea01629c-86a4-47ee-92e8-c034f0b0b556-1536x1152.jpg 1536w, https:\/\/agora.xtec.cat\/ceip-dolorsalmeda-cornella\/wp-content\/uploads\/usu30\/2022\/06\/ea01629c-86a4-47ee-92e8-c034f0b0b556-200x150.jpg 200w, https:\/\/agora.xtec.cat\/ceip-dolorsalmeda-cornella\/wp-content\/uploads\/usu30\/2022\/06\/ea01629c-86a4-47ee-92e8-c034f0b0b556.jpg 1824w\" sizes=\"auto, (max-width: 300px) 100vw, 300px\" \/><\/a> <a href=\"https:\/\/agora.xtec.cat\/ceip-dolorsalmeda-cornella\/wp-content\/uploads\/usu30\/2022\/06\/PHOTO-2022-06-15-11-00-08.jpg\"><img loading=\"lazy\" decoding=\"async\" class=\"alignnone size-medium wp-image-5099\" src=\"https:\/\/agora.xtec.cat\/ceip-dolorsalmeda-cornella\/wp-content\/uploads\/usu30\/2022\/06\/PHOTO-2022-06-15-11-00-08-300x225.jpg\" alt=\"\" width=\"300\" height=\"225\" srcset=\"https:\/\/agora.xtec.cat\/ceip-dolorsalmeda-cornella\/wp-content\/uploads\/usu30\/2022\/06\/PHOTO-2022-06-15-11-00-08-300x225.jpg 300w, https:\/\/agora.xtec.cat\/ceip-dolorsalmeda-cornella\/wp-content\/uploads\/usu30\/2022\/06\/PHOTO-2022-06-15-11-00-08-1024x768.jpg 1024w, https:\/\/agora.xtec.cat\/ceip-dolorsalmeda-cornella\/wp-content\/uploads\/usu30\/2022\/06\/PHOTO-2022-06-15-11-00-08-768x576.jpg 768w, https:\/\/agora.xtec.cat\/ceip-dolorsalmeda-cornella\/wp-content\/uploads\/usu30\/2022\/06\/PHOTO-2022-06-15-11-00-08-1536x1152.jpg 1536w, https:\/\/agora.xtec.cat\/ceip-dolorsalmeda-cornella\/wp-content\/uploads\/usu30\/2022\/06\/PHOTO-2022-06-15-11-00-08-200x150.jpg 200w, https:\/\/agora.xtec.cat\/ceip-dolorsalmeda-cornella\/wp-content\/uploads\/usu30\/2022\/06\/PHOTO-2022-06-15-11-00-08.jpg 1824w\" sizes=\"auto, (max-width: 300px) 100vw, 300px\" \/><\/a><\/p>\n<p><iframe loading=\"lazy\" title=\"Ball 6\u00e8\" width=\"500\" height=\"281\" src=\"https:\/\/www.youtube.com\/embed\/Lgwr7jBRukY?feature=oembed\" frameborder=\"0\" allow=\"accelerometer; autoplay; clipboard-write; encrypted-media; gyroscope; picture-in-picture; web-share\" referrerpolicy=\"strict-origin-when-cross-origin\" allowfullscreen><\/iframe><\/p>\n","protected":false},"excerpt":{"rendered":"<p>Ja som al darrer dia i s&#8217;acaben les col\u00f2nies! Ohhhhhhhhhh!<br \/>\nAhir vam tenir una nit de festa i disbauxa molt divertida. Fins i tot a la disco ens van posar la can\u00e7\u00f3 de 6\u00e8 &#8220;Azukita&#8221; i evidentment \u00e9s van fer els reis i les reines de&hellip;  <a href=\"https:\/\/agora.xtec.cat\/ceip-dolorsalmeda-cornella\/portada\/darrer-dia-a-cala-montjoi\/\" title=\"Read Darrer dia a Cala Montjoi\">Llegeix m\u00e9s\u00bb<\/a><\/p>\n","protected":false},"author":3,"featured_media":5100,"comment_status":"open","ping_status":"closed","sticky":false,"template":"","format":"standard","meta":{"_bbp_topic_count":0,"_bbp_reply_count":0,"_bbp_total_topic_count":0,"_bbp_total_reply_count":0,"_bbp_voice_count":0,"_bbp_anonymous_reply_count":0,"_bbp_topic_count_hidden":0,"_bbp_reply_count_hidden":0,"_bbp_forum_subforum_count":0,"footnotes":""},"categories":[15,4,5],"tags":[118,141],"class_list":["post-5097","post","type-post","status-publish","format-standard","has-post-thumbnail","hentry","category-6e","category-portada","category-primaria","tag-6e","tag-colonies"],"post_mailing_queue_ids":[],"_links":{"self":[{"href":"https:\/\/agora.xtec.cat\/ceip-dolorsalmeda-cornella\/wp-json\/wp\/v2\/posts\/5097","targetHints":{"allow":["GET"]}}],"collection":[{"href":"https:\/\/agora.xtec.cat\/ceip-dolorsalmeda-cornella\/wp-json\/wp\/v2\/posts"}],"about":[{"href":"https:\/\/agora.xtec.cat\/ceip-dolorsalmeda-cornella\/wp-json\/wp\/v2\/types\/post"}],"author":[{"embeddable":true,"href":"https:\/\/agora.xtec.cat\/ceip-dolorsalmeda-cornella\/wp-json\/wp\/v2\/users\/3"}],"replies":[{"embeddable":true,"href":"https:\/\/agora.xtec.cat\/ceip-dolorsalmeda-cornella\/wp-json\/wp\/v2\/comments?post=5097"}],"version-history":[{"count":1,"href":"https:\/\/agora.xtec.cat\/ceip-dolorsalmeda-cornella\/wp-json\/wp\/v2\/posts\/5097\/revisions"}],"predecessor-version":[{"id":5101,"href":"https:\/\/agora.xtec.cat\/ceip-dolorsalmeda-cornella\/wp-json\/wp\/v2\/posts\/5097\/revisions\/5101"}],"wp:featuredmedia":[{"embeddable":true,"href":"https:\/\/agora.xtec.cat\/ceip-dolorsalmeda-cornella\/wp-json\/wp\/v2\/media\/5100"}],"wp:attachment":[{"href":"https:\/\/agora.xtec.cat\/ceip-dolorsalmeda-cornella\/wp-json\/wp\/v2\/media?parent=5097"}],"wp:term":[{"taxonomy":"category","embeddable":true,"href":"https:\/\/agora.xtec.cat\/ceip-dolorsalmeda-cornella\/wp-json\/wp\/v2\/categories?post=5097"},{"taxonomy":"post_tag","embeddable":true,"href":"https:\/\/agora.xtec.cat\/ceip-dolorsalmeda-cornella\/wp-json\/wp\/v2\/tags?post=5097"}],"curies":[{"name":"wp","href":"https:\/\/api.w.org\/{rel}","templated":true}]}}