{"id":5089,"date":"2022-06-14T19:46:52","date_gmt":"2022-06-14T17:46:52","guid":{"rendered":"https:\/\/agora.xtec.cat\/ceip-dolorsalmeda-cornella\/?p=5089"},"modified":"2022-06-14T19:46:52","modified_gmt":"2022-06-14T17:46:52","slug":"tarda-del-segon-dia-a-cala-montjoi","status":"publish","type":"post","link":"https:\/\/agora.xtec.cat\/ceip-dolorsalmeda-cornella\/general\/tarda-del-segon-dia-a-cala-montjoi\/","title":{"rendered":"Tarda del segon dia a Cala Montjoi"},"content":{"rendered":"<p>El dia ha estat fant\u00e0stic i els nens i les nenes han gaudit d&#8217;all\u00f2 m\u00e9s fent totes les activitats previstes.<\/p>\n<p>Han fet nusos, mini golf, temps lliure a la platja, caiac, tir amb arc, tirolina, voleibol i estampaci\u00f3 de samarretes. Ho estan passant genial en un entorn id\u00edl\u00b7lic i amb un temps fant\u00e0stic.<\/p>\n<p>Aviat aniran a sopar i es prepararan per a una nit plena de festa i diversi\u00f3. Estarem molt pendents de la desfilada de gala adient a la festa nocturna. Avui toca discoteca i karaoke!!!!<\/p>\n<p><strong>Us recordem que podeu veure totes les fotos a la carpeta compartida de cada classe.<\/strong><\/p>\n<p>Per cert, els vostres fills i filles us envien molts petonets.<\/p>\n<p><a href=\"https:\/\/agora.xtec.cat\/ceip-dolorsalmeda-cornella\/wp-content\/uploads\/usu30\/2022\/06\/PHOTO-2022-06-14-18-41-58.jpg\"><img loading=\"lazy\" decoding=\"async\" class=\"alignnone size-medium wp-image-5093\" src=\"https:\/\/agora.xtec.cat\/ceip-dolorsalmeda-cornella\/wp-content\/uploads\/usu30\/2022\/06\/PHOTO-2022-06-14-18-41-58-300x225.jpg\" alt=\"\" width=\"300\" height=\"225\" srcset=\"https:\/\/agora.xtec.cat\/ceip-dolorsalmeda-cornella\/wp-content\/uploads\/usu30\/2022\/06\/PHOTO-2022-06-14-18-41-58-300x225.jpg 300w, https:\/\/agora.xtec.cat\/ceip-dolorsalmeda-cornella\/wp-content\/uploads\/usu30\/2022\/06\/PHOTO-2022-06-14-18-41-58-1024x768.jpg 1024w, https:\/\/agora.xtec.cat\/ceip-dolorsalmeda-cornella\/wp-content\/uploads\/usu30\/2022\/06\/PHOTO-2022-06-14-18-41-58-768x576.jpg 768w, https:\/\/agora.xtec.cat\/ceip-dolorsalmeda-cornella\/wp-content\/uploads\/usu30\/2022\/06\/PHOTO-2022-06-14-18-41-58-1536x1152.jpg 1536w, https:\/\/agora.xtec.cat\/ceip-dolorsalmeda-cornella\/wp-content\/uploads\/usu30\/2022\/06\/PHOTO-2022-06-14-18-41-58-200x150.jpg 200w, https:\/\/agora.xtec.cat\/ceip-dolorsalmeda-cornella\/wp-content\/uploads\/usu30\/2022\/06\/PHOTO-2022-06-14-18-41-58.jpg 1824w\" sizes=\"auto, (max-width: 300px) 100vw, 300px\" \/><\/a> <a href=\"https:\/\/agora.xtec.cat\/ceip-dolorsalmeda-cornella\/wp-content\/uploads\/usu30\/2022\/06\/PHOTO-2022-06-14-18-41-43.jpg\"><img loading=\"lazy\" decoding=\"async\" class=\"alignnone size-medium wp-image-5092\" src=\"https:\/\/agora.xtec.cat\/ceip-dolorsalmeda-cornella\/wp-content\/uploads\/usu30\/2022\/06\/PHOTO-2022-06-14-18-41-43-300x248.jpg\" alt=\"\" width=\"300\" height=\"248\" srcset=\"https:\/\/agora.xtec.cat\/ceip-dolorsalmeda-cornella\/wp-content\/uploads\/usu30\/2022\/06\/PHOTO-2022-06-14-18-41-43-300x248.jpg 300w, https:\/\/agora.xtec.cat\/ceip-dolorsalmeda-cornella\/wp-content\/uploads\/usu30\/2022\/06\/PHOTO-2022-06-14-18-41-43-1024x847.jpg 1024w, https:\/\/agora.xtec.cat\/ceip-dolorsalmeda-cornella\/wp-content\/uploads\/usu30\/2022\/06\/PHOTO-2022-06-14-18-41-43-768x635.jpg 768w, https:\/\/agora.xtec.cat\/ceip-dolorsalmeda-cornella\/wp-content\/uploads\/usu30\/2022\/06\/PHOTO-2022-06-14-18-41-43-1536x1271.jpg 1536w, https:\/\/agora.xtec.cat\/ceip-dolorsalmeda-cornella\/wp-content\/uploads\/usu30\/2022\/06\/PHOTO-2022-06-14-18-41-43.jpg 2048w\" sizes=\"auto, (max-width: 300px) 100vw, 300px\" \/><\/a> <a href=\"https:\/\/agora.xtec.cat\/ceip-dolorsalmeda-cornella\/wp-content\/uploads\/usu30\/2022\/06\/PHOTO-2022-06-14-18-40-49.jpg\"><img loading=\"lazy\" decoding=\"async\" class=\"alignnone size-medium wp-image-5091\" src=\"https:\/\/agora.xtec.cat\/ceip-dolorsalmeda-cornella\/wp-content\/uploads\/usu30\/2022\/06\/PHOTO-2022-06-14-18-40-49-300x225.jpg\" alt=\"\" width=\"300\" height=\"225\" srcset=\"https:\/\/agora.xtec.cat\/ceip-dolorsalmeda-cornella\/wp-content\/uploads\/usu30\/2022\/06\/PHOTO-2022-06-14-18-40-49-300x225.jpg 300w, https:\/\/agora.xtec.cat\/ceip-dolorsalmeda-cornella\/wp-content\/uploads\/usu30\/2022\/06\/PHOTO-2022-06-14-18-40-49-1024x768.jpg 1024w, https:\/\/agora.xtec.cat\/ceip-dolorsalmeda-cornella\/wp-content\/uploads\/usu30\/2022\/06\/PHOTO-2022-06-14-18-40-49-768x576.jpg 768w, https:\/\/agora.xtec.cat\/ceip-dolorsalmeda-cornella\/wp-content\/uploads\/usu30\/2022\/06\/PHOTO-2022-06-14-18-40-49-1536x1152.jpg 1536w, https:\/\/agora.xtec.cat\/ceip-dolorsalmeda-cornella\/wp-content\/uploads\/usu30\/2022\/06\/PHOTO-2022-06-14-18-40-49-200x150.jpg 200w, https:\/\/agora.xtec.cat\/ceip-dolorsalmeda-cornella\/wp-content\/uploads\/usu30\/2022\/06\/PHOTO-2022-06-14-18-40-49.jpg 1824w\" sizes=\"auto, (max-width: 300px) 100vw, 300px\" \/><\/a> <a href=\"https:\/\/agora.xtec.cat\/ceip-dolorsalmeda-cornella\/wp-content\/uploads\/usu30\/2022\/06\/D0372EE1-9E2C-44A6-8406-794C385591FC.jpg\"><img loading=\"lazy\" decoding=\"async\" class=\"alignnone size-medium wp-image-5090\" src=\"https:\/\/agora.xtec.cat\/ceip-dolorsalmeda-cornella\/wp-content\/uploads\/usu30\/2022\/06\/D0372EE1-9E2C-44A6-8406-794C385591FC-300x225.jpg\" alt=\"\" width=\"300\" height=\"225\" srcset=\"https:\/\/agora.xtec.cat\/ceip-dolorsalmeda-cornella\/wp-content\/uploads\/usu30\/2022\/06\/D0372EE1-9E2C-44A6-8406-794C385591FC-300x225.jpg 300w, https:\/\/agora.xtec.cat\/ceip-dolorsalmeda-cornella\/wp-content\/uploads\/usu30\/2022\/06\/D0372EE1-9E2C-44A6-8406-794C385591FC-1024x768.jpg 1024w, https:\/\/agora.xtec.cat\/ceip-dolorsalmeda-cornella\/wp-content\/uploads\/usu30\/2022\/06\/D0372EE1-9E2C-44A6-8406-794C385591FC-768x576.jpg 768w, https:\/\/agora.xtec.cat\/ceip-dolorsalmeda-cornella\/wp-content\/uploads\/usu30\/2022\/06\/D0372EE1-9E2C-44A6-8406-794C385591FC-1536x1152.jpg 1536w, https:\/\/agora.xtec.cat\/ceip-dolorsalmeda-cornella\/wp-content\/uploads\/usu30\/2022\/06\/D0372EE1-9E2C-44A6-8406-794C385591FC-200x150.jpg 200w, https:\/\/agora.xtec.cat\/ceip-dolorsalmeda-cornella\/wp-content\/uploads\/usu30\/2022\/06\/D0372EE1-9E2C-44A6-8406-794C385591FC.jpg 1824w\" sizes=\"auto, (max-width: 300px) 100vw, 300px\" \/><\/a><\/p>\n<p>&nbsp;<\/p>\n","protected":false},"excerpt":{"rendered":"<p>El dia ha estat fant\u00e0stic i els nens i les nenes han gaudit d&#8217;all\u00f2 m\u00e9s fent totes les activitats previstes.<br \/>\nHan fet nusos, mini golf, temps lliure a la platja, caiac, tir amb arc, tirolina, voleibol i estampaci\u00f3 de samarretes. Ho estan passant genial en un&hellip;  <a href=\"https:\/\/agora.xtec.cat\/ceip-dolorsalmeda-cornella\/general\/tarda-del-segon-dia-a-cala-montjoi\/\" title=\"Read Tarda del segon dia a Cala Montjoi\">Llegeix m\u00e9s\u00bb<\/a><\/p>\n","protected":false},"author":3,"featured_media":5095,"comment_status":"open","ping_status":"closed","sticky":false,"template":"","format":"standard","meta":{"_bbp_topic_count":0,"_bbp_reply_count":0,"_bbp_total_topic_count":0,"_bbp_total_reply_count":0,"_bbp_voice_count":0,"_bbp_anonymous_reply_count":0,"_bbp_topic_count_hidden":0,"_bbp_reply_count_hidden":0,"_bbp_forum_subforum_count":0,"footnotes":""},"categories":[15,1,4],"tags":[],"class_list":["post-5089","post","type-post","status-publish","format-standard","has-post-thumbnail","hentry","category-6e","category-general","category-portada"],"post_mailing_queue_ids":[],"_links":{"self":[{"href":"https:\/\/agora.xtec.cat\/ceip-dolorsalmeda-cornella\/wp-json\/wp\/v2\/posts\/5089","targetHints":{"allow":["GET"]}}],"collection":[{"href":"https:\/\/agora.xtec.cat\/ceip-dolorsalmeda-cornella\/wp-json\/wp\/v2\/posts"}],"about":[{"href":"https:\/\/agora.xtec.cat\/ceip-dolorsalmeda-cornella\/wp-json\/wp\/v2\/types\/post"}],"author":[{"embeddable":true,"href":"https:\/\/agora.xtec.cat\/ceip-dolorsalmeda-cornella\/wp-json\/wp\/v2\/users\/3"}],"replies":[{"embeddable":true,"href":"https:\/\/agora.xtec.cat\/ceip-dolorsalmeda-cornella\/wp-json\/wp\/v2\/comments?post=5089"}],"version-history":[{"count":1,"href":"https:\/\/agora.xtec.cat\/ceip-dolorsalmeda-cornella\/wp-json\/wp\/v2\/posts\/5089\/revisions"}],"predecessor-version":[{"id":5096,"href":"https:\/\/agora.xtec.cat\/ceip-dolorsalmeda-cornella\/wp-json\/wp\/v2\/posts\/5089\/revisions\/5096"}],"wp:featuredmedia":[{"embeddable":true,"href":"https:\/\/agora.xtec.cat\/ceip-dolorsalmeda-cornella\/wp-json\/wp\/v2\/media\/5095"}],"wp:attachment":[{"href":"https:\/\/agora.xtec.cat\/ceip-dolorsalmeda-cornella\/wp-json\/wp\/v2\/media?parent=5089"}],"wp:term":[{"taxonomy":"category","embeddable":true,"href":"https:\/\/agora.xtec.cat\/ceip-dolorsalmeda-cornella\/wp-json\/wp\/v2\/categories?post=5089"},{"taxonomy":"post_tag","embeddable":true,"href":"https:\/\/agora.xtec.cat\/ceip-dolorsalmeda-cornella\/wp-json\/wp\/v2\/tags?post=5089"}],"curies":[{"name":"wp","href":"https:\/\/api.w.org\/{rel}","templated":true}]}}