{"id":5012,"date":"2022-06-01T16:41:13","date_gmt":"2022-06-01T14:41:13","guid":{"rendered":"https:\/\/agora.xtec.cat\/ceip-dolorsalmeda-cornella\/?p=5012"},"modified":"2022-06-01T16:41:13","modified_gmt":"2022-06-01T14:41:13","slug":"activitat-murs","status":"publish","type":"post","link":"https:\/\/agora.xtec.cat\/ceip-dolorsalmeda-cornella\/portada\/activitat-murs\/","title":{"rendered":"Activitat MURS"},"content":{"rendered":"<p>Avui els nois i noies de sis\u00e8 han\u00a0<span class=\"hiddenGreenError\" style=\"padding-bottom: 2px;background-image: url('..\/..\/..\/..\/..\/images\/squiggle_green.png');background-position: left bottom;cursor: default;color: #000000;font-family: 'Open Sans', Helvetica, Arial, sans-serif;font-size: 16px;font-style: normal;font-weight: 300;letter-spacing: normal;text-align: start;text-indent: 0px;text-transform: none\">realitzat<\/span>\u00a0una activitat dirigida a desenvolupar l&#8217;\u00e0rea d&#8217;educaci\u00f3 en valors socials i c\u00edvics. En ella han pogut entendre i parlar sobre que signifiquen els &#8220;MURS&#8221;.<br \/>\nDurant aquesta estona han parlat de com\u00a0se\u00a0sentirien si a la seva ciutat\u00a0<span class=\"hiddenGrammarError\" style=\"padding-bottom: 2px;background-image: url('..\/..\/..\/..\/..\/images\/squiggle.png');background-position: left bottom;cursor: default;color: #000000;font-family: 'Open Sans', Helvetica, Arial, sans-serif;font-size: 16px;font-style: normal;font-weight: 300;letter-spacing: normal;text-align: start;text-indent: 0px;text-transform: none\">hi haguessin<\/span>\u00a0fronteres que el limitessin i no poguessin sortir o entrar quan ells i elles volen.<br \/>\nDespr\u00e9s de visualitzar diferents murs que existeixen al m\u00f3n, ja que han descobert que hi ha fins a 70, han acabat l&#8217;activitat creant el seu propi mur, on han dibuixat grafits reclamant pau i llibertat per a tothom.<\/p>\n<p><a href=\"https:\/\/agora.xtec.cat\/ceip-dolorsalmeda-cornella\/wp-content\/uploads\/usu30\/2022\/06\/IMG_9183-compressed-scaled.jpg\"><img loading=\"lazy\" decoding=\"async\" class=\"alignnone size-medium wp-image-5019\" src=\"https:\/\/agora.xtec.cat\/ceip-dolorsalmeda-cornella\/wp-content\/uploads\/usu30\/2022\/06\/IMG_9183-compressed-225x300.jpg\" alt=\"\" width=\"225\" height=\"300\" srcset=\"https:\/\/agora.xtec.cat\/ceip-dolorsalmeda-cornella\/wp-content\/uploads\/usu30\/2022\/06\/IMG_9183-compressed-225x300.jpg 225w, https:\/\/agora.xtec.cat\/ceip-dolorsalmeda-cornella\/wp-content\/uploads\/usu30\/2022\/06\/IMG_9183-compressed-768x1024.jpg 768w, https:\/\/agora.xtec.cat\/ceip-dolorsalmeda-cornella\/wp-content\/uploads\/usu30\/2022\/06\/IMG_9183-compressed-1152x1536.jpg 1152w, https:\/\/agora.xtec.cat\/ceip-dolorsalmeda-cornella\/wp-content\/uploads\/usu30\/2022\/06\/IMG_9183-compressed-1536x2048.jpg 1536w, https:\/\/agora.xtec.cat\/ceip-dolorsalmeda-cornella\/wp-content\/uploads\/usu30\/2022\/06\/IMG_9183-compressed-scaled.jpg 1920w\" sizes=\"auto, (max-width: 225px) 100vw, 225px\" \/><\/a> <a href=\"https:\/\/agora.xtec.cat\/ceip-dolorsalmeda-cornella\/wp-content\/uploads\/usu30\/2022\/06\/IMG_9179-compressed-scaled.jpg\"><img loading=\"lazy\" decoding=\"async\" class=\"alignnone size-medium wp-image-5018\" src=\"https:\/\/agora.xtec.cat\/ceip-dolorsalmeda-cornella\/wp-content\/uploads\/usu30\/2022\/06\/IMG_9179-compressed-225x300.jpg\" alt=\"\" width=\"225\" height=\"300\" srcset=\"https:\/\/agora.xtec.cat\/ceip-dolorsalmeda-cornella\/wp-content\/uploads\/usu30\/2022\/06\/IMG_9179-compressed-225x300.jpg 225w, https:\/\/agora.xtec.cat\/ceip-dolorsalmeda-cornella\/wp-content\/uploads\/usu30\/2022\/06\/IMG_9179-compressed-768x1024.jpg 768w, https:\/\/agora.xtec.cat\/ceip-dolorsalmeda-cornella\/wp-content\/uploads\/usu30\/2022\/06\/IMG_9179-compressed-1152x1536.jpg 1152w, https:\/\/agora.xtec.cat\/ceip-dolorsalmeda-cornella\/wp-content\/uploads\/usu30\/2022\/06\/IMG_9179-compressed-1536x2048.jpg 1536w, https:\/\/agora.xtec.cat\/ceip-dolorsalmeda-cornella\/wp-content\/uploads\/usu30\/2022\/06\/IMG_9179-compressed-scaled.jpg 1920w\" sizes=\"auto, (max-width: 225px) 100vw, 225px\" \/><\/a> <a href=\"https:\/\/agora.xtec.cat\/ceip-dolorsalmeda-cornella\/wp-content\/uploads\/usu30\/2022\/06\/IMG_20220601_101415-compressed-scaled.jpg\"><img loading=\"lazy\" decoding=\"async\" class=\"alignnone wp-image-5015\" src=\"https:\/\/agora.xtec.cat\/ceip-dolorsalmeda-cornella\/wp-content\/uploads\/usu30\/2022\/06\/IMG_20220601_101415-compressed-225x300.jpg\" alt=\"\" width=\"221\" height=\"295\" srcset=\"https:\/\/agora.xtec.cat\/ceip-dolorsalmeda-cornella\/wp-content\/uploads\/usu30\/2022\/06\/IMG_20220601_101415-compressed-225x300.jpg 225w, https:\/\/agora.xtec.cat\/ceip-dolorsalmeda-cornella\/wp-content\/uploads\/usu30\/2022\/06\/IMG_20220601_101415-compressed-768x1024.jpg 768w, https:\/\/agora.xtec.cat\/ceip-dolorsalmeda-cornella\/wp-content\/uploads\/usu30\/2022\/06\/IMG_20220601_101415-compressed-1152x1536.jpg 1152w, https:\/\/agora.xtec.cat\/ceip-dolorsalmeda-cornella\/wp-content\/uploads\/usu30\/2022\/06\/IMG_20220601_101415-compressed-1536x2048.jpg 1536w, https:\/\/agora.xtec.cat\/ceip-dolorsalmeda-cornella\/wp-content\/uploads\/usu30\/2022\/06\/IMG_20220601_101415-compressed-scaled.jpg 1920w\" sizes=\"auto, (max-width: 221px) 100vw, 221px\" \/><\/a><a href=\"https:\/\/agora.xtec.cat\/ceip-dolorsalmeda-cornella\/wp-content\/uploads\/usu30\/2022\/06\/IMG_20220601_101425-compressed-scaled-e1654094377925.jpg\"><img loading=\"lazy\" decoding=\"async\" class=\"alignnone size-medium wp-image-5016\" src=\"https:\/\/agora.xtec.cat\/ceip-dolorsalmeda-cornella\/wp-content\/uploads\/usu30\/2022\/06\/IMG_20220601_101425-compressed-scaled-e1654094377925-225x300.jpg\" alt=\"\" width=\"225\" height=\"300\" srcset=\"https:\/\/agora.xtec.cat\/ceip-dolorsalmeda-cornella\/wp-content\/uploads\/usu30\/2022\/06\/IMG_20220601_101425-compressed-scaled-e1654094377925-225x300.jpg 225w, https:\/\/agora.xtec.cat\/ceip-dolorsalmeda-cornella\/wp-content\/uploads\/usu30\/2022\/06\/IMG_20220601_101425-compressed-scaled-e1654094377925-768x1024.jpg 768w, https:\/\/agora.xtec.cat\/ceip-dolorsalmeda-cornella\/wp-content\/uploads\/usu30\/2022\/06\/IMG_20220601_101425-compressed-scaled-e1654094377925-1152x1536.jpg 1152w, https:\/\/agora.xtec.cat\/ceip-dolorsalmeda-cornella\/wp-content\/uploads\/usu30\/2022\/06\/IMG_20220601_101425-compressed-scaled-e1654094377925-1536x2048.jpg 1536w, https:\/\/agora.xtec.cat\/ceip-dolorsalmeda-cornella\/wp-content\/uploads\/usu30\/2022\/06\/IMG_20220601_101425-compressed-scaled-e1654094377925.jpg 1920w\" sizes=\"auto, (max-width: 225px) 100vw, 225px\" \/><\/a> <a href=\"https:\/\/agora.xtec.cat\/ceip-dolorsalmeda-cornella\/wp-content\/uploads\/usu30\/2022\/06\/IMG_20220601_093322-compressed-scaled.jpg\"><img loading=\"lazy\" decoding=\"async\" class=\"alignnone size-medium wp-image-5014\" src=\"https:\/\/agora.xtec.cat\/ceip-dolorsalmeda-cornella\/wp-content\/uploads\/usu30\/2022\/06\/IMG_20220601_093322-compressed-300x225.jpg\" alt=\"\" width=\"300\" height=\"225\" srcset=\"https:\/\/agora.xtec.cat\/ceip-dolorsalmeda-cornella\/wp-content\/uploads\/usu30\/2022\/06\/IMG_20220601_093322-compressed-300x225.jpg 300w, https:\/\/agora.xtec.cat\/ceip-dolorsalmeda-cornella\/wp-content\/uploads\/usu30\/2022\/06\/IMG_20220601_093322-compressed-1024x768.jpg 1024w, https:\/\/agora.xtec.cat\/ceip-dolorsalmeda-cornella\/wp-content\/uploads\/usu30\/2022\/06\/IMG_20220601_093322-compressed-768x576.jpg 768w, https:\/\/agora.xtec.cat\/ceip-dolorsalmeda-cornella\/wp-content\/uploads\/usu30\/2022\/06\/IMG_20220601_093322-compressed-1536x1152.jpg 1536w, https:\/\/agora.xtec.cat\/ceip-dolorsalmeda-cornella\/wp-content\/uploads\/usu30\/2022\/06\/IMG_20220601_093322-compressed-2048x1536.jpg 2048w, https:\/\/agora.xtec.cat\/ceip-dolorsalmeda-cornella\/wp-content\/uploads\/usu30\/2022\/06\/IMG_20220601_093322-compressed-200x150.jpg 200w\" sizes=\"auto, (max-width: 300px) 100vw, 300px\" \/><\/a><\/p>\n","protected":false},"excerpt":{"rendered":"<p>Avui els nois i noies de sis\u00e8 han\u00a0realitzat\u00a0una activitat dirigida a desenvolupar l&#8217;\u00e0rea d&#8217;educaci\u00f3 en valors socials i c\u00edvics. En ella han pogut entendre i parlar sobre que signifiquen els &#8220;MURS&#8221;.<br \/>\nDurant aquesta estona han parlat de com\u00a0se\u00a0sentirien si a la seva ciutat\u00a0hi haguessin\u00a0fronteres que el&hellip;  <a href=\"https:\/\/agora.xtec.cat\/ceip-dolorsalmeda-cornella\/portada\/activitat-murs\/\" title=\"Read Activitat MURS\">Llegeix m\u00e9s\u00bb<\/a><\/p>\n","protected":false},"author":18,"featured_media":5017,"comment_status":"open","ping_status":"closed","sticky":false,"template":"","format":"standard","meta":{"_bbp_topic_count":0,"_bbp_reply_count":0,"_bbp_total_topic_count":0,"_bbp_total_reply_count":0,"_bbp_voice_count":0,"_bbp_anonymous_reply_count":0,"_bbp_topic_count_hidden":0,"_bbp_reply_count_hidden":0,"_bbp_forum_subforum_count":0,"footnotes":""},"categories":[15,4,5],"tags":[118],"class_list":["post-5012","post","type-post","status-publish","format-standard","has-post-thumbnail","hentry","category-6e","category-portada","category-primaria","tag-6e"],"post_mailing_queue_ids":[],"_links":{"self":[{"href":"https:\/\/agora.xtec.cat\/ceip-dolorsalmeda-cornella\/wp-json\/wp\/v2\/posts\/5012","targetHints":{"allow":["GET"]}}],"collection":[{"href":"https:\/\/agora.xtec.cat\/ceip-dolorsalmeda-cornella\/wp-json\/wp\/v2\/posts"}],"about":[{"href":"https:\/\/agora.xtec.cat\/ceip-dolorsalmeda-cornella\/wp-json\/wp\/v2\/types\/post"}],"author":[{"embeddable":true,"href":"https:\/\/agora.xtec.cat\/ceip-dolorsalmeda-cornella\/wp-json\/wp\/v2\/users\/18"}],"replies":[{"embeddable":true,"href":"https:\/\/agora.xtec.cat\/ceip-dolorsalmeda-cornella\/wp-json\/wp\/v2\/comments?post=5012"}],"version-history":[{"count":2,"href":"https:\/\/agora.xtec.cat\/ceip-dolorsalmeda-cornella\/wp-json\/wp\/v2\/posts\/5012\/revisions"}],"predecessor-version":[{"id":5020,"href":"https:\/\/agora.xtec.cat\/ceip-dolorsalmeda-cornella\/wp-json\/wp\/v2\/posts\/5012\/revisions\/5020"}],"wp:featuredmedia":[{"embeddable":true,"href":"https:\/\/agora.xtec.cat\/ceip-dolorsalmeda-cornella\/wp-json\/wp\/v2\/media\/5017"}],"wp:attachment":[{"href":"https:\/\/agora.xtec.cat\/ceip-dolorsalmeda-cornella\/wp-json\/wp\/v2\/media?parent=5012"}],"wp:term":[{"taxonomy":"category","embeddable":true,"href":"https:\/\/agora.xtec.cat\/ceip-dolorsalmeda-cornella\/wp-json\/wp\/v2\/categories?post=5012"},{"taxonomy":"post_tag","embeddable":true,"href":"https:\/\/agora.xtec.cat\/ceip-dolorsalmeda-cornella\/wp-json\/wp\/v2\/tags?post=5012"}],"curies":[{"name":"wp","href":"https:\/\/api.w.org\/{rel}","templated":true}]}}