{"id":5000,"date":"2022-05-23T07:36:23","date_gmt":"2022-05-23T05:36:23","guid":{"rendered":"https:\/\/agora.xtec.cat\/ceip-dolorsalmeda-cornella\/?p=5000"},"modified":"2022-05-23T07:36:23","modified_gmt":"2022-05-23T05:36:23","slug":"lart-a-infantil","status":"publish","type":"post","link":"https:\/\/agora.xtec.cat\/ceip-dolorsalmeda-cornella\/general\/lart-a-infantil\/","title":{"rendered":"L&#8217;art a Infantil"},"content":{"rendered":"<p><span style=\"font-weight: 400;\">L\u2019art a l\u2019educaci\u00f3 infantil juga un paper molt important ja que els hi ajuda a expressar i plasmar tot all\u00f2 que senten a trav\u00e9s del llenguatge no verbal.\u00a0<\/span><\/p>\n<p><span style=\"font-weight: 400;\">Les activitats pl\u00e0stiques donen llibertat als infants perqu\u00e8 experimentin, descobreixin, cre\u00efn i aprenguin. <\/span><span style=\"font-weight: 400;\">Fan possible adquirir un millor domini del tra\u00e7 a trav\u00e9s d\u2019activitats que motiven i interesen als infants.\u00a0<\/span><\/p>\n<p><span style=\"font-weight: 400;\">Treballant les obres dels diferents artistes iniciem als infants al m\u00f3n cultural. A trav\u00e9s d&#8217;aqu\u00ed coneixen les seves creacions i fan servir algunes t\u00e8cniques o idees que utilitzaran darrerament per fer les seves pr\u00f2pies obres d\u2019art.<\/span><\/p>\n<p><span style=\"font-weight: 400;\">Per fomentar tot aquest treball, a les aules d\u2019infantil s\u2019han treballat diferents artistes:<\/span><\/p>\n<ul>\n<li style=\"font-weight: 400;\" aria-level=\"1\"><span style=\"font-weight: 400;\">A P3 arrel de la sortida a Can Framis vam con\u00e8ixer l\u2019autor<strong> Josep Guinovart.<\/strong> A la seva obra vam contemplar que l\u2019artista havia utilitzat el quadre com un espai que contenia elements que pertanyen a la seva hist\u00f2ria, com closques d\u2019ou, palles , llavors, fustes i colors. A partir d&#8217;aqu\u00ed els infants s\u2019han posat en la pell d\u2019aquest artista creant caixes amb diferents objectes que corresponen als seus records , aix\u00ed com elements de reciclatge.\u00a0<\/span><\/li>\n<li style=\"font-weight: 400;\" aria-level=\"1\"><span style=\"font-weight: 400;\">A P4 han\u00a0 descobert l\u2019artista <strong>Yayoi Kusama,<\/strong> dona referent al m\u00f3n de l\u2019art que utilitza l\u2019element de l\u2019alfabet visual b\u00e0sic que \u00e9s el punt i li permet crear composicions diferents i personals. Els cercles i les llunes tenen un paper molt important en les seves obres, per aquest motiu a P4 s\u2019han envoltat de rodones per potenciar la creativitat dels infants.<\/span><\/li>\n<li style=\"font-weight: 400;\" aria-level=\"1\"><span style=\"font-weight: 400;\">A P5 han conegut l\u2019artista<strong> Jackson Pollock,<\/strong> figura de l\u2019expressionisme abstracte. Els infants han seguit els passos de l\u2019artista per elaborar una obra d\u2019art amb diferents materials com pintura, pipetes i raspalls de dents.<\/span><\/li>\n<\/ul>\n\n\t\t<style type=\"text\/css\">\n\t\t\t#gallery-1 {\n\t\t\t\tmargin: auto;\n\t\t\t}\n\t\t\t#gallery-1 .gallery-item {\n\t\t\t\tfloat: left;\n\t\t\t\tmargin-top: 10px;\n\t\t\t\ttext-align: center;\n\t\t\t\twidth: 33%;\n\t\t\t}\n\t\t\t#gallery-1 img {\n\t\t\t\tborder: 2px solid #cfcfcf;\n\t\t\t}\n\t\t\t#gallery-1 .gallery-caption {\n\t\t\t\tmargin-left: 0;\n\t\t\t}\n\t\t\t\/* see gallery_shortcode() in wp-includes\/media.php *\/\n\t\t<\/style>\n\t\t<div id='gallery-1' class='gallery galleryid-5000 gallery-columns-3 gallery-size-thumbnail'><dl class='gallery-item'>\n\t\t\t<dt class='gallery-icon portrait'>\n\t\t\t\t<a href='https:\/\/agora.xtec.cat\/ceip-dolorsalmeda-cornella\/general\/lart-a-infantil\/attachment\/img_7444-min\/'><img loading=\"lazy\" decoding=\"async\" width=\"150\" height=\"150\" src=\"https:\/\/agora.xtec.cat\/ceip-dolorsalmeda-cornella\/wp-content\/uploads\/usu30\/2022\/05\/IMG_7444-min-150x150.jpeg\" class=\"attachment-thumbnail size-thumbnail\" alt=\"\" \/><\/a>\n\t\t\t<\/dt><\/dl><dl class='gallery-item'>\n\t\t\t<dt class='gallery-icon portrait'>\n\t\t\t\t<a href='https:\/\/agora.xtec.cat\/ceip-dolorsalmeda-cornella\/general\/lart-a-infantil\/attachment\/img_7445-min\/'><img loading=\"lazy\" decoding=\"async\" width=\"150\" height=\"150\" src=\"https:\/\/agora.xtec.cat\/ceip-dolorsalmeda-cornella\/wp-content\/uploads\/usu30\/2022\/05\/IMG_7445-min-150x150.jpeg\" class=\"attachment-thumbnail size-thumbnail\" alt=\"\" \/><\/a>\n\t\t\t<\/dt><\/dl><dl class='gallery-item'>\n\t\t\t<dt class='gallery-icon portrait'>\n\t\t\t\t<a href='https:\/\/agora.xtec.cat\/ceip-dolorsalmeda-cornella\/general\/lart-a-infantil\/attachment\/esquitxat-pollock2\/'><img loading=\"lazy\" decoding=\"async\" width=\"150\" height=\"150\" src=\"https:\/\/agora.xtec.cat\/ceip-dolorsalmeda-cornella\/wp-content\/uploads\/usu30\/2022\/05\/ESQUITXAT-POLLOCK2-150x150.jpg\" class=\"attachment-thumbnail size-thumbnail\" alt=\"\" \/><\/a>\n\t\t\t<\/dt><\/dl><br style=\"clear: both\" \/><dl class='gallery-item'>\n\t\t\t<dt class='gallery-icon landscape'>\n\t\t\t\t<a href='https:\/\/agora.xtec.cat\/ceip-dolorsalmeda-cornella\/general\/lart-a-infantil\/attachment\/esquitxat_pollock1-min\/'><img loading=\"lazy\" decoding=\"async\" width=\"150\" height=\"150\" src=\"https:\/\/agora.xtec.cat\/ceip-dolorsalmeda-cornella\/wp-content\/uploads\/usu30\/2022\/05\/ESQUITXAT_POLLOCK1-min-150x150.jpg\" class=\"attachment-thumbnail size-thumbnail\" alt=\"\" \/><\/a>\n\t\t\t<\/dt><\/dl><dl class='gallery-item'>\n\t\t\t<dt class='gallery-icon landscape'>\n\t\t\t\t<a href='https:\/\/agora.xtec.cat\/ceip-dolorsalmeda-cornella\/general\/lart-a-infantil\/attachment\/yayoi-kusama-1-min\/'><img loading=\"lazy\" decoding=\"async\" width=\"150\" height=\"150\" src=\"https:\/\/agora.xtec.cat\/ceip-dolorsalmeda-cornella\/wp-content\/uploads\/usu30\/2022\/05\/YAYOI-KUSAMA-1-min-150x150.jpg\" class=\"attachment-thumbnail size-thumbnail\" alt=\"\" \/><\/a>\n\t\t\t<\/dt><\/dl><dl class='gallery-item'>\n\t\t\t<dt class='gallery-icon portrait'>\n\t\t\t\t<a href='https:\/\/agora.xtec.cat\/ceip-dolorsalmeda-cornella\/general\/lart-a-infantil\/attachment\/yayoi-kusama-2-min\/'><img loading=\"lazy\" decoding=\"async\" width=\"150\" height=\"150\" src=\"https:\/\/agora.xtec.cat\/ceip-dolorsalmeda-cornella\/wp-content\/uploads\/usu30\/2022\/05\/YAYOI-KUSAMA-2-min-150x150.jpg\" class=\"attachment-thumbnail size-thumbnail\" alt=\"\" \/><\/a>\n\t\t\t<\/dt><\/dl><br style=\"clear: both\" \/>\n\t\t<\/div>\n\n","protected":false},"excerpt":{"rendered":"<p>L\u2019art a l\u2019educaci\u00f3 infantil juga un paper molt important ja que els hi ajuda a expressar i plasmar tot all\u00f2 que senten a trav\u00e9s del llenguatge no verbal.\u00a0<br \/>\nLes activitats pl\u00e0stiques donen llibertat als infants perqu\u00e8 experimentin, descobreixin, cre\u00efn i aprenguin. Fan possible adquirir un millor&hellip;  <a href=\"https:\/\/agora.xtec.cat\/ceip-dolorsalmeda-cornella\/general\/lart-a-infantil\/\" title=\"Read L&#8217;art a Infantil\">Llegeix m\u00e9s\u00bb<\/a><\/p>\n","protected":false},"author":1,"featured_media":5009,"comment_status":"open","ping_status":"closed","sticky":false,"template":"","format":"standard","meta":{"_bbp_topic_count":0,"_bbp_reply_count":0,"_bbp_total_topic_count":0,"_bbp_total_reply_count":0,"_bbp_voice_count":0,"_bbp_anonymous_reply_count":0,"_bbp_topic_count_hidden":0,"_bbp_reply_count_hidden":0,"_bbp_forum_subforum_count":0,"footnotes":""},"categories":[1,3,8,9,2,4],"tags":[128,200,276],"class_list":["post-5000","post","type-post","status-publish","format-standard","has-post-thumbnail","hentry","category-general","category-i3","category-i4","category-i5","category-infantil","category-portada","tag-art","tag-artista","tag-expressio-visual-i-plastica"],"post_mailing_queue_ids":[],"_links":{"self":[{"href":"https:\/\/agora.xtec.cat\/ceip-dolorsalmeda-cornella\/wp-json\/wp\/v2\/posts\/5000","targetHints":{"allow":["GET"]}}],"collection":[{"href":"https:\/\/agora.xtec.cat\/ceip-dolorsalmeda-cornella\/wp-json\/wp\/v2\/posts"}],"about":[{"href":"https:\/\/agora.xtec.cat\/ceip-dolorsalmeda-cornella\/wp-json\/wp\/v2\/types\/post"}],"author":[{"embeddable":true,"href":"https:\/\/agora.xtec.cat\/ceip-dolorsalmeda-cornella\/wp-json\/wp\/v2\/users\/1"}],"replies":[{"embeddable":true,"href":"https:\/\/agora.xtec.cat\/ceip-dolorsalmeda-cornella\/wp-json\/wp\/v2\/comments?post=5000"}],"version-history":[{"count":2,"href":"https:\/\/agora.xtec.cat\/ceip-dolorsalmeda-cornella\/wp-json\/wp\/v2\/posts\/5000\/revisions"}],"predecessor-version":[{"id":5010,"href":"https:\/\/agora.xtec.cat\/ceip-dolorsalmeda-cornella\/wp-json\/wp\/v2\/posts\/5000\/revisions\/5010"}],"wp:featuredmedia":[{"embeddable":true,"href":"https:\/\/agora.xtec.cat\/ceip-dolorsalmeda-cornella\/wp-json\/wp\/v2\/media\/5009"}],"wp:attachment":[{"href":"https:\/\/agora.xtec.cat\/ceip-dolorsalmeda-cornella\/wp-json\/wp\/v2\/media?parent=5000"}],"wp:term":[{"taxonomy":"category","embeddable":true,"href":"https:\/\/agora.xtec.cat\/ceip-dolorsalmeda-cornella\/wp-json\/wp\/v2\/categories?post=5000"},{"taxonomy":"post_tag","embeddable":true,"href":"https:\/\/agora.xtec.cat\/ceip-dolorsalmeda-cornella\/wp-json\/wp\/v2\/tags?post=5000"}],"curies":[{"name":"wp","href":"https:\/\/api.w.org\/{rel}","templated":true}]}}