{"id":4988,"date":"2022-05-17T16:41:42","date_gmt":"2022-05-17T14:41:42","guid":{"rendered":"https:\/\/agora.xtec.cat\/ceip-dolorsalmeda-cornella\/?p=4988"},"modified":"2022-05-17T16:41:42","modified_gmt":"2022-05-17T14:41:42","slug":"programem-amb-microblocks","status":"publish","type":"post","link":"https:\/\/agora.xtec.cat\/ceip-dolorsalmeda-cornella\/general\/programem-amb-microblocks\/","title":{"rendered":"Programem amb microblocks"},"content":{"rendered":"<p>Els nens i nenes del cicle superior estan construint els nous robots del Citilab,\u00a0 &#8220;El fant\u00e0stic&#8221;. El robot est\u00e0 format per dos motors, una bateria, el xass\u00eds, dues rodes i \u00a0la nova \u00a0placa ED1 (tamb\u00e9 dissenyada pel Citilab) que es programa amb el nou entorn de programaci\u00f3 <strong>MicroBlocks<\/strong>. Les peces del xass\u00eds del robot han estat\u00a0realitzades amb impressora 3D.<\/p>\n<p>Els infants han de muntar el robot des de zero seguint unes instruccions i posteriorment han de connectar-lo a un ordinador per tal de comen\u00e7ar a fer uns primers passos en el llenguatge de Microblocks. Volem potenciar el treball en equip, la resoluci\u00f3 de problemes i l&#8217;experimentaci\u00f3 amb la intenci\u00f3 de desenvolupar al m\u00e0xim la creativitat i el llenguatge computacional.<\/p>\n<p>Esperem que us puguin mostrar alguna sorpresa final.<\/p>\n<p><a href=\"https:\/\/agora.xtec.cat\/ceip-dolorsalmeda-cornella\/wp-content\/uploads\/usu30\/2022\/05\/IMG_20220516_152035-scaled.jpg\"><img loading=\"lazy\" decoding=\"async\" class=\"alignnone size-medium wp-image-4991\" src=\"https:\/\/agora.xtec.cat\/ceip-dolorsalmeda-cornella\/wp-content\/uploads\/usu30\/2022\/05\/IMG_20220516_152035-300x225.jpg\" alt=\"\" width=\"300\" height=\"225\" srcset=\"https:\/\/agora.xtec.cat\/ceip-dolorsalmeda-cornella\/wp-content\/uploads\/usu30\/2022\/05\/IMG_20220516_152035-300x225.jpg 300w, https:\/\/agora.xtec.cat\/ceip-dolorsalmeda-cornella\/wp-content\/uploads\/usu30\/2022\/05\/IMG_20220516_152035-1024x768.jpg 1024w, https:\/\/agora.xtec.cat\/ceip-dolorsalmeda-cornella\/wp-content\/uploads\/usu30\/2022\/05\/IMG_20220516_152035-768x576.jpg 768w, https:\/\/agora.xtec.cat\/ceip-dolorsalmeda-cornella\/wp-content\/uploads\/usu30\/2022\/05\/IMG_20220516_152035-1536x1152.jpg 1536w, https:\/\/agora.xtec.cat\/ceip-dolorsalmeda-cornella\/wp-content\/uploads\/usu30\/2022\/05\/IMG_20220516_152035-2048x1536.jpg 2048w, https:\/\/agora.xtec.cat\/ceip-dolorsalmeda-cornella\/wp-content\/uploads\/usu30\/2022\/05\/IMG_20220516_152035-200x150.jpg 200w\" sizes=\"auto, (max-width: 300px) 100vw, 300px\" \/><\/a> \u00a0<a href=\"https:\/\/agora.xtec.cat\/ceip-dolorsalmeda-cornella\/wp-content\/uploads\/usu30\/2022\/05\/IMG_20220516_152024-1.jpg\"><img loading=\"lazy\" decoding=\"async\" class=\"alignnone size-medium wp-image-4993\" src=\"https:\/\/agora.xtec.cat\/ceip-dolorsalmeda-cornella\/wp-content\/uploads\/usu30\/2022\/05\/IMG_20220516_152024-1-300x225.jpg\" alt=\"\" width=\"300\" height=\"225\" srcset=\"https:\/\/agora.xtec.cat\/ceip-dolorsalmeda-cornella\/wp-content\/uploads\/usu30\/2022\/05\/IMG_20220516_152024-1-300x225.jpg 300w, https:\/\/agora.xtec.cat\/ceip-dolorsalmeda-cornella\/wp-content\/uploads\/usu30\/2022\/05\/IMG_20220516_152024-1-1024x768.jpg 1024w, https:\/\/agora.xtec.cat\/ceip-dolorsalmeda-cornella\/wp-content\/uploads\/usu30\/2022\/05\/IMG_20220516_152024-1-768x576.jpg 768w, https:\/\/agora.xtec.cat\/ceip-dolorsalmeda-cornella\/wp-content\/uploads\/usu30\/2022\/05\/IMG_20220516_152024-1-1536x1152.jpg 1536w, https:\/\/agora.xtec.cat\/ceip-dolorsalmeda-cornella\/wp-content\/uploads\/usu30\/2022\/05\/IMG_20220516_152024-1-2048x1536.jpg 2048w, https:\/\/agora.xtec.cat\/ceip-dolorsalmeda-cornella\/wp-content\/uploads\/usu30\/2022\/05\/IMG_20220516_152024-1-200x150.jpg 200w\" sizes=\"auto, (max-width: 300px) 100vw, 300px\" \/><\/a> <a href=\"https:\/\/agora.xtec.cat\/ceip-dolorsalmeda-cornella\/wp-content\/uploads\/usu30\/2022\/05\/IMG_20220516_152029-1.jpg\"><img loading=\"lazy\" decoding=\"async\" class=\"alignnone size-medium wp-image-4994\" src=\"https:\/\/agora.xtec.cat\/ceip-dolorsalmeda-cornella\/wp-content\/uploads\/usu30\/2022\/05\/IMG_20220516_152029-1-300x225.jpg\" alt=\"\" width=\"300\" height=\"225\" srcset=\"https:\/\/agora.xtec.cat\/ceip-dolorsalmeda-cornella\/wp-content\/uploads\/usu30\/2022\/05\/IMG_20220516_152029-1-300x225.jpg 300w, https:\/\/agora.xtec.cat\/ceip-dolorsalmeda-cornella\/wp-content\/uploads\/usu30\/2022\/05\/IMG_20220516_152029-1-1024x768.jpg 1024w, https:\/\/agora.xtec.cat\/ceip-dolorsalmeda-cornella\/wp-content\/uploads\/usu30\/2022\/05\/IMG_20220516_152029-1-768x576.jpg 768w, https:\/\/agora.xtec.cat\/ceip-dolorsalmeda-cornella\/wp-content\/uploads\/usu30\/2022\/05\/IMG_20220516_152029-1-1536x1152.jpg 1536w, https:\/\/agora.xtec.cat\/ceip-dolorsalmeda-cornella\/wp-content\/uploads\/usu30\/2022\/05\/IMG_20220516_152029-1-2048x1536.jpg 2048w, https:\/\/agora.xtec.cat\/ceip-dolorsalmeda-cornella\/wp-content\/uploads\/usu30\/2022\/05\/IMG_20220516_152029-1-200x150.jpg 200w\" sizes=\"auto, (max-width: 300px) 100vw, 300px\" \/><\/a> <a href=\"https:\/\/agora.xtec.cat\/ceip-dolorsalmeda-cornella\/wp-content\/uploads\/usu30\/2022\/05\/IMG_20220516_151331.jpg\"><img loading=\"lazy\" decoding=\"async\" class=\"alignnone size-medium wp-image-4996\" src=\"https:\/\/agora.xtec.cat\/ceip-dolorsalmeda-cornella\/wp-content\/uploads\/usu30\/2022\/05\/IMG_20220516_151331-300x225.jpg\" alt=\"\" width=\"300\" height=\"225\" srcset=\"https:\/\/agora.xtec.cat\/ceip-dolorsalmeda-cornella\/wp-content\/uploads\/usu30\/2022\/05\/IMG_20220516_151331-300x225.jpg 300w, https:\/\/agora.xtec.cat\/ceip-dolorsalmeda-cornella\/wp-content\/uploads\/usu30\/2022\/05\/IMG_20220516_151331-1024x768.jpg 1024w, https:\/\/agora.xtec.cat\/ceip-dolorsalmeda-cornella\/wp-content\/uploads\/usu30\/2022\/05\/IMG_20220516_151331-768x576.jpg 768w, https:\/\/agora.xtec.cat\/ceip-dolorsalmeda-cornella\/wp-content\/uploads\/usu30\/2022\/05\/IMG_20220516_151331-1536x1152.jpg 1536w, https:\/\/agora.xtec.cat\/ceip-dolorsalmeda-cornella\/wp-content\/uploads\/usu30\/2022\/05\/IMG_20220516_151331-2048x1536.jpg 2048w, https:\/\/agora.xtec.cat\/ceip-dolorsalmeda-cornella\/wp-content\/uploads\/usu30\/2022\/05\/IMG_20220516_151331-200x150.jpg 200w\" sizes=\"auto, (max-width: 300px) 100vw, 300px\" \/><\/a><\/p>\n<figure class=\"figure wp-caption alignnone\"><a href=\"https:\/\/agora.xtec.cat\/ceip-dolorsalmeda-cornella\/wp-content\/uploads\/usu30\/2022\/05\/IMG_20220516_151734.jpg\"><img loading=\"lazy\" decoding=\"async\" class=\"size-medium wp-image-4997\" src=\"https:\/\/agora.xtec.cat\/ceip-dolorsalmeda-cornella\/wp-content\/uploads\/usu30\/2022\/05\/IMG_20220516_151734-300x225.jpg\" alt=\"\" width=\"300\" height=\"225\" srcset=\"https:\/\/agora.xtec.cat\/ceip-dolorsalmeda-cornella\/wp-content\/uploads\/usu30\/2022\/05\/IMG_20220516_151734-300x225.jpg 300w, https:\/\/agora.xtec.cat\/ceip-dolorsalmeda-cornella\/wp-content\/uploads\/usu30\/2022\/05\/IMG_20220516_151734-1024x768.jpg 1024w, https:\/\/agora.xtec.cat\/ceip-dolorsalmeda-cornella\/wp-content\/uploads\/usu30\/2022\/05\/IMG_20220516_151734-768x576.jpg 768w, https:\/\/agora.xtec.cat\/ceip-dolorsalmeda-cornella\/wp-content\/uploads\/usu30\/2022\/05\/IMG_20220516_151734-1536x1152.jpg 1536w, https:\/\/agora.xtec.cat\/ceip-dolorsalmeda-cornella\/wp-content\/uploads\/usu30\/2022\/05\/IMG_20220516_151734-2048x1536.jpg 2048w, https:\/\/agora.xtec.cat\/ceip-dolorsalmeda-cornella\/wp-content\/uploads\/usu30\/2022\/05\/IMG_20220516_151734-200x150.jpg 200w\" sizes=\"auto, (max-width: 300px) 100vw, 300px\" \/><\/a><figcaption class=\"wp-caption-text\">rpt<\/figcaption><\/figure>\n","protected":false},"excerpt":{"rendered":"<p>Els nens i nenes del cicle superior estan construint els nous robots del Citilab,\u00a0 &#8220;El fant\u00e0stic&#8221;. El robot est\u00e0 format per dos motors, una bateria, el xass\u00eds, dues rodes i \u00a0la nova \u00a0placa ED1 (tamb\u00e9 dissenyada pel Citilab) que es programa amb el nou entorn&hellip;  <a href=\"https:\/\/agora.xtec.cat\/ceip-dolorsalmeda-cornella\/general\/programem-amb-microblocks\/\" title=\"Read Programem amb microblocks\">Llegeix m\u00e9s\u00bb<\/a><\/p>\n","protected":false},"author":3,"featured_media":4998,"comment_status":"open","ping_status":"closed","sticky":false,"template":"","format":"standard","meta":{"_bbp_topic_count":0,"_bbp_reply_count":0,"_bbp_total_topic_count":0,"_bbp_total_reply_count":0,"_bbp_voice_count":0,"_bbp_anonymous_reply_count":0,"_bbp_topic_count_hidden":0,"_bbp_reply_count_hidden":0,"_bbp_forum_subforum_count":0,"footnotes":""},"categories":[14,15,1,4,5],"tags":[],"class_list":["post-4988","post","type-post","status-publish","format-standard","has-post-thumbnail","hentry","category-5e","category-6e","category-general","category-portada","category-primaria"],"post_mailing_queue_ids":[],"_links":{"self":[{"href":"https:\/\/agora.xtec.cat\/ceip-dolorsalmeda-cornella\/wp-json\/wp\/v2\/posts\/4988","targetHints":{"allow":["GET"]}}],"collection":[{"href":"https:\/\/agora.xtec.cat\/ceip-dolorsalmeda-cornella\/wp-json\/wp\/v2\/posts"}],"about":[{"href":"https:\/\/agora.xtec.cat\/ceip-dolorsalmeda-cornella\/wp-json\/wp\/v2\/types\/post"}],"author":[{"embeddable":true,"href":"https:\/\/agora.xtec.cat\/ceip-dolorsalmeda-cornella\/wp-json\/wp\/v2\/users\/3"}],"replies":[{"embeddable":true,"href":"https:\/\/agora.xtec.cat\/ceip-dolorsalmeda-cornella\/wp-json\/wp\/v2\/comments?post=4988"}],"version-history":[{"count":1,"href":"https:\/\/agora.xtec.cat\/ceip-dolorsalmeda-cornella\/wp-json\/wp\/v2\/posts\/4988\/revisions"}],"predecessor-version":[{"id":4999,"href":"https:\/\/agora.xtec.cat\/ceip-dolorsalmeda-cornella\/wp-json\/wp\/v2\/posts\/4988\/revisions\/4999"}],"wp:featuredmedia":[{"embeddable":true,"href":"https:\/\/agora.xtec.cat\/ceip-dolorsalmeda-cornella\/wp-json\/wp\/v2\/media\/4998"}],"wp:attachment":[{"href":"https:\/\/agora.xtec.cat\/ceip-dolorsalmeda-cornella\/wp-json\/wp\/v2\/media?parent=4988"}],"wp:term":[{"taxonomy":"category","embeddable":true,"href":"https:\/\/agora.xtec.cat\/ceip-dolorsalmeda-cornella\/wp-json\/wp\/v2\/categories?post=4988"},{"taxonomy":"post_tag","embeddable":true,"href":"https:\/\/agora.xtec.cat\/ceip-dolorsalmeda-cornella\/wp-json\/wp\/v2\/tags?post=4988"}],"curies":[{"name":"wp","href":"https:\/\/api.w.org\/{rel}","templated":true}]}}