{"id":4982,"date":"2022-05-13T09:34:33","date_gmt":"2022-05-13T07:34:33","guid":{"rendered":"https:\/\/agora.xtec.cat\/ceip-dolorsalmeda-cornella\/?p=4982"},"modified":"2022-05-13T09:34:33","modified_gmt":"2022-05-13T07:34:33","slug":"visita-de-lescola-club-triatlo-cornella","status":"publish","type":"post","link":"https:\/\/agora.xtec.cat\/ceip-dolorsalmeda-cornella\/general\/visita-de-lescola-club-triatlo-cornella\/","title":{"rendered":"Visita de l&#8217;Escola &#8211; Club Triatl\u00f3 Cornell\u00e0"},"content":{"rendered":"<p lang=\"ca-ES\"><span style=\"font-family: Arial, serif\"><span style=\"font-size: medium\">Les i els alumnes de 5\u00e8 han re<\/span><\/span><span style=\"font-family: Arial, serif\"><span style=\"font-size: medium\">alitzat una activitat esportiva <\/span><\/span><span style=\"font-family: Arial, serif\"><span style=\"font-size: medium\">dirigida per l\u2019Escola &#8211; Club Triatl\u00f3 Cornell\u00e0<\/span><\/span><span style=\"font-family: Arial, serif\"><span style=\"font-size: medium\">.<\/span><\/span><\/p>\n<p lang=\"ca-ES\"><span style=\"font-family: Arial, serif\"><span style=\"font-size: medium\">En ella <\/span><\/span><span style=\"font-family: Arial, serif\"><span style=\"font-size: medium\">han pogut gaudir de l\u2019experi\u00e8ncia de con\u00e8ixer i practicar el triatl\u00f3 com a esport multidisciplinari <\/span><\/span><span style=\"font-family: Arial, serif\"><span style=\"font-size: medium\">i<\/span><\/span><span style=\"font-family: Arial, serif\"><span style=\"font-size: medium\"> combin<\/span><\/span><span style=\"font-family: Arial, serif\"><span style=\"font-size: medium\">ar aix\u00ed<\/span><\/span> <span style=\"font-family: Arial, serif\"><span style=\"font-size: medium\">tres<\/span><\/span><span style=\"font-family: Arial, serif\"><span style=\"font-size: medium\"> estils esportius <\/span><\/span><span style=\"font-family: Arial, serif\"><span style=\"font-size: medium\">diferents. <\/span><\/span><span style=\"font-family: Arial, serif\"><span style=\"font-size: medium\">S\u2019ha promogut en tot moment potenciar els tres pilars b\u00e0sics d\u2019aquesta especialitat: <\/span><\/span><span style=\"font-family: Arial, serif\"><span style=\"font-size: medium\">il\u00b7lusi\u00f3, superaci\u00f3 i company<\/span><\/span><span style=\"font-family: Arial, serif\"><span style=\"font-size: medium\">onia<\/span><\/span><span style=\"font-family: Arial, serif\"><span style=\"font-size: medium\">.<\/span><\/span><\/p>\n<p lang=\"ca-ES\"><span style=\"font-family: Arial, serif\"><span style=\"font-size: medium\">L\u2019objectiu d\u2019aquesta activitat <\/span><\/span><span style=\"font-family: Arial, serif\"><span style=\"font-size: medium\">va ser<\/span><\/span><span style=\"font-family: Arial, serif\"><span style=\"font-size: medium\"> passar-<\/span><\/span><span style=\"font-family: Arial, serif\"><span style=\"font-size: medium\">h<\/span><\/span><span style=\"font-family: Arial, serif\"><span style=\"font-size: medium\">o b\u00e9 <\/span><\/span><span style=\"font-family: Arial, serif\"><span style=\"font-size: medium\">fent<\/span><\/span><span style=\"font-family: Arial, serif\"><span style=\"font-size: medium\"> esport de manera responsable <\/span><\/span><span style=\"font-family: Arial, serif\"><span style=\"font-size: medium\">i <\/span><\/span><span style=\"font-family: Arial, serif\"><span style=\"font-size: medium\">incentiva<\/span><\/span><span style=\"font-family: Arial, serif\"><span style=\"font-size: medium\">r<\/span><\/span><span style=\"font-family: Arial, serif\"><span style=\"font-size: medium\"> la cultura per l\u2019esport des d\u2019edats<\/span><\/span><span style=\"font-family: Arial, serif\"><span style=\"font-size: medium\"> primerenques, <\/span><\/span><span style=\"font-family: Arial, serif\"><span style=\"font-size: medium\">a<\/span><\/span><span style=\"font-family: Arial, serif\"><span style=\"font-size: medium\">judant <\/span><\/span><span style=\"font-family: Arial, serif\"><span style=\"font-size: medium\">aix\u00ed <\/span><\/span><span style=\"font-family: Arial, serif\"><span style=\"font-size: medium\">a<\/span><\/span> <span style=\"font-family: Arial, serif\"><span style=\"font-size: medium\">refor\u00e7ar<\/span><\/span><span style=\"font-family: Arial, serif\"><span style=\"font-size: medium\"> els valors que <\/span><\/span><span style=\"font-family: Arial, serif\"><span style=\"font-size: medium\">transmet<\/span><\/span><span style=\"font-family: Arial, serif\"><span style=\"font-size: medium\"> l&#8217;\u00e0rea d\u2019educaci\u00f3 f\u00edsica.<\/span><\/span><\/p>\n<p lang=\"ca-ES\"><a href=\"https:\/\/agora.xtec.cat\/ceip-dolorsalmeda-cornella\/wp-content\/uploads\/usu30\/2022\/05\/1652165912366-min-scaled.jpg\"><img loading=\"lazy\" decoding=\"async\" class=\"alignnone  wp-image-4986\" src=\"https:\/\/agora.xtec.cat\/ceip-dolorsalmeda-cornella\/wp-content\/uploads\/usu30\/2022\/05\/1652165912366-min-300x135.jpg\" alt=\"\" width=\"444\" height=\"200\" srcset=\"https:\/\/agora.xtec.cat\/ceip-dolorsalmeda-cornella\/wp-content\/uploads\/usu30\/2022\/05\/1652165912366-min-300x135.jpg 300w, https:\/\/agora.xtec.cat\/ceip-dolorsalmeda-cornella\/wp-content\/uploads\/usu30\/2022\/05\/1652165912366-min-1024x461.jpg 1024w, https:\/\/agora.xtec.cat\/ceip-dolorsalmeda-cornella\/wp-content\/uploads\/usu30\/2022\/05\/1652165912366-min-768x346.jpg 768w, https:\/\/agora.xtec.cat\/ceip-dolorsalmeda-cornella\/wp-content\/uploads\/usu30\/2022\/05\/1652165912366-min-1536x691.jpg 1536w, https:\/\/agora.xtec.cat\/ceip-dolorsalmeda-cornella\/wp-content\/uploads\/usu30\/2022\/05\/1652165912366-min-2048x922.jpg 2048w\" sizes=\"auto, (max-width: 444px) 100vw, 444px\" \/><\/a><\/p>\n","protected":false},"excerpt":{"rendered":"<p>Les i els alumnes de 5\u00e8 han realitzat una activitat esportiva dirigida per l\u2019Escola &#8211; Club Triatl\u00f3 Cornell\u00e0.<br \/>\nEn ella han pogut gaudir de l\u2019experi\u00e8ncia de con\u00e8ixer i practicar el triatl\u00f3 com a esport multidisciplinari i combinar aix\u00ed tres estils esportius diferents. S\u2019ha promogut en tot&hellip;  <a href=\"https:\/\/agora.xtec.cat\/ceip-dolorsalmeda-cornella\/general\/visita-de-lescola-club-triatlo-cornella\/\" title=\"Read Visita de l&#8217;Escola &#8211; Club Triatl\u00f3 Cornell\u00e0\">Llegeix m\u00e9s\u00bb<\/a><\/p>\n","protected":false},"author":18,"featured_media":4986,"comment_status":"open","ping_status":"closed","sticky":false,"template":"","format":"standard","meta":{"_bbp_topic_count":0,"_bbp_reply_count":0,"_bbp_total_topic_count":0,"_bbp_total_reply_count":0,"_bbp_voice_count":0,"_bbp_anonymous_reply_count":0,"_bbp_topic_count_hidden":0,"_bbp_reply_count_hidden":0,"_bbp_forum_subforum_count":0,"footnotes":""},"categories":[14,1,4,5],"tags":[66,179,137],"class_list":["post-4982","post","type-post","status-publish","format-standard","has-post-thumbnail","hentry","category-5e","category-general","category-portada","category-primaria","tag-5e","tag-cornella","tag-educacio-fisica"],"post_mailing_queue_ids":[],"_links":{"self":[{"href":"https:\/\/agora.xtec.cat\/ceip-dolorsalmeda-cornella\/wp-json\/wp\/v2\/posts\/4982","targetHints":{"allow":["GET"]}}],"collection":[{"href":"https:\/\/agora.xtec.cat\/ceip-dolorsalmeda-cornella\/wp-json\/wp\/v2\/posts"}],"about":[{"href":"https:\/\/agora.xtec.cat\/ceip-dolorsalmeda-cornella\/wp-json\/wp\/v2\/types\/post"}],"author":[{"embeddable":true,"href":"https:\/\/agora.xtec.cat\/ceip-dolorsalmeda-cornella\/wp-json\/wp\/v2\/users\/18"}],"replies":[{"embeddable":true,"href":"https:\/\/agora.xtec.cat\/ceip-dolorsalmeda-cornella\/wp-json\/wp\/v2\/comments?post=4982"}],"version-history":[{"count":3,"href":"https:\/\/agora.xtec.cat\/ceip-dolorsalmeda-cornella\/wp-json\/wp\/v2\/posts\/4982\/revisions"}],"predecessor-version":[{"id":4987,"href":"https:\/\/agora.xtec.cat\/ceip-dolorsalmeda-cornella\/wp-json\/wp\/v2\/posts\/4982\/revisions\/4987"}],"wp:featuredmedia":[{"embeddable":true,"href":"https:\/\/agora.xtec.cat\/ceip-dolorsalmeda-cornella\/wp-json\/wp\/v2\/media\/4986"}],"wp:attachment":[{"href":"https:\/\/agora.xtec.cat\/ceip-dolorsalmeda-cornella\/wp-json\/wp\/v2\/media?parent=4982"}],"wp:term":[{"taxonomy":"category","embeddable":true,"href":"https:\/\/agora.xtec.cat\/ceip-dolorsalmeda-cornella\/wp-json\/wp\/v2\/categories?post=4982"},{"taxonomy":"post_tag","embeddable":true,"href":"https:\/\/agora.xtec.cat\/ceip-dolorsalmeda-cornella\/wp-json\/wp\/v2\/tags?post=4982"}],"curies":[{"name":"wp","href":"https:\/\/api.w.org\/{rel}","templated":true}]}}