{"id":4882,"date":"2022-04-21T12:08:35","date_gmt":"2022-04-21T10:08:35","guid":{"rendered":"https:\/\/agora.xtec.cat\/ceip-dolorsalmeda-cornella\/?p=4882"},"modified":"2022-04-21T12:08:35","modified_gmt":"2022-04-21T10:08:35","slug":"sant-jordi-2022","status":"publish","type":"post","link":"https:\/\/agora.xtec.cat\/ceip-dolorsalmeda-cornella\/general\/sant-jordi-2022\/","title":{"rendered":"Sant Jordi 2022"},"content":{"rendered":"<p>Dimecres dia 20 d&#8217;abril el jurat es va trobar per decidir els guanyadors i guanyadores dels Jocs Florals que celebrarem a l&#8217;escola el proper dilluns dia 25 a la tarda.<\/p>\n<p>El jurat ha estat composat per set persones: la Conchi i la Noem\u00ed en representaci\u00f3 de les fam\u00edlies; la Noelia i la Marina com a exalumnes i la Mercedes, la Cristina i l&#8217;Ana Cris com a exmestres de l&#8217;escola.<br \/>\nDecidir quines han estat les millors obres els ha sigut for\u00e7a complicat perqu\u00e8 totes les produccions eren de gran nivell! Fins dilluns per\u00f2 no podrem descobrir quins dibuixos, endevinalles i poemes els ha agradat m\u00e9s. Esperem impacients!<\/p>\n<p>Gr\u00e0cies a totes per la vostra col\u00b7laboraci\u00f3 i a tots els nens i nenes que amb el vostre esfor\u00e7 heu fet que el Jocs Florals siguin un cop m\u00e9s de gran qualitat!<\/p>\n<p>Bona diada i bona lectura!<\/p>\n<figure class=\"figure wp-caption alignnone\"><a href=\"https:\/\/agora.xtec.cat\/ceip-dolorsalmeda-cornella\/wp-content\/uploads\/usu30\/2022\/04\/jocs-florals_jurat-scaled.jpg\"><img loading=\"lazy\" decoding=\"async\" class=\" wp-image-4884\" src=\"https:\/\/agora.xtec.cat\/ceip-dolorsalmeda-cornella\/wp-content\/uploads\/usu30\/2022\/04\/jocs-florals_jurat-1024x766.jpg\" alt=\"\" width=\"476\" height=\"356\" srcset=\"https:\/\/agora.xtec.cat\/ceip-dolorsalmeda-cornella\/wp-content\/uploads\/usu30\/2022\/04\/jocs-florals_jurat-1024x766.jpg 1024w, https:\/\/agora.xtec.cat\/ceip-dolorsalmeda-cornella\/wp-content\/uploads\/usu30\/2022\/04\/jocs-florals_jurat-300x224.jpg 300w, https:\/\/agora.xtec.cat\/ceip-dolorsalmeda-cornella\/wp-content\/uploads\/usu30\/2022\/04\/jocs-florals_jurat-768x575.jpg 768w, https:\/\/agora.xtec.cat\/ceip-dolorsalmeda-cornella\/wp-content\/uploads\/usu30\/2022\/04\/jocs-florals_jurat-1536x1149.jpg 1536w, https:\/\/agora.xtec.cat\/ceip-dolorsalmeda-cornella\/wp-content\/uploads\/usu30\/2022\/04\/jocs-florals_jurat-2048x1532.jpg 2048w, https:\/\/agora.xtec.cat\/ceip-dolorsalmeda-cornella\/wp-content\/uploads\/usu30\/2022\/04\/jocs-florals_jurat-200x150.jpg 200w\" sizes=\"auto, (max-width: 476px) 100vw, 476px\" \/><\/a><figcaption class=\"wp-caption-text\">qrf<\/figcaption><\/figure>\n","protected":false},"excerpt":{"rendered":"<p>Dimecres dia 20 d&#8217;abril el jurat es va trobar per decidir els guanyadors i guanyadores dels Jocs Florals que celebrarem a l&#8217;escola el proper dilluns dia 25 a la tarda.<br \/>\nEl jurat ha estat composat per set persones: la Conchi i la Noem\u00ed en representaci\u00f3 de&hellip;  <a href=\"https:\/\/agora.xtec.cat\/ceip-dolorsalmeda-cornella\/general\/sant-jordi-2022\/\" title=\"Read Sant Jordi 2022\">Llegeix m\u00e9s\u00bb<\/a><\/p>\n","protected":false},"author":4,"featured_media":4883,"comment_status":"open","ping_status":"closed","sticky":false,"template":"","format":"standard","meta":{"_bbp_topic_count":0,"_bbp_reply_count":0,"_bbp_total_topic_count":0,"_bbp_total_reply_count":0,"_bbp_voice_count":0,"_bbp_anonymous_reply_count":0,"_bbp_topic_count_hidden":0,"_bbp_reply_count_hidden":0,"_bbp_forum_subforum_count":0,"footnotes":""},"categories":[1,4],"tags":[],"class_list":["post-4882","post","type-post","status-publish","format-standard","has-post-thumbnail","hentry","category-general","category-portada"],"post_mailing_queue_ids":[],"_links":{"self":[{"href":"https:\/\/agora.xtec.cat\/ceip-dolorsalmeda-cornella\/wp-json\/wp\/v2\/posts\/4882","targetHints":{"allow":["GET"]}}],"collection":[{"href":"https:\/\/agora.xtec.cat\/ceip-dolorsalmeda-cornella\/wp-json\/wp\/v2\/posts"}],"about":[{"href":"https:\/\/agora.xtec.cat\/ceip-dolorsalmeda-cornella\/wp-json\/wp\/v2\/types\/post"}],"author":[{"embeddable":true,"href":"https:\/\/agora.xtec.cat\/ceip-dolorsalmeda-cornella\/wp-json\/wp\/v2\/users\/4"}],"replies":[{"embeddable":true,"href":"https:\/\/agora.xtec.cat\/ceip-dolorsalmeda-cornella\/wp-json\/wp\/v2\/comments?post=4882"}],"version-history":[{"count":1,"href":"https:\/\/agora.xtec.cat\/ceip-dolorsalmeda-cornella\/wp-json\/wp\/v2\/posts\/4882\/revisions"}],"predecessor-version":[{"id":4885,"href":"https:\/\/agora.xtec.cat\/ceip-dolorsalmeda-cornella\/wp-json\/wp\/v2\/posts\/4882\/revisions\/4885"}],"wp:featuredmedia":[{"embeddable":true,"href":"https:\/\/agora.xtec.cat\/ceip-dolorsalmeda-cornella\/wp-json\/wp\/v2\/media\/4883"}],"wp:attachment":[{"href":"https:\/\/agora.xtec.cat\/ceip-dolorsalmeda-cornella\/wp-json\/wp\/v2\/media?parent=4882"}],"wp:term":[{"taxonomy":"category","embeddable":true,"href":"https:\/\/agora.xtec.cat\/ceip-dolorsalmeda-cornella\/wp-json\/wp\/v2\/categories?post=4882"},{"taxonomy":"post_tag","embeddable":true,"href":"https:\/\/agora.xtec.cat\/ceip-dolorsalmeda-cornella\/wp-json\/wp\/v2\/tags?post=4882"}],"curies":[{"name":"wp","href":"https:\/\/api.w.org\/{rel}","templated":true}]}}