{"id":4868,"date":"2022-04-20T21:38:14","date_gmt":"2022-04-20T19:38:14","guid":{"rendered":"https:\/\/agora.xtec.cat\/ceip-dolorsalmeda-cornella\/?p=4868"},"modified":"2022-04-20T21:38:14","modified_gmt":"2022-04-20T19:38:14","slug":"somriures-que-tornen-a-brillar","status":"publish","type":"post","link":"https:\/\/agora.xtec.cat\/ceip-dolorsalmeda-cornella\/general\/somriures-que-tornen-a-brillar\/","title":{"rendered":"Somriures que tornen a brillar"},"content":{"rendered":"<p>Si hi ha quelcom que la pand\u00e8mia ens ha pres durant 2 anys, ha estat poder establir una comunicaci\u00f3 plena amb l&#8217;altre. Entendre all\u00f2 que diu l&#8217;altre, escoltar les seves paraules, l&#8217;entonaci\u00f3 del que expressa, comprendre les seves emocions, els seus dubtes, neguits o preocupacions,\u00a0 copsar all\u00f2 que comuniquen els gestos i tota la cara han estat interferits per les mascaretes. Unes mascaretes que han ajudat a la salut p\u00fablica per\u00f2 que, a la vegada, ha patit tota la comunitat educativa.<\/p>\n<p>\u00c9s per aix\u00f3 que, avui, volem fer un homenatge a tots aquells somriures que han restat amagats i que tant hem enyorat. Unes boques que tornen a brillar i que, de nou, tornaran a parlar i a dir tantes coses sense mots.<a href=\"https:\/\/agora.xtec.cat\/ceip-dolorsalmeda-cornella\/wp-content\/uploads\/usu30\/2022\/04\/Disseny-sense-titol.jpg\"><br \/>\n<img loading=\"lazy\" decoding=\"async\" class=\"aligncenter size-large wp-image-4869\" src=\"https:\/\/agora.xtec.cat\/ceip-dolorsalmeda-cornella\/wp-content\/uploads\/usu30\/2022\/04\/Disseny-sense-titol-1024x819.jpg\" alt=\"\" width=\"1024\" height=\"819\" srcset=\"https:\/\/agora.xtec.cat\/ceip-dolorsalmeda-cornella\/wp-content\/uploads\/usu30\/2022\/04\/Disseny-sense-titol-1024x819.jpg 1024w, https:\/\/agora.xtec.cat\/ceip-dolorsalmeda-cornella\/wp-content\/uploads\/usu30\/2022\/04\/Disseny-sense-titol-300x240.jpg 300w, https:\/\/agora.xtec.cat\/ceip-dolorsalmeda-cornella\/wp-content\/uploads\/usu30\/2022\/04\/Disseny-sense-titol-768x614.jpg 768w, https:\/\/agora.xtec.cat\/ceip-dolorsalmeda-cornella\/wp-content\/uploads\/usu30\/2022\/04\/Disseny-sense-titol-1536x1229.jpg 1536w, https:\/\/agora.xtec.cat\/ceip-dolorsalmeda-cornella\/wp-content\/uploads\/usu30\/2022\/04\/Disseny-sense-titol.jpg 2000w\" sizes=\"auto, (max-width: 1024px) 100vw, 1024px\" \/><\/a><\/p>\n","protected":false},"excerpt":{"rendered":"<p>Si hi ha quelcom que la pand\u00e8mia ens ha pres durant 2 anys, ha estat poder establir una comunicaci\u00f3 plena amb l&#8217;altre. Entendre all\u00f2 que diu l&#8217;altre, escoltar les seves paraules, l&#8217;entonaci\u00f3 del que expressa, comprendre les seves emocions, els seus dubtes, neguits o preocupacions,\u00a0&hellip;  <a href=\"https:\/\/agora.xtec.cat\/ceip-dolorsalmeda-cornella\/general\/somriures-que-tornen-a-brillar\/\" title=\"Read Somriures que tornen a brillar\">Llegeix m\u00e9s\u00bb<\/a><\/p>\n","protected":false},"author":1,"featured_media":4869,"comment_status":"open","ping_status":"closed","sticky":false,"template":"","format":"standard","meta":{"_bbp_topic_count":0,"_bbp_reply_count":0,"_bbp_total_topic_count":0,"_bbp_total_reply_count":0,"_bbp_voice_count":0,"_bbp_anonymous_reply_count":0,"_bbp_topic_count_hidden":0,"_bbp_reply_count_hidden":0,"_bbp_forum_subforum_count":0,"footnotes":""},"categories":[1,2,4,5],"tags":[308,307,306],"class_list":["post-4868","post","type-post","status-publish","format-standard","has-post-thumbnail","hentry","category-general","category-infantil","category-portada","category-primaria","tag-covid","tag-mascaretes","tag-pandemia"],"post_mailing_queue_ids":[],"_links":{"self":[{"href":"https:\/\/agora.xtec.cat\/ceip-dolorsalmeda-cornella\/wp-json\/wp\/v2\/posts\/4868","targetHints":{"allow":["GET"]}}],"collection":[{"href":"https:\/\/agora.xtec.cat\/ceip-dolorsalmeda-cornella\/wp-json\/wp\/v2\/posts"}],"about":[{"href":"https:\/\/agora.xtec.cat\/ceip-dolorsalmeda-cornella\/wp-json\/wp\/v2\/types\/post"}],"author":[{"embeddable":true,"href":"https:\/\/agora.xtec.cat\/ceip-dolorsalmeda-cornella\/wp-json\/wp\/v2\/users\/1"}],"replies":[{"embeddable":true,"href":"https:\/\/agora.xtec.cat\/ceip-dolorsalmeda-cornella\/wp-json\/wp\/v2\/comments?post=4868"}],"version-history":[{"count":1,"href":"https:\/\/agora.xtec.cat\/ceip-dolorsalmeda-cornella\/wp-json\/wp\/v2\/posts\/4868\/revisions"}],"predecessor-version":[{"id":4870,"href":"https:\/\/agora.xtec.cat\/ceip-dolorsalmeda-cornella\/wp-json\/wp\/v2\/posts\/4868\/revisions\/4870"}],"wp:featuredmedia":[{"embeddable":true,"href":"https:\/\/agora.xtec.cat\/ceip-dolorsalmeda-cornella\/wp-json\/wp\/v2\/media\/4869"}],"wp:attachment":[{"href":"https:\/\/agora.xtec.cat\/ceip-dolorsalmeda-cornella\/wp-json\/wp\/v2\/media?parent=4868"}],"wp:term":[{"taxonomy":"category","embeddable":true,"href":"https:\/\/agora.xtec.cat\/ceip-dolorsalmeda-cornella\/wp-json\/wp\/v2\/categories?post=4868"},{"taxonomy":"post_tag","embeddable":true,"href":"https:\/\/agora.xtec.cat\/ceip-dolorsalmeda-cornella\/wp-json\/wp\/v2\/tags?post=4868"}],"curies":[{"name":"wp","href":"https:\/\/api.w.org\/{rel}","templated":true}]}}