{"id":4818,"date":"2022-04-06T07:06:18","date_gmt":"2022-04-06T05:06:18","guid":{"rendered":"https:\/\/agora.xtec.cat\/ceip-dolorsalmeda-cornella\/?p=4818"},"modified":"2022-04-06T07:10:15","modified_gmt":"2022-04-06T05:10:15","slug":"anem-al-parc-de-les-olors","status":"publish","type":"post","link":"https:\/\/agora.xtec.cat\/ceip-dolorsalmeda-cornella\/general\/anem-al-parc-de-les-olors\/","title":{"rendered":"Anem al Parc de les Olors!"},"content":{"rendered":"<p><span style=\"font-weight: 400\">El passat 23 de mar\u00e7, els infants i les mestres de 3r, vam anar al Parc de les Olors de Santa Eul\u00e0lia de Ron\u00e7ana. El Parc de les Olors d\u2019aquesta poblaci\u00f3, forma part de la Xarxa de 50 Parcs de les Olors de tota Catalunya on es dediquen a fer cultiu agroecol\u00f2gic d\u2019una gran varietat d\u2019esp\u00e8cies de la plantes arom\u00e0tiques i medicinals.\u00a0<\/span><\/p>\n<p><a href=\"https:\/\/agora.xtec.cat\/ceip-dolorsalmeda-cornella\/wp-content\/uploads\/usu30\/2022\/04\/WhatsApp-Image-2022-04-06-at-06.58.39.jpeg\"><img loading=\"lazy\" decoding=\"async\" class=\"size-medium wp-image-4835 aligncenter\" src=\"https:\/\/agora.xtec.cat\/ceip-dolorsalmeda-cornella\/wp-content\/uploads\/usu30\/2022\/04\/WhatsApp-Image-2022-04-06-at-06.58.39-300x224.jpeg\" alt=\"\" width=\"300\" height=\"224\" srcset=\"https:\/\/agora.xtec.cat\/ceip-dolorsalmeda-cornella\/wp-content\/uploads\/usu30\/2022\/04\/WhatsApp-Image-2022-04-06-at-06.58.39-300x224.jpeg 300w, https:\/\/agora.xtec.cat\/ceip-dolorsalmeda-cornella\/wp-content\/uploads\/usu30\/2022\/04\/WhatsApp-Image-2022-04-06-at-06.58.39-1024x766.jpeg 1024w, https:\/\/agora.xtec.cat\/ceip-dolorsalmeda-cornella\/wp-content\/uploads\/usu30\/2022\/04\/WhatsApp-Image-2022-04-06-at-06.58.39-768x575.jpeg 768w, https:\/\/agora.xtec.cat\/ceip-dolorsalmeda-cornella\/wp-content\/uploads\/usu30\/2022\/04\/WhatsApp-Image-2022-04-06-at-06.58.39-1536x1149.jpeg 1536w, https:\/\/agora.xtec.cat\/ceip-dolorsalmeda-cornella\/wp-content\/uploads\/usu30\/2022\/04\/WhatsApp-Image-2022-04-06-at-06.58.39-200x150.jpeg 200w, https:\/\/agora.xtec.cat\/ceip-dolorsalmeda-cornella\/wp-content\/uploads\/usu30\/2022\/04\/WhatsApp-Image-2022-04-06-at-06.58.39.jpeg 1600w\" sizes=\"auto, (max-width: 300px) 100vw, 300px\" \/><\/a><\/p>\n<p><span style=\"font-weight: 400\">Els infants van aprendre molt sobre algunes de les esp\u00e8cies de plantes arom\u00e0tiques i medicinals com ara l\u2019esp\u00edgol, l\u2019estevia, la cal\u00e8ndula\u2026 A m\u00e9s, van fer 4 activitats diferents. Aquestes eren la realitzaci\u00f3 d\u2019un petit circuit amb elements de la natura on tocaven i oloraven les plantes, plantaci\u00f3 d\u2019un esqueix dins d\u2019un test biodegradable i elaboraci\u00f3 d\u2019un oli de massatge amb l\u2019esp\u00edgol que on se\u2019ls van endur a casa i, per \u00faltim, con\u00e8ixer els animals del parc. Despr\u00e9s, tamb\u00e9 van gaudir jugant al petit bosc que tenien al parc!<\/span><\/p>\n<p><span style=\"font-weight: 400\"><a href=\"https:\/\/agora.xtec.cat\/ceip-dolorsalmeda-cornella\/wp-content\/uploads\/usu30\/2022\/04\/WhatsApp-Image-2022-04-04-at-13.27.13.jpeg\">\u00a0 \u00a0 \u00a0 \u00a0 \u00a0 \u00a0 \u00a0 \u00a0 \u00a0 \u00a0 \u00a0 \u00a0 \u00a0 \u00a0 \u00a0 \u00a0 \u00a0 \u00a0 \u00a0 \u00a0 \u00a0 \u00a0 \u00a0 \u00a0 \u00a0 \u00a0 \u00a0 \u00a0 \u00a0 \u00a0 \u00a0 \u00a0 \u00a0 \u00a0 \u00a0 \u00a0 \u00a0 \u00a0 \u00a0 \u00a0 \u00a0 \u00a0 \u00a0 \u00a0 \u00a0 \u00a0 \u00a0 \u00a0 \u00a0 \u00a0 <img loading=\"lazy\" decoding=\"async\" class=\"size-medium wp-image-4832 aligncenter\" src=\"https:\/\/agora.xtec.cat\/ceip-dolorsalmeda-cornella\/wp-content\/uploads\/usu30\/2022\/04\/WhatsApp-Image-2022-04-04-at-13.27.13-225x300.jpeg\" alt=\"\" width=\"225\" height=\"300\" srcset=\"https:\/\/agora.xtec.cat\/ceip-dolorsalmeda-cornella\/wp-content\/uploads\/usu30\/2022\/04\/WhatsApp-Image-2022-04-04-at-13.27.13-225x300.jpeg 225w, https:\/\/agora.xtec.cat\/ceip-dolorsalmeda-cornella\/wp-content\/uploads\/usu30\/2022\/04\/WhatsApp-Image-2022-04-04-at-13.27.13-768x1024.jpeg 768w, https:\/\/agora.xtec.cat\/ceip-dolorsalmeda-cornella\/wp-content\/uploads\/usu30\/2022\/04\/WhatsApp-Image-2022-04-04-at-13.27.13-1152x1536.jpeg 1152w, https:\/\/agora.xtec.cat\/ceip-dolorsalmeda-cornella\/wp-content\/uploads\/usu30\/2022\/04\/WhatsApp-Image-2022-04-04-at-13.27.13.jpeg 1200w\" sizes=\"auto, (max-width: 225px) 100vw, 225px\" \/><\/a> \u00a0<img loading=\"lazy\" decoding=\"async\" class=\"size-medium wp-image-4831 aligncenter\" src=\"https:\/\/agora.xtec.cat\/ceip-dolorsalmeda-cornella\/wp-content\/uploads\/usu30\/2022\/04\/WhatsApp-Image-2022-04-04-at-13.27.13-1-225x300.jpeg\" alt=\"\" width=\"225\" height=\"300\" srcset=\"https:\/\/agora.xtec.cat\/ceip-dolorsalmeda-cornella\/wp-content\/uploads\/usu30\/2022\/04\/WhatsApp-Image-2022-04-04-at-13.27.13-1-225x300.jpeg 225w, https:\/\/agora.xtec.cat\/ceip-dolorsalmeda-cornella\/wp-content\/uploads\/usu30\/2022\/04\/WhatsApp-Image-2022-04-04-at-13.27.13-1-768x1024.jpeg 768w, https:\/\/agora.xtec.cat\/ceip-dolorsalmeda-cornella\/wp-content\/uploads\/usu30\/2022\/04\/WhatsApp-Image-2022-04-04-at-13.27.13-1-1152x1536.jpeg 1152w, https:\/\/agora.xtec.cat\/ceip-dolorsalmeda-cornella\/wp-content\/uploads\/usu30\/2022\/04\/WhatsApp-Image-2022-04-04-at-13.27.13-1.jpeg 1200w\" sizes=\"auto, (max-width: 225px) 100vw, 225px\" \/><\/span><\/p>\n<p><a href=\"https:\/\/agora.xtec.cat\/ceip-dolorsalmeda-cornella\/wp-content\/uploads\/usu30\/2022\/04\/WhatsApp-Image-2022-04-04-at-13.27.13-2.jpeg\"><br \/>\n<img loading=\"lazy\" decoding=\"async\" class=\"size-medium wp-image-4830 aligncenter\" src=\"https:\/\/agora.xtec.cat\/ceip-dolorsalmeda-cornella\/wp-content\/uploads\/usu30\/2022\/04\/WhatsApp-Image-2022-04-04-at-13.27.13-2-300x225.jpeg\" alt=\"\" width=\"300\" height=\"225\" srcset=\"https:\/\/agora.xtec.cat\/ceip-dolorsalmeda-cornella\/wp-content\/uploads\/usu30\/2022\/04\/WhatsApp-Image-2022-04-04-at-13.27.13-2-300x225.jpeg 300w, https:\/\/agora.xtec.cat\/ceip-dolorsalmeda-cornella\/wp-content\/uploads\/usu30\/2022\/04\/WhatsApp-Image-2022-04-04-at-13.27.13-2-1024x768.jpeg 1024w, https:\/\/agora.xtec.cat\/ceip-dolorsalmeda-cornella\/wp-content\/uploads\/usu30\/2022\/04\/WhatsApp-Image-2022-04-04-at-13.27.13-2-768x576.jpeg 768w, https:\/\/agora.xtec.cat\/ceip-dolorsalmeda-cornella\/wp-content\/uploads\/usu30\/2022\/04\/WhatsApp-Image-2022-04-04-at-13.27.13-2-1536x1152.jpeg 1536w, https:\/\/agora.xtec.cat\/ceip-dolorsalmeda-cornella\/wp-content\/uploads\/usu30\/2022\/04\/WhatsApp-Image-2022-04-04-at-13.27.13-2-200x150.jpeg 200w, https:\/\/agora.xtec.cat\/ceip-dolorsalmeda-cornella\/wp-content\/uploads\/usu30\/2022\/04\/WhatsApp-Image-2022-04-04-at-13.27.13-2.jpeg 1600w\" sizes=\"auto, (max-width: 300px) 100vw, 300px\" \/><\/a><\/p>\n<p><a href=\"https:\/\/agora.xtec.cat\/ceip-dolorsalmeda-cornella\/wp-content\/uploads\/usu30\/2022\/04\/WhatsApp-Image-2022-04-04-at-13.27.13-3.jpeg\"><img loading=\"lazy\" decoding=\"async\" class=\"size-medium wp-image-4829 aligncenter\" src=\"https:\/\/agora.xtec.cat\/ceip-dolorsalmeda-cornella\/wp-content\/uploads\/usu30\/2022\/04\/WhatsApp-Image-2022-04-04-at-13.27.13-3-225x300.jpeg\" alt=\"\" width=\"225\" height=\"300\" srcset=\"https:\/\/agora.xtec.cat\/ceip-dolorsalmeda-cornella\/wp-content\/uploads\/usu30\/2022\/04\/WhatsApp-Image-2022-04-04-at-13.27.13-3-225x300.jpeg 225w, https:\/\/agora.xtec.cat\/ceip-dolorsalmeda-cornella\/wp-content\/uploads\/usu30\/2022\/04\/WhatsApp-Image-2022-04-04-at-13.27.13-3-768x1024.jpeg 768w, https:\/\/agora.xtec.cat\/ceip-dolorsalmeda-cornella\/wp-content\/uploads\/usu30\/2022\/04\/WhatsApp-Image-2022-04-04-at-13.27.13-3-1152x1536.jpeg 1152w, https:\/\/agora.xtec.cat\/ceip-dolorsalmeda-cornella\/wp-content\/uploads\/usu30\/2022\/04\/WhatsApp-Image-2022-04-04-at-13.27.13-3.jpeg 1200w\" sizes=\"auto, (max-width: 225px) 100vw, 225px\" \/><\/a><\/p>\n<p><a href=\"https:\/\/agora.xtec.cat\/ceip-dolorsalmeda-cornella\/wp-content\/uploads\/usu30\/2022\/04\/WhatsApp-Image-2022-04-04-at-13.27.13-4.jpeg\"><img loading=\"lazy\" decoding=\"async\" class=\"size-medium wp-image-4828 aligncenter\" src=\"https:\/\/agora.xtec.cat\/ceip-dolorsalmeda-cornella\/wp-content\/uploads\/usu30\/2022\/04\/WhatsApp-Image-2022-04-04-at-13.27.13-4-300x225.jpeg\" alt=\"\" width=\"300\" height=\"225\" srcset=\"https:\/\/agora.xtec.cat\/ceip-dolorsalmeda-cornella\/wp-content\/uploads\/usu30\/2022\/04\/WhatsApp-Image-2022-04-04-at-13.27.13-4-300x225.jpeg 300w, https:\/\/agora.xtec.cat\/ceip-dolorsalmeda-cornella\/wp-content\/uploads\/usu30\/2022\/04\/WhatsApp-Image-2022-04-04-at-13.27.13-4-1024x768.jpeg 1024w, https:\/\/agora.xtec.cat\/ceip-dolorsalmeda-cornella\/wp-content\/uploads\/usu30\/2022\/04\/WhatsApp-Image-2022-04-04-at-13.27.13-4-768x576.jpeg 768w, https:\/\/agora.xtec.cat\/ceip-dolorsalmeda-cornella\/wp-content\/uploads\/usu30\/2022\/04\/WhatsApp-Image-2022-04-04-at-13.27.13-4-1536x1152.jpeg 1536w, https:\/\/agora.xtec.cat\/ceip-dolorsalmeda-cornella\/wp-content\/uploads\/usu30\/2022\/04\/WhatsApp-Image-2022-04-04-at-13.27.13-4-200x150.jpeg 200w, https:\/\/agora.xtec.cat\/ceip-dolorsalmeda-cornella\/wp-content\/uploads\/usu30\/2022\/04\/WhatsApp-Image-2022-04-04-at-13.27.13-4.jpeg 1600w\" sizes=\"auto, (max-width: 300px) 100vw, 300px\" \/><\/a><\/p>\n<p><a href=\"https:\/\/agora.xtec.cat\/ceip-dolorsalmeda-cornella\/wp-content\/uploads\/usu30\/2022\/04\/WhatsApp-Image-2022-04-04-at-13.27.13-5.jpeg\"><img loading=\"lazy\" decoding=\"async\" class=\"size-medium wp-image-4827 aligncenter\" src=\"https:\/\/agora.xtec.cat\/ceip-dolorsalmeda-cornella\/wp-content\/uploads\/usu30\/2022\/04\/WhatsApp-Image-2022-04-04-at-13.27.13-5-300x225.jpeg\" alt=\"\" width=\"300\" height=\"225\" srcset=\"https:\/\/agora.xtec.cat\/ceip-dolorsalmeda-cornella\/wp-content\/uploads\/usu30\/2022\/04\/WhatsApp-Image-2022-04-04-at-13.27.13-5-300x225.jpeg 300w, https:\/\/agora.xtec.cat\/ceip-dolorsalmeda-cornella\/wp-content\/uploads\/usu30\/2022\/04\/WhatsApp-Image-2022-04-04-at-13.27.13-5-1024x768.jpeg 1024w, https:\/\/agora.xtec.cat\/ceip-dolorsalmeda-cornella\/wp-content\/uploads\/usu30\/2022\/04\/WhatsApp-Image-2022-04-04-at-13.27.13-5-768x576.jpeg 768w, https:\/\/agora.xtec.cat\/ceip-dolorsalmeda-cornella\/wp-content\/uploads\/usu30\/2022\/04\/WhatsApp-Image-2022-04-04-at-13.27.13-5-1536x1152.jpeg 1536w, https:\/\/agora.xtec.cat\/ceip-dolorsalmeda-cornella\/wp-content\/uploads\/usu30\/2022\/04\/WhatsApp-Image-2022-04-04-at-13.27.13-5-200x150.jpeg 200w, https:\/\/agora.xtec.cat\/ceip-dolorsalmeda-cornella\/wp-content\/uploads\/usu30\/2022\/04\/WhatsApp-Image-2022-04-04-at-13.27.13-5.jpeg 1600w\" sizes=\"auto, (max-width: 300px) 100vw, 300px\" \/><\/a><\/p>\n<p>&nbsp;<\/p>\n","protected":false},"excerpt":{"rendered":"<p>El passat 23 de mar\u00e7, els infants i les mestres de 3r, vam anar al Parc de les Olors de Santa Eul\u00e0lia de Ron\u00e7ana. El Parc de les Olors d\u2019aquesta poblaci\u00f3, forma part de la Xarxa de 50 Parcs de les Olors de tota Catalunya&hellip;  <a href=\"https:\/\/agora.xtec.cat\/ceip-dolorsalmeda-cornella\/general\/anem-al-parc-de-les-olors\/\" title=\"Read Anem al Parc de les Olors!\">Llegeix m\u00e9s\u00bb<\/a><\/p>\n","protected":false},"author":1,"featured_media":4829,"comment_status":"open","ping_status":"closed","sticky":false,"template":"","format":"standard","meta":{"_bbp_topic_count":0,"_bbp_reply_count":0,"_bbp_total_topic_count":0,"_bbp_total_reply_count":0,"_bbp_voice_count":0,"_bbp_anonymous_reply_count":0,"_bbp_topic_count_hidden":0,"_bbp_reply_count_hidden":0,"_bbp_forum_subforum_count":0,"footnotes":""},"categories":[12,1,4,5],"tags":[291,113],"class_list":["post-4818","post","type-post","status-publish","format-standard","has-post-thumbnail","hentry","category-3r","category-general","category-portada","category-primaria","tag-cicle-mitja","tag-sortida"],"post_mailing_queue_ids":[],"_links":{"self":[{"href":"https:\/\/agora.xtec.cat\/ceip-dolorsalmeda-cornella\/wp-json\/wp\/v2\/posts\/4818","targetHints":{"allow":["GET"]}}],"collection":[{"href":"https:\/\/agora.xtec.cat\/ceip-dolorsalmeda-cornella\/wp-json\/wp\/v2\/posts"}],"about":[{"href":"https:\/\/agora.xtec.cat\/ceip-dolorsalmeda-cornella\/wp-json\/wp\/v2\/types\/post"}],"author":[{"embeddable":true,"href":"https:\/\/agora.xtec.cat\/ceip-dolorsalmeda-cornella\/wp-json\/wp\/v2\/users\/1"}],"replies":[{"embeddable":true,"href":"https:\/\/agora.xtec.cat\/ceip-dolorsalmeda-cornella\/wp-json\/wp\/v2\/comments?post=4818"}],"version-history":[{"count":3,"href":"https:\/\/agora.xtec.cat\/ceip-dolorsalmeda-cornella\/wp-json\/wp\/v2\/posts\/4818\/revisions"}],"predecessor-version":[{"id":4840,"href":"https:\/\/agora.xtec.cat\/ceip-dolorsalmeda-cornella\/wp-json\/wp\/v2\/posts\/4818\/revisions\/4840"}],"wp:featuredmedia":[{"embeddable":true,"href":"https:\/\/agora.xtec.cat\/ceip-dolorsalmeda-cornella\/wp-json\/wp\/v2\/media\/4829"}],"wp:attachment":[{"href":"https:\/\/agora.xtec.cat\/ceip-dolorsalmeda-cornella\/wp-json\/wp\/v2\/media?parent=4818"}],"wp:term":[{"taxonomy":"category","embeddable":true,"href":"https:\/\/agora.xtec.cat\/ceip-dolorsalmeda-cornella\/wp-json\/wp\/v2\/categories?post=4818"},{"taxonomy":"post_tag","embeddable":true,"href":"https:\/\/agora.xtec.cat\/ceip-dolorsalmeda-cornella\/wp-json\/wp\/v2\/tags?post=4818"}],"curies":[{"name":"wp","href":"https:\/\/api.w.org\/{rel}","templated":true}]}}