{"id":4615,"date":"2026-02-02T09:00:00","date_gmt":"2026-02-02T08:00:00","guid":{"rendered":"https:\/\/agora.xtec.cat\/ceip-dolorsalmeda-cornella\/?p=4615"},"modified":"2026-03-03T12:01:00","modified_gmt":"2026-03-03T11:01:00","slug":"portes-obertes-2022","status":"publish","type":"post","link":"https:\/\/agora.xtec.cat\/ceip-dolorsalmeda-cornella\/general\/portes-obertes-2022\/","title":{"rendered":"PORTES OBERTES 2026"},"content":{"rendered":"<p>Les <strong>portes obertes<\/strong> per a la preinscripci\u00f3 del curs 2026-27 seran el pr\u00f2xim<strong> divendres 27 de febrer<\/strong> en dues sessions, a les <strong>9:30 i a les 15h15&#8242;.<\/strong> Us podeu inscriure a la sessi\u00f3 que us vagi millor omplint el seg\u00fcent formulari. <a href=\"https:\/\/docs.google.com\/forms\/d\/e\/1FAIpQLSdYY1htKFRS1h6T68T-4ordxF6EBO1AsRRGbyyvM5Namy0JOA\/viewform?usp=publish-editor\" target=\"_blank\" rel=\"noopener\">FORMULARI<\/a><\/p>\n<p>(93 377 <span style=\"font-family: inherit; font-size: 1em;\">05 05) o que ens escriviu a escola@dolorsalmeda.cat.<\/span><\/p>\n<table style=\"border-collapse: collapse; width: 92.2244%; height: 385px;\">\n<tbody>\n<tr>\n<td style=\"width: 30.3278%;\"><a href=\"https:\/\/agora.xtec.cat\/ceip-dolorsalmeda-cornella\/wp-content\/uploads\/usu30\/2026\/02\/1.jpg\"><img loading=\"lazy\" decoding=\"async\" class=\"alignnone size-large wp-image-8517\" src=\"https:\/\/agora.xtec.cat\/ceip-dolorsalmeda-cornella\/wp-content\/uploads\/usu30\/2026\/02\/1-1024x585.jpg\" alt=\"\" width=\"1024\" height=\"585\" srcset=\"https:\/\/agora.xtec.cat\/ceip-dolorsalmeda-cornella\/wp-content\/uploads\/usu30\/2026\/02\/1-1024x585.jpg 1024w, https:\/\/agora.xtec.cat\/ceip-dolorsalmeda-cornella\/wp-content\/uploads\/usu30\/2026\/02\/1-300x171.jpg 300w, https:\/\/agora.xtec.cat\/ceip-dolorsalmeda-cornella\/wp-content\/uploads\/usu30\/2026\/02\/1-768x439.jpg 768w, https:\/\/agora.xtec.cat\/ceip-dolorsalmeda-cornella\/wp-content\/uploads\/usu30\/2026\/02\/1.jpg 1050w\" sizes=\"auto, (max-width: 1024px) 100vw, 1024px\" \/><\/a><a href=\"https:\/\/agora.xtec.cat\/ceip-dolorsalmeda-cornella\/wp-content\/uploads\/usu30\/2026\/02\/2.jpg\"><img loading=\"lazy\" decoding=\"async\" class=\"alignnone size-large wp-image-8518\" src=\"https:\/\/agora.xtec.cat\/ceip-dolorsalmeda-cornella\/wp-content\/uploads\/usu30\/2026\/02\/2-1024x585.jpg\" alt=\"\" width=\"1024\" height=\"585\" srcset=\"https:\/\/agora.xtec.cat\/ceip-dolorsalmeda-cornella\/wp-content\/uploads\/usu30\/2026\/02\/2-1024x585.jpg 1024w, https:\/\/agora.xtec.cat\/ceip-dolorsalmeda-cornella\/wp-content\/uploads\/usu30\/2026\/02\/2-300x171.jpg 300w, https:\/\/agora.xtec.cat\/ceip-dolorsalmeda-cornella\/wp-content\/uploads\/usu30\/2026\/02\/2-768x439.jpg 768w, https:\/\/agora.xtec.cat\/ceip-dolorsalmeda-cornella\/wp-content\/uploads\/usu30\/2026\/02\/2.jpg 1050w\" sizes=\"auto, (max-width: 1024px) 100vw, 1024px\" \/><\/a><\/td>\n<td style=\"width: 26.2028%;\">\n<h1><a href=\"https:\/\/docs.google.com\/forms\/d\/e\/1FAIpQLSdYY1htKFRS1h6T68T-4ordxF6EBO1AsRRGbyyvM5Namy0JOA\/viewform?usp=header\" target=\"_blank\" rel=\"noopener\">FORMULARI\u00a0<\/a><\/h1>\n<h1><a href=\"https:\/\/docs.google.com\/forms\/d\/e\/1FAIpQLSdYY1htKFRS1h6T68T-4ordxF6EBO1AsRRGbyyvM5Namy0JOA\/viewform?usp=header\" target=\"_blank\" rel=\"noopener\">INSCRIPCI\u00d3<\/a><\/h1>\n<h1><a href=\"https:\/\/docs.google.com\/forms\/d\/e\/1FAIpQLSdYY1htKFRS1h6T68T-4ordxF6EBO1AsRRGbyyvM5Namy0JOA\/viewform?usp=header\" target=\"_blank\" rel=\"noopener\">PORTES OBERTES 2026<\/a><\/h1>\n<\/td>\n<\/tr>\n<\/tbody>\n<\/table>\n<h3><a href=\"https:\/\/www.instagram.com\/escoladolorsalmeda\/\"><img loading=\"lazy\" decoding=\"async\" class=\"wp-image-5581 alignleft\" src=\"https:\/\/agora.xtec.cat\/ceip-dolorsalmeda-cornella\/wp-content\/uploads\/usu30\/2023\/02\/insta.jpg\" alt=\"\" width=\"63\" height=\"64\" srcset=\"https:\/\/agora.xtec.cat\/ceip-dolorsalmeda-cornella\/wp-content\/uploads\/usu30\/2023\/02\/insta.jpg 182w, https:\/\/agora.xtec.cat\/ceip-dolorsalmeda-cornella\/wp-content\/uploads\/usu30\/2023\/02\/insta-150x150.jpg 150w\" sizes=\"auto, (max-width: 63px) 100vw, 63px\" \/><\/a><\/h3>\n<h3><a href=\"https:\/\/www.instagram.com\/escoladolorsalmeda\/\" target=\"_blank\" rel=\"noopener\">INSTAGRAM<\/a><\/h3>\n<p><a href=\"https:\/\/agora.xtec.cat\/ceip-dolorsalmeda-cornella\/general\/voleu-coneixer-la-nostra-escola\/\">VOLEU CON\u00c8IXER MILLOR LA NOSTRA ESCOLA? AQU\u00cd TENIU UNS QUANTS V\u00cdDEOS QUE US HEM PREPARAT.<\/a><\/p>\n<table style=\"border-collapse: collapse; width: 60.116%; height: 118px;\">\n<tbody>\n<tr style=\"height: 22px;\">\n<td style=\"width: 11.4334%; height: 22px;\">PROJECTE EDUCATIU<\/td>\n<td style=\"width: 15.3492%; height: 22px;\">INSTAL\u00b7LACIONS<\/td>\n<\/tr>\n<tr style=\"height: 32px;\">\n<td style=\"width: 11.4334%; height: 32px; text-align: center;\"><iframe loading=\"lazy\" src=\"\/\/www.youtube.com\/embed\/SE0nE524eaY\" width=\"270\" height=\"151\" allowfullscreen=\"allowfullscreen\"><\/iframe><\/td>\n<td style=\"width: 15.3492%; height: 32px; text-align: center;\"><iframe loading=\"lazy\" src=\"\/\/www.youtube.com\/embed\/P9AjF1rMVxo\" width=\"270\" height=\"151\" allowfullscreen=\"allowfullscreen\"><\/iframe><\/td>\n<\/tr>\n<tr style=\"height: 32px;\">\n<td style=\"width: 11.4334%; height: 32px;\">DIFERENTS MANERES D&#8217;APRENDRE<\/td>\n<td style=\"width: 15.3492%; height: 32px;\">UN DIA A EDUCACI\u00d3 INFANTIL<\/td>\n<\/tr>\n<tr style=\"height: 32px;\">\n<td style=\"width: 11.4334%; height: 32px; text-align: center;\"><iframe loading=\"lazy\" src=\"\/\/www.youtube.com\/embed\/vGyez9bD5KQ\" width=\"270\" height=\"151\" allowfullscreen=\"allowfullscreen\"><\/iframe><\/td>\n<td style=\"width: 15.3492%; height: 32px; text-align: center;\"><iframe loading=\"lazy\" title=\"YouTube video player\" src=\"\/\/www.youtube.com\/embed\/aFe6bQT06gg?si=JFjWF5eTvN-0dk63\" width=\"270\" height=\"151\" frameborder=\"0\" allowfullscreen=\"allowfullscreen\"><\/iframe><\/td>\n<\/tr>\n<\/tbody>\n<\/table>\n<p>A m\u00e9s podeu consultar la web de\u00a0<a href=\"https:\/\/afadolorsalmeda.cat\/\" target=\"_blank\" rel=\"noopener\">l\u2019AFA<\/a>\u00a0i de l\u2019empresa del\u00a0<a href=\"https:\/\/afadolorsalmeda.cat\/#menjador\" target=\"_blank\" rel=\"noopener\">menjador<\/a>. Els podeu escriure si necessiteu m\u00e9s informaci\u00f3.<\/p>\n<table style=\"width: 58.3997%;\">\n<tbody>\n<tr>\n<td style=\"width: 30.6159%;\"><a href=\"https:\/\/afadolorsalmeda.cat\/#menjador\"><img loading=\"lazy\" decoding=\"async\" class=\"alignnone size-full wp-image-5567 aligncenter\" src=\"https:\/\/agora.xtec.cat\/ceip-dolorsalmeda-cornella\/wp-content\/uploads\/usu30\/2022\/02\/logo-afa.png\" alt=\"\" width=\"152\" height=\"118\" \/><\/a><\/td>\n<td style=\"width: 35.4141%;\"><a href=\"https:\/\/www.controlplaysports.com\/\"><img loading=\"lazy\" decoding=\"async\" class=\"size-full wp-image-5532 aligncenter\" src=\"https:\/\/agora.xtec.cat\/ceip-dolorsalmeda-cornella\/wp-content\/uploads\/usu30\/2023\/01\/control-play.png\" alt=\"\" width=\"100\" height=\"83\" \/><\/a><\/td>\n<td style=\"width: 79.8033%;\"><a href=\"https:\/\/www.platdecolors.com\/ca\"><img loading=\"lazy\" decoding=\"async\" class=\"alignnone wp-image-5533 size-full aligncenter\" src=\"https:\/\/agora.xtec.cat\/ceip-dolorsalmeda-cornella\/wp-content\/uploads\/usu30\/2023\/01\/plat-de-colors.png\" alt=\"\" width=\"238\" height=\"54\" \/><\/a><\/td>\n<\/tr>\n<\/tbody>\n<\/table>\n<p>JORNADES DE PORTES OBERTES A ALTRES ESCOLES DE CORNELL\u00c0<\/p>\n<p><a href=\"https:\/\/agora.xtec.cat\/ceip-dolorsalmeda-cornella\/wp-content\/uploads\/usu30\/2024\/01\/DEFINITIU-Portes-obertes-2026.jpg\"><img loading=\"lazy\" decoding=\"async\" class=\"alignnone wp-image-8502 size-large\" src=\"https:\/\/agora.xtec.cat\/ceip-dolorsalmeda-cornella\/wp-content\/uploads\/usu30\/2024\/01\/DEFINITIU-Portes-obertes-2026-724x1024.jpg\" alt=\"\" width=\"724\" height=\"1024\" srcset=\"https:\/\/agora.xtec.cat\/ceip-dolorsalmeda-cornella\/wp-content\/uploads\/usu30\/2024\/01\/DEFINITIU-Portes-obertes-2026-724x1024.jpg 724w, https:\/\/agora.xtec.cat\/ceip-dolorsalmeda-cornella\/wp-content\/uploads\/usu30\/2024\/01\/DEFINITIU-Portes-obertes-2026-212x300.jpg 212w, https:\/\/agora.xtec.cat\/ceip-dolorsalmeda-cornella\/wp-content\/uploads\/usu30\/2024\/01\/DEFINITIU-Portes-obertes-2026-768x1086.jpg 768w, https:\/\/agora.xtec.cat\/ceip-dolorsalmeda-cornella\/wp-content\/uploads\/usu30\/2024\/01\/DEFINITIU-Portes-obertes-2026-1086x1536.jpg 1086w, https:\/\/agora.xtec.cat\/ceip-dolorsalmeda-cornella\/wp-content\/uploads\/usu30\/2024\/01\/DEFINITIU-Portes-obertes-2026-1448x2048.jpg 1448w, https:\/\/agora.xtec.cat\/ceip-dolorsalmeda-cornella\/wp-content\/uploads\/usu30\/2024\/01\/DEFINITIU-Portes-obertes-2026.jpg 1587w\" sizes=\"auto, (max-width: 724px) 100vw, 724px\" \/><\/a><\/p>\n","protected":false},"excerpt":{"rendered":"<p>Les portes obertes per a la preinscripci\u00f3 del curs 2026-27 seran el pr\u00f2xim divendres 27 de febrer en dues sessions, a les 9:30 i a les 15h15&#8242;. Us podeu inscriure a la sessi\u00f3 que us vagi millor omplint el seg\u00fcent formulari. <a href=\"https:\/\/docs.google.com\/forms\/d\/e\/1FAIpQLSdYY1htKFRS1h6T68T-4ordxF6EBO1AsRRGbyyvM5Namy0JOA\/viewform?usp=publish-editor\" target=\"_blank\" rel=\"noopener\">FORMULARI<\/a><br \/>\n(93&hellip;  <a href=\"https:\/\/agora.xtec.cat\/ceip-dolorsalmeda-cornella\/general\/portes-obertes-2022\/\" title=\"Read PORTES OBERTES 2026\">Llegeix m\u00e9s\u00bb<\/a><\/p>\n","protected":false},"author":3,"featured_media":8517,"comment_status":"closed","ping_status":"closed","sticky":false,"template":"","format":"standard","meta":{"_bbp_topic_count":0,"_bbp_reply_count":0,"_bbp_total_topic_count":0,"_bbp_total_reply_count":0,"_bbp_voice_count":0,"_bbp_anonymous_reply_count":0,"_bbp_topic_count_hidden":0,"_bbp_reply_count_hidden":0,"_bbp_forum_subforum_count":0,"footnotes":""},"categories":[1,4],"tags":[94],"class_list":["post-4615","post","type-post","status-publish","format-standard","has-post-thumbnail","hentry","category-general","category-portada","tag-portes-obertes"],"post_mailing_queue_ids":[],"_links":{"self":[{"href":"https:\/\/agora.xtec.cat\/ceip-dolorsalmeda-cornella\/wp-json\/wp\/v2\/posts\/4615","targetHints":{"allow":["GET"]}}],"collection":[{"href":"https:\/\/agora.xtec.cat\/ceip-dolorsalmeda-cornella\/wp-json\/wp\/v2\/posts"}],"about":[{"href":"https:\/\/agora.xtec.cat\/ceip-dolorsalmeda-cornella\/wp-json\/wp\/v2\/types\/post"}],"author":[{"embeddable":true,"href":"https:\/\/agora.xtec.cat\/ceip-dolorsalmeda-cornella\/wp-json\/wp\/v2\/users\/3"}],"replies":[{"embeddable":true,"href":"https:\/\/agora.xtec.cat\/ceip-dolorsalmeda-cornella\/wp-json\/wp\/v2\/comments?post=4615"}],"version-history":[{"count":6,"href":"https:\/\/agora.xtec.cat\/ceip-dolorsalmeda-cornella\/wp-json\/wp\/v2\/posts\/4615\/revisions"}],"predecessor-version":[{"id":8520,"href":"https:\/\/agora.xtec.cat\/ceip-dolorsalmeda-cornella\/wp-json\/wp\/v2\/posts\/4615\/revisions\/8520"}],"wp:featuredmedia":[{"embeddable":true,"href":"https:\/\/agora.xtec.cat\/ceip-dolorsalmeda-cornella\/wp-json\/wp\/v2\/media\/8517"}],"wp:attachment":[{"href":"https:\/\/agora.xtec.cat\/ceip-dolorsalmeda-cornella\/wp-json\/wp\/v2\/media?parent=4615"}],"wp:term":[{"taxonomy":"category","embeddable":true,"href":"https:\/\/agora.xtec.cat\/ceip-dolorsalmeda-cornella\/wp-json\/wp\/v2\/categories?post=4615"},{"taxonomy":"post_tag","embeddable":true,"href":"https:\/\/agora.xtec.cat\/ceip-dolorsalmeda-cornella\/wp-json\/wp\/v2\/tags?post=4615"}],"curies":[{"name":"wp","href":"https:\/\/api.w.org\/{rel}","templated":true}]}}