{"id":4423,"date":"2021-10-27T15:21:29","date_gmt":"2021-10-27T13:21:29","guid":{"rendered":"https:\/\/agora.xtec.cat\/ceip-dolorsalmeda-cornella\/?p=4423"},"modified":"2022-02-05T13:15:55","modified_gmt":"2022-02-05T12:15:55","slug":"la-vuelta-al-cole-contra-la-leucemia-infantil-2","status":"publish","type":"post","link":"https:\/\/agora.xtec.cat\/ceip-dolorsalmeda-cornella\/general\/la-vuelta-al-cole-contra-la-leucemia-infantil-2\/","title":{"rendered":"LA VUELTA AL COLE contra la leuc\u00e8mia infantil"},"content":{"rendered":"<p><a href=\"https:\/\/agora.xtec.cat\/ceip-dolorsalmeda-cornella\/wp-content\/uploads\/usu30\/2021\/10\/buildings.png\"><img loading=\"lazy\" decoding=\"async\" class=\"aligncenter size-full wp-image-4430\" src=\"https:\/\/agora.xtec.cat\/ceip-dolorsalmeda-cornella\/wp-content\/uploads\/usu30\/2021\/10\/buildings.png\" alt=\"\" width=\"506\" height=\"141\" srcset=\"https:\/\/agora.xtec.cat\/ceip-dolorsalmeda-cornella\/wp-content\/uploads\/usu30\/2021\/10\/buildings.png 506w, https:\/\/agora.xtec.cat\/ceip-dolorsalmeda-cornella\/wp-content\/uploads\/usu30\/2021\/10\/buildings-300x84.png 300w\" sizes=\"auto, (max-width: 506px) 100vw, 506px\" \/><\/a><\/p>\n<p>El darrer divendres 22 d&#8217;octubre, tot l&#8217;alumnat del centre va fer una carrera solid\u00e0ria que tenia com objectiu sensibilitzar i donar suport a les accions que realitza la <a href=\"https:\/\/unoentrecienmil.org\/\" target=\"_blank\" rel=\"noopener\">Fundaci\u00f3 Unoentrecienmil<\/a>. Una organitzaci\u00f3 que es mobilitza per recaptar fons, divulgar i sensibilitzar\u00a0 la poblaci\u00f3 sobre la investigaci\u00f3 i tractament de la leuc\u00e8mia infantil.<\/p>\n<p>Una &#8220;<a href=\"https:\/\/www.lavueltaalcole.com\/\" target=\"_blank\" rel=\"noopener\">vuelta al cole<\/a>&#8221; que no nom\u00e9s es fa f\u00edsicament en donar voltes al pati de l&#8217;escola, sin\u00f3 que pret\u00e9n possibilitar la tornada d&#8217;aquells infants que la leuc\u00e8mia allunya d&#8217;una escolaritat normalitzada i cont\u00ednua.<\/p>\n<p>Des dels m\u00e9s petits als m\u00e9s grans, infants i adults, vam rec\u00f3rrer uns quants metres per donar embranzida a aquesta iniciativa que, any rere any, mirem d&#8217;acompanyar i, a m\u00e9s, fer una aportaci\u00f3 econ\u00f2mica. No nom\u00e9s vam gaudir d&#8217;uns moments de sana competici\u00f3, sin\u00f3 que a les aules, d&#8217;una manera o altra vam poder compartir, reflexionar i empatitzar amb qui pateix una malaltia com la leuc\u00e8mia i el trasbals no nom\u00e9s f\u00edsic, sin\u00f3 tamb\u00e9 emocional, personal i social que aix\u00f2 comporta.<\/p>\n<p>Endavant valentes i valents! Som amb vosaltres!<\/p>\n\n\t\t<style type=\"text\/css\">\n\t\t\t#gallery-1 {\n\t\t\t\tmargin: auto;\n\t\t\t}\n\t\t\t#gallery-1 .gallery-item {\n\t\t\t\tfloat: left;\n\t\t\t\tmargin-top: 10px;\n\t\t\t\ttext-align: center;\n\t\t\t\twidth: 33%;\n\t\t\t}\n\t\t\t#gallery-1 img {\n\t\t\t\tborder: 2px solid #cfcfcf;\n\t\t\t}\n\t\t\t#gallery-1 .gallery-caption {\n\t\t\t\tmargin-left: 0;\n\t\t\t}\n\t\t\t\/* see gallery_shortcode() in wp-includes\/media.php *\/\n\t\t<\/style>\n\t\t<div id='gallery-1' class='gallery galleryid-4423 gallery-columns-3 gallery-size-thumbnail'><dl class='gallery-item'>\n\t\t\t<dt class='gallery-icon landscape'>\n\t\t\t\t<a href='https:\/\/agora.xtec.cat\/ceip-dolorsalmeda-cornella\/general\/la-vuelta-al-cole-contra-la-leucemia-infantil-2\/attachment\/img_7560_easy-resize-com\/'><img loading=\"lazy\" decoding=\"async\" width=\"150\" height=\"150\" src=\"https:\/\/agora.xtec.cat\/ceip-dolorsalmeda-cornella\/wp-content\/uploads\/usu30\/2021\/10\/IMG_7560_Easy-Resize.com_-150x150.jpg\" class=\"attachment-thumbnail size-thumbnail\" alt=\"\" \/><\/a>\n\t\t\t<\/dt><\/dl><dl class='gallery-item'>\n\t\t\t<dt class='gallery-icon landscape'>\n\t\t\t\t<a href='https:\/\/agora.xtec.cat\/ceip-dolorsalmeda-cornella\/general\/la-vuelta-al-cole-contra-la-leucemia-infantil-2\/attachment\/img_7574_easy-resize-com\/'><img loading=\"lazy\" decoding=\"async\" width=\"150\" height=\"150\" src=\"https:\/\/agora.xtec.cat\/ceip-dolorsalmeda-cornella\/wp-content\/uploads\/usu30\/2021\/10\/IMG_7574_Easy-Resize.com_-150x150.jpg\" class=\"attachment-thumbnail size-thumbnail\" alt=\"\" \/><\/a>\n\t\t\t<\/dt><\/dl><dl class='gallery-item'>\n\t\t\t<dt class='gallery-icon landscape'>\n\t\t\t\t<a href='https:\/\/agora.xtec.cat\/ceip-dolorsalmeda-cornella\/general\/la-vuelta-al-cole-contra-la-leucemia-infantil-2\/attachment\/img_7602_easy-resize-com\/'><img loading=\"lazy\" decoding=\"async\" width=\"150\" height=\"150\" src=\"https:\/\/agora.xtec.cat\/ceip-dolorsalmeda-cornella\/wp-content\/uploads\/usu30\/2021\/10\/IMG_7602_Easy-Resize.com_-150x150.jpg\" class=\"attachment-thumbnail size-thumbnail\" alt=\"\" \/><\/a>\n\t\t\t<\/dt><\/dl><br style=\"clear: both\" \/><dl class='gallery-item'>\n\t\t\t<dt class='gallery-icon landscape'>\n\t\t\t\t<a href='https:\/\/agora.xtec.cat\/ceip-dolorsalmeda-cornella\/general\/la-vuelta-al-cole-contra-la-leucemia-infantil-2\/attachment\/img_7613_easy-resize-com\/'><img loading=\"lazy\" decoding=\"async\" width=\"150\" height=\"150\" src=\"https:\/\/agora.xtec.cat\/ceip-dolorsalmeda-cornella\/wp-content\/uploads\/usu30\/2021\/10\/IMG_7613_Easy-Resize.com_-150x150.jpg\" class=\"attachment-thumbnail size-thumbnail\" alt=\"\" \/><\/a>\n\t\t\t<\/dt><\/dl><dl class='gallery-item'>\n\t\t\t<dt class='gallery-icon landscape'>\n\t\t\t\t<a href='https:\/\/agora.xtec.cat\/ceip-dolorsalmeda-cornella\/general\/la-vuelta-al-cole-contra-la-leucemia-infantil-2\/attachment\/img_7655_easy-resize-com\/'><img loading=\"lazy\" decoding=\"async\" width=\"150\" height=\"150\" src=\"https:\/\/agora.xtec.cat\/ceip-dolorsalmeda-cornella\/wp-content\/uploads\/usu30\/2021\/10\/IMG_7655_Easy-Resize.com_-150x150.jpg\" class=\"attachment-thumbnail size-thumbnail\" alt=\"\" \/><\/a>\n\t\t\t<\/dt><\/dl><dl class='gallery-item'>\n\t\t\t<dt class='gallery-icon landscape'>\n\t\t\t\t<a href='https:\/\/agora.xtec.cat\/ceip-dolorsalmeda-cornella\/general\/la-vuelta-al-cole-contra-la-leucemia-infantil-2\/attachment\/img_7729_easy-resize-com\/'><img loading=\"lazy\" decoding=\"async\" width=\"150\" height=\"150\" src=\"https:\/\/agora.xtec.cat\/ceip-dolorsalmeda-cornella\/wp-content\/uploads\/usu30\/2021\/10\/IMG_7729_Easy-Resize.com_-150x150.jpg\" class=\"attachment-thumbnail size-thumbnail\" alt=\"\" \/><\/a>\n\t\t\t<\/dt><\/dl><br style=\"clear: both\" \/>\n\t\t<\/div>\n\n","protected":false},"excerpt":{"rendered":"<p><a href=\"https:\/\/agora.xtec.cat\/ceip-dolorsalmeda-cornella\/wp-content\/uploads\/usu30\/2021\/10\/buildings.png\"><\/a><br \/>\nEl darrer divendres 22 d&#8217;octubre, tot l&#8217;alumnat del centre va fer una carrera solid\u00e0ria que tenia com objectiu sensibilitzar i donar suport a les accions que realitza la <a href=\"https:\/\/unoentrecienmil.org\/\" target=\"_blank\" rel=\"noopener\">Fundaci\u00f3 Unoentrecienmil<\/a>. Una organitzaci\u00f3 que es mobilitza per recaptar fons, divulgar i sensibilitzar\u00a0&hellip;  <a href=\"https:\/\/agora.xtec.cat\/ceip-dolorsalmeda-cornella\/general\/la-vuelta-al-cole-contra-la-leucemia-infantil-2\/\" title=\"Read LA VUELTA AL COLE contra la leuc\u00e8mia infantil\">Llegeix m\u00e9s\u00bb<\/a><\/p>\n","protected":false},"author":1,"featured_media":4430,"comment_status":"open","ping_status":"closed","sticky":false,"template":"","format":"standard","meta":{"_bbp_topic_count":0,"_bbp_reply_count":0,"_bbp_total_topic_count":0,"_bbp_total_reply_count":0,"_bbp_voice_count":0,"_bbp_anonymous_reply_count":0,"_bbp_topic_count_hidden":0,"_bbp_reply_count_hidden":0,"_bbp_forum_subforum_count":0,"footnotes":""},"categories":[10,11,12,13,14,15,1,3,8,9,2,4,5],"tags":[292,294,293],"class_list":["post-4423","post","type-post","status-publish","format-standard","has-post-thumbnail","hentry","category-1r","category-2n","category-3r","category-4t","category-5e","category-6e","category-general","category-i3","category-i4","category-i5","category-infantil","category-portada","category-primaria","tag-acciosolidaria","tag-lavueltaalcole","tag-leucemiainfantil"],"post_mailing_queue_ids":[],"_links":{"self":[{"href":"https:\/\/agora.xtec.cat\/ceip-dolorsalmeda-cornella\/wp-json\/wp\/v2\/posts\/4423","targetHints":{"allow":["GET"]}}],"collection":[{"href":"https:\/\/agora.xtec.cat\/ceip-dolorsalmeda-cornella\/wp-json\/wp\/v2\/posts"}],"about":[{"href":"https:\/\/agora.xtec.cat\/ceip-dolorsalmeda-cornella\/wp-json\/wp\/v2\/types\/post"}],"author":[{"embeddable":true,"href":"https:\/\/agora.xtec.cat\/ceip-dolorsalmeda-cornella\/wp-json\/wp\/v2\/users\/1"}],"replies":[{"embeddable":true,"href":"https:\/\/agora.xtec.cat\/ceip-dolorsalmeda-cornella\/wp-json\/wp\/v2\/comments?post=4423"}],"version-history":[{"count":3,"href":"https:\/\/agora.xtec.cat\/ceip-dolorsalmeda-cornella\/wp-json\/wp\/v2\/posts\/4423\/revisions"}],"predecessor-version":[{"id":4436,"href":"https:\/\/agora.xtec.cat\/ceip-dolorsalmeda-cornella\/wp-json\/wp\/v2\/posts\/4423\/revisions\/4436"}],"wp:featuredmedia":[{"embeddable":true,"href":"https:\/\/agora.xtec.cat\/ceip-dolorsalmeda-cornella\/wp-json\/wp\/v2\/media\/4430"}],"wp:attachment":[{"href":"https:\/\/agora.xtec.cat\/ceip-dolorsalmeda-cornella\/wp-json\/wp\/v2\/media?parent=4423"}],"wp:term":[{"taxonomy":"category","embeddable":true,"href":"https:\/\/agora.xtec.cat\/ceip-dolorsalmeda-cornella\/wp-json\/wp\/v2\/categories?post=4423"},{"taxonomy":"post_tag","embeddable":true,"href":"https:\/\/agora.xtec.cat\/ceip-dolorsalmeda-cornella\/wp-json\/wp\/v2\/tags?post=4423"}],"curies":[{"name":"wp","href":"https:\/\/api.w.org\/{rel}","templated":true}]}}