{"id":4388,"date":"2021-10-01T16:11:57","date_gmt":"2021-10-01T14:11:57","guid":{"rendered":"https:\/\/agora.xtec.cat\/ceip-dolorsalmeda-cornella\/?p=4388"},"modified":"2021-10-01T16:13:46","modified_gmt":"2021-10-01T14:13:46","slug":"comiats","status":"publish","type":"post","link":"https:\/\/agora.xtec.cat\/ceip-dolorsalmeda-cornella\/general\/comiats\/","title":{"rendered":"Comiats"},"content":{"rendered":"<p><a href=\"https:\/\/agora.xtec.cat\/ceip-dolorsalmeda-cornella\/wp-content\/uploads\/usu30\/2021\/10\/PHOTO-2021-10-01-09-20-11.jpg\"><img loading=\"lazy\" decoding=\"async\" class=\"aligncenter wp-image-4389 size-full\" src=\"https:\/\/agora.xtec.cat\/ceip-dolorsalmeda-cornella\/wp-content\/uploads\/usu30\/2021\/10\/PHOTO-2021-10-01-09-20-11-e1633097621274.jpg\" alt=\"\" width=\"742\" height=\"509\" srcset=\"https:\/\/agora.xtec.cat\/ceip-dolorsalmeda-cornella\/wp-content\/uploads\/usu30\/2021\/10\/PHOTO-2021-10-01-09-20-11-e1633097621274.jpg 742w, https:\/\/agora.xtec.cat\/ceip-dolorsalmeda-cornella\/wp-content\/uploads\/usu30\/2021\/10\/PHOTO-2021-10-01-09-20-11-e1633097621274-300x206.jpg 300w\" sizes=\"auto, (max-width: 742px) 100vw, 742px\" \/><\/a><\/p>\n<p>Ahir va ser un dia ple d&#8217;emocions contradict\u00f2ries. D&#8217;una banda, totes i tots est\u00e0vem plens d&#8217;alegria perqu\u00e8 la nostra estimada Ana Cris arribava al principi d&#8217;una nova aventura: a la tarda es jubilava i comen\u00e7ava la seva vida plena d&#8217;oportunitats. A la vegada ens feia molta pena acomiadar-nos de la seva energia i vitalitat. Tot i aix\u00ed, sabem que ella estava feli\u00e7 i el que li ve per endavant ser\u00e0 tamb\u00e9 molt estimulant.<\/p>\n<p>I m\u00e9s que ning\u00fa, ho sabien b\u00e9 la Cristina i la Mercedes, mestres que el curs passat es van jubilar i a les que no vam poder acomiadar com calia per la pand\u00e8mia. Per\u00f2 ahir va ser el moment de donar a cada una el seu sentit comiat i l&#8217;agra\u00efment infinit a la seva feina i dedicaci\u00f3.<\/p>\n<p>Gr\u00e0cies companyes per la vostra passi\u00f3 i desitgem que la vida us segueixi regalant grans moments.<\/p>\n","protected":false},"excerpt":{"rendered":"<p><a href=\"https:\/\/agora.xtec.cat\/ceip-dolorsalmeda-cornella\/wp-content\/uploads\/usu30\/2021\/10\/PHOTO-2021-10-01-09-20-11.jpg\"><\/a><br \/>\nAhir va ser un dia ple d&#8217;emocions contradict\u00f2ries. D&#8217;una banda, totes i tots est\u00e0vem plens d&#8217;alegria perqu\u00e8 la nostra estimada Ana Cris arribava al principi d&#8217;una nova aventura: a la tarda es jubilava i comen\u00e7ava la seva vida plena d&#8217;oportunitats. A la vegada ens&hellip;  <a href=\"https:\/\/agora.xtec.cat\/ceip-dolorsalmeda-cornella\/general\/comiats\/\" title=\"Read Comiats\">Llegeix m\u00e9s\u00bb<\/a><\/p>\n","protected":false},"author":1,"featured_media":4389,"comment_status":"open","ping_status":"closed","sticky":false,"template":"","format":"standard","meta":{"_bbp_topic_count":0,"_bbp_reply_count":0,"_bbp_total_topic_count":0,"_bbp_total_reply_count":0,"_bbp_voice_count":0,"_bbp_anonymous_reply_count":0,"_bbp_topic_count_hidden":0,"_bbp_reply_count_hidden":0,"_bbp_forum_subforum_count":0,"footnotes":""},"categories":[1,4],"tags":[288],"class_list":["post-4388","post","type-post","status-publish","format-standard","has-post-thumbnail","hentry","category-general","category-portada","tag-jubilacions"],"post_mailing_queue_ids":[],"_links":{"self":[{"href":"https:\/\/agora.xtec.cat\/ceip-dolorsalmeda-cornella\/wp-json\/wp\/v2\/posts\/4388","targetHints":{"allow":["GET"]}}],"collection":[{"href":"https:\/\/agora.xtec.cat\/ceip-dolorsalmeda-cornella\/wp-json\/wp\/v2\/posts"}],"about":[{"href":"https:\/\/agora.xtec.cat\/ceip-dolorsalmeda-cornella\/wp-json\/wp\/v2\/types\/post"}],"author":[{"embeddable":true,"href":"https:\/\/agora.xtec.cat\/ceip-dolorsalmeda-cornella\/wp-json\/wp\/v2\/users\/1"}],"replies":[{"embeddable":true,"href":"https:\/\/agora.xtec.cat\/ceip-dolorsalmeda-cornella\/wp-json\/wp\/v2\/comments?post=4388"}],"version-history":[{"count":2,"href":"https:\/\/agora.xtec.cat\/ceip-dolorsalmeda-cornella\/wp-json\/wp\/v2\/posts\/4388\/revisions"}],"predecessor-version":[{"id":4391,"href":"https:\/\/agora.xtec.cat\/ceip-dolorsalmeda-cornella\/wp-json\/wp\/v2\/posts\/4388\/revisions\/4391"}],"wp:featuredmedia":[{"embeddable":true,"href":"https:\/\/agora.xtec.cat\/ceip-dolorsalmeda-cornella\/wp-json\/wp\/v2\/media\/4389"}],"wp:attachment":[{"href":"https:\/\/agora.xtec.cat\/ceip-dolorsalmeda-cornella\/wp-json\/wp\/v2\/media?parent=4388"}],"wp:term":[{"taxonomy":"category","embeddable":true,"href":"https:\/\/agora.xtec.cat\/ceip-dolorsalmeda-cornella\/wp-json\/wp\/v2\/categories?post=4388"},{"taxonomy":"post_tag","embeddable":true,"href":"https:\/\/agora.xtec.cat\/ceip-dolorsalmeda-cornella\/wp-json\/wp\/v2\/tags?post=4388"}],"curies":[{"name":"wp","href":"https:\/\/api.w.org\/{rel}","templated":true}]}}