{"id":4330,"date":"2021-09-09T20:12:36","date_gmt":"2021-09-09T18:12:36","guid":{"rendered":"https:\/\/agora.xtec.cat\/ceip-dolorsalmeda-cornella\/?p=4330"},"modified":"2021-10-01T16:12:19","modified_gmt":"2021-10-01T14:12:19","slug":"inici-de-curs-2021-2022","status":"publish","type":"post","link":"https:\/\/agora.xtec.cat\/ceip-dolorsalmeda-cornella\/general\/inici-de-curs-2021-2022\/","title":{"rendered":"Inici de curs 2021-2022"},"content":{"rendered":"<p><a href=\"https:\/\/agora.xtec.cat\/ceip-dolorsalmeda-cornella\/wp-content\/uploads\/usu30\/2021\/09\/INFORMACIONS.jpg\"><img loading=\"lazy\" decoding=\"async\" class=\"alignnone size-medium wp-image-4331\" src=\"https:\/\/agora.xtec.cat\/ceip-dolorsalmeda-cornella\/wp-content\/uploads\/usu30\/2021\/09\/INFORMACIONS-300x225.jpg\" alt=\"\" width=\"300\" height=\"225\" \/><\/a><\/p>\n<p>Som a pocs dies d&#8217;iniciar un nou curs escolar i ja hem comen\u00e7at a engegar motors.<\/p>\n<p>Per tal d&#8217;aclarir dubtes i fer-vos arribar informaci\u00f3 del funcionament i organitzaci\u00f3 del centre, podreu trobar m\u00e9s avall, els documents d&#8217;inici de curs d&#8217;Infantil i Prim\u00e0ria que hem elaborat seguint les indicacions del Departament d&#8217;Educaci\u00f3.<\/p>\n<p>Us hi esperem dilluns 13 de setembre!<\/p>\n<p><a href=\"https:\/\/agora.xtec.cat\/ceip-dolorsalmeda-cornella\/docs\/informacions-inici-de-curs-21-22-infantil\/\" target=\"_blank\" rel=\"noopener\">Informacions Inici de curs 21-22 INFANTIL<\/a><\/p>\n<p><a href=\"https:\/\/agora.xtec.cat\/ceip-dolorsalmeda-cornella\/docs\/informacions-inici-de-curs-21-22-primaria\/\" target=\"_blank\" rel=\"noopener\">Informacions Inici de curs 21-22 PRIM\u00c0RIA<\/a><\/p>\n<p>&nbsp;<\/p>\n","protected":false},"excerpt":{"rendered":"<p><a href=\"https:\/\/agora.xtec.cat\/ceip-dolorsalmeda-cornella\/wp-content\/uploads\/usu30\/2021\/09\/INFORMACIONS.jpg\"><\/a><br \/>\nSom a pocs dies d&#8217;iniciar un nou curs escolar i ja hem comen\u00e7at a engegar motors.<br \/>\nPer tal d&#8217;aclarir dubtes i fer-vos arribar informaci\u00f3 del funcionament i organitzaci\u00f3 del centre, podreu trobar m\u00e9s avall, els documents d&#8217;inici de curs d&#8217;Infantil i Prim\u00e0ria que hem elaborat&hellip;  <a href=\"https:\/\/agora.xtec.cat\/ceip-dolorsalmeda-cornella\/general\/inici-de-curs-2021-2022\/\" title=\"Read Inici de curs 2021-2022\">Llegeix m\u00e9s\u00bb<\/a><\/p>\n","protected":false},"author":1,"featured_media":4331,"comment_status":"open","ping_status":"closed","sticky":false,"template":"","format":"standard","meta":{"_bbp_topic_count":0,"_bbp_reply_count":0,"_bbp_total_topic_count":0,"_bbp_total_reply_count":0,"_bbp_voice_count":0,"_bbp_anonymous_reply_count":0,"_bbp_topic_count_hidden":0,"_bbp_reply_count_hidden":0,"_bbp_forum_subforum_count":0,"footnotes":""},"categories":[1,2,4,5],"tags":[287,283,59,286],"class_list":["post-4330","post","type-post","status-publish","format-standard","has-post-thumbnail","hentry","category-general","category-infantil","category-portada","category-primaria","tag-documents","tag-informacions","tag-inici-de-curs","tag-organitzacio"],"post_mailing_queue_ids":[],"_links":{"self":[{"href":"https:\/\/agora.xtec.cat\/ceip-dolorsalmeda-cornella\/wp-json\/wp\/v2\/posts\/4330","targetHints":{"allow":["GET"]}}],"collection":[{"href":"https:\/\/agora.xtec.cat\/ceip-dolorsalmeda-cornella\/wp-json\/wp\/v2\/posts"}],"about":[{"href":"https:\/\/agora.xtec.cat\/ceip-dolorsalmeda-cornella\/wp-json\/wp\/v2\/types\/post"}],"author":[{"embeddable":true,"href":"https:\/\/agora.xtec.cat\/ceip-dolorsalmeda-cornella\/wp-json\/wp\/v2\/users\/1"}],"replies":[{"embeddable":true,"href":"https:\/\/agora.xtec.cat\/ceip-dolorsalmeda-cornella\/wp-json\/wp\/v2\/comments?post=4330"}],"version-history":[{"count":3,"href":"https:\/\/agora.xtec.cat\/ceip-dolorsalmeda-cornella\/wp-json\/wp\/v2\/posts\/4330\/revisions"}],"predecessor-version":[{"id":4336,"href":"https:\/\/agora.xtec.cat\/ceip-dolorsalmeda-cornella\/wp-json\/wp\/v2\/posts\/4330\/revisions\/4336"}],"wp:featuredmedia":[{"embeddable":true,"href":"https:\/\/agora.xtec.cat\/ceip-dolorsalmeda-cornella\/wp-json\/wp\/v2\/media\/4331"}],"wp:attachment":[{"href":"https:\/\/agora.xtec.cat\/ceip-dolorsalmeda-cornella\/wp-json\/wp\/v2\/media?parent=4330"}],"wp:term":[{"taxonomy":"category","embeddable":true,"href":"https:\/\/agora.xtec.cat\/ceip-dolorsalmeda-cornella\/wp-json\/wp\/v2\/categories?post=4330"},{"taxonomy":"post_tag","embeddable":true,"href":"https:\/\/agora.xtec.cat\/ceip-dolorsalmeda-cornella\/wp-json\/wp\/v2\/tags?post=4330"}],"curies":[{"name":"wp","href":"https:\/\/api.w.org\/{rel}","templated":true}]}}