{"id":4302,"date":"2021-06-18T10:02:32","date_gmt":"2021-06-18T08:02:32","guid":{"rendered":"https:\/\/agora.xtec.cat\/ceip-dolorsalmeda-cornella\/?p=4302"},"modified":"2021-06-18T10:02:32","modified_gmt":"2021-06-18T08:02:32","slug":"tercer-dia-de-colonies-a-cala-montjoi","status":"publish","type":"post","link":"https:\/\/agora.xtec.cat\/ceip-dolorsalmeda-cornella\/portada\/tercer-dia-de-colonies-a-cala-montjoi\/","title":{"rendered":"Tercer dia de col\u00f2nies a Cala Montjoi"},"content":{"rendered":"<p>\u00daltim dia de col\u00f2nies! \u00daltim dia d\u2019aventures!<\/p>\n<p>Hem passat dos dies plens d\u2019activitats on no hem parat ni un moment. Ara toca fer maletes, esmorzar i acabar de moure el cos amb les core\u00f2grafes de Cala Montjoi, gaudir de les activitats d\u2019aigua a la platja i explorar la natura que ens envolta al parc natural de Cap de Creus.<\/p>\n<p>Ens veiem en una estoneta fam\u00edlies!<\/p>\n","protected":false},"excerpt":{"rendered":"<p>\u00daltim dia de col\u00f2nies! \u00daltim dia d\u2019aventures!<br \/>\nHem passat dos dies plens d\u2019activitats on no hem parat ni un moment. Ara toca fer maletes, esmorzar i acabar de moure el cos amb les core\u00f2grafes de Cala Montjoi, gaudir de les activitats d\u2019aigua a la platja i&hellip;  <a href=\"https:\/\/agora.xtec.cat\/ceip-dolorsalmeda-cornella\/portada\/tercer-dia-de-colonies-a-cala-montjoi\/\" title=\"Read Tercer dia de col\u00f2nies a Cala Montjoi\">Llegeix m\u00e9s\u00bb<\/a><\/p>\n","protected":false},"author":18,"featured_media":4304,"comment_status":"open","ping_status":"closed","sticky":false,"template":"","format":"standard","meta":{"_bbp_topic_count":0,"_bbp_reply_count":0,"_bbp_total_topic_count":0,"_bbp_total_reply_count":0,"_bbp_voice_count":0,"_bbp_anonymous_reply_count":0,"_bbp_topic_count_hidden":0,"_bbp_reply_count_hidden":0,"_bbp_forum_subforum_count":0,"footnotes":""},"categories":[15,4,5],"tags":[141],"class_list":["post-4302","post","type-post","status-publish","format-standard","has-post-thumbnail","hentry","category-6e","category-portada","category-primaria","tag-colonies"],"post_mailing_queue_ids":[],"_links":{"self":[{"href":"https:\/\/agora.xtec.cat\/ceip-dolorsalmeda-cornella\/wp-json\/wp\/v2\/posts\/4302","targetHints":{"allow":["GET"]}}],"collection":[{"href":"https:\/\/agora.xtec.cat\/ceip-dolorsalmeda-cornella\/wp-json\/wp\/v2\/posts"}],"about":[{"href":"https:\/\/agora.xtec.cat\/ceip-dolorsalmeda-cornella\/wp-json\/wp\/v2\/types\/post"}],"author":[{"embeddable":true,"href":"https:\/\/agora.xtec.cat\/ceip-dolorsalmeda-cornella\/wp-json\/wp\/v2\/users\/18"}],"replies":[{"embeddable":true,"href":"https:\/\/agora.xtec.cat\/ceip-dolorsalmeda-cornella\/wp-json\/wp\/v2\/comments?post=4302"}],"version-history":[{"count":1,"href":"https:\/\/agora.xtec.cat\/ceip-dolorsalmeda-cornella\/wp-json\/wp\/v2\/posts\/4302\/revisions"}],"predecessor-version":[{"id":4305,"href":"https:\/\/agora.xtec.cat\/ceip-dolorsalmeda-cornella\/wp-json\/wp\/v2\/posts\/4302\/revisions\/4305"}],"wp:featuredmedia":[{"embeddable":true,"href":"https:\/\/agora.xtec.cat\/ceip-dolorsalmeda-cornella\/wp-json\/wp\/v2\/media\/4304"}],"wp:attachment":[{"href":"https:\/\/agora.xtec.cat\/ceip-dolorsalmeda-cornella\/wp-json\/wp\/v2\/media?parent=4302"}],"wp:term":[{"taxonomy":"category","embeddable":true,"href":"https:\/\/agora.xtec.cat\/ceip-dolorsalmeda-cornella\/wp-json\/wp\/v2\/categories?post=4302"},{"taxonomy":"post_tag","embeddable":true,"href":"https:\/\/agora.xtec.cat\/ceip-dolorsalmeda-cornella\/wp-json\/wp\/v2\/tags?post=4302"}],"curies":[{"name":"wp","href":"https:\/\/api.w.org\/{rel}","templated":true}]}}