{"id":4243,"date":"2021-06-01T20:03:07","date_gmt":"2021-06-01T18:03:07","guid":{"rendered":"https:\/\/agora.xtec.cat\/ceip-dolorsalmeda-cornella\/?p=4243"},"modified":"2021-06-01T20:13:03","modified_gmt":"2021-06-01T18:13:03","slug":"educacio-sexual-afectiva","status":"publish","type":"post","link":"https:\/\/agora.xtec.cat\/ceip-dolorsalmeda-cornella\/general\/educacio-sexual-afectiva\/","title":{"rendered":"Educaci\u00f3 sexual afectiva"},"content":{"rendered":"<p style=\"text-align: justify;\">Amb l&#8217;objectiu principal d\u2019acostar l\u2019alumnat de prim\u00e0ria a una educaci\u00f3 sexual-afectiva de qualitat, que permeti con\u00e8ixer el seu propi cos, els canvis biol\u00f2gics durant la pubertat, i sobretot que abordi transversalment valors, com el respecte a la diversitat tan f\u00edsica, d\u2019identitat, d\u2019orientaci\u00f3 i familiar, l&#8217;AMPA, amb la col\u00b7laboraci\u00f3 de l&#8217;escola, ha organitzat\u00a0 uns tallers pels nens i nenes que s&#8217;han portat a terme durant els darrers dies.<\/p>\n<p style=\"text-align: justify;\">La tem\u00e0tica de cadascuna de les sessions ha estat triada amb cura i adaptada tenint en compte\u00a0 les diferents edats dels infants.<\/p>\n<p style=\"text-align: justify;\">L&#8217;escola aposta\u00a0 per potenciar la reflexi\u00f3\u00a0 al voltant de tots els aspectes que envolten les relacions afectives, per la coeducaci\u00f3, el treball de la sexualitat i la diversitat per tal de superar les influ\u00e8ncies nocives que els infants i joves reben constantment i per la cura i la prevenci\u00f3 de les viol\u00e8ncies de g\u00e8nere.<\/p>\n","protected":false},"excerpt":{"rendered":"<p>Amb l&#8217;objectiu principal d\u2019acostar l\u2019alumnat de prim\u00e0ria a una educaci\u00f3 sexual-afectiva de qualitat, que permeti con\u00e8ixer el seu propi cos, els canvis biol\u00f2gics durant la pubertat, i sobretot que abordi transversalment valors, com el respecte a la diversitat tan f\u00edsica, d\u2019identitat, d\u2019orientaci\u00f3 i familiar, l&#8217;AMPA,&hellip;  <a href=\"https:\/\/agora.xtec.cat\/ceip-dolorsalmeda-cornella\/general\/educacio-sexual-afectiva\/\" title=\"Read Educaci\u00f3 sexual afectiva\">Llegeix m\u00e9s\u00bb<\/a><\/p>\n","protected":false},"author":6,"featured_media":4252,"comment_status":"open","ping_status":"closed","sticky":false,"template":"","format":"standard","meta":{"_bbp_topic_count":0,"_bbp_reply_count":0,"_bbp_total_topic_count":0,"_bbp_total_reply_count":0,"_bbp_voice_count":0,"_bbp_anonymous_reply_count":0,"_bbp_topic_count_hidden":0,"_bbp_reply_count_hidden":0,"_bbp_forum_subforum_count":0,"footnotes":""},"categories":[1,4,5],"tags":[279],"class_list":["post-4243","post","type-post","status-publish","format-standard","has-post-thumbnail","hentry","category-general","category-portada","category-primaria","tag-educacio-sexual"],"post_mailing_queue_ids":[],"_links":{"self":[{"href":"https:\/\/agora.xtec.cat\/ceip-dolorsalmeda-cornella\/wp-json\/wp\/v2\/posts\/4243","targetHints":{"allow":["GET"]}}],"collection":[{"href":"https:\/\/agora.xtec.cat\/ceip-dolorsalmeda-cornella\/wp-json\/wp\/v2\/posts"}],"about":[{"href":"https:\/\/agora.xtec.cat\/ceip-dolorsalmeda-cornella\/wp-json\/wp\/v2\/types\/post"}],"author":[{"embeddable":true,"href":"https:\/\/agora.xtec.cat\/ceip-dolorsalmeda-cornella\/wp-json\/wp\/v2\/users\/6"}],"replies":[{"embeddable":true,"href":"https:\/\/agora.xtec.cat\/ceip-dolorsalmeda-cornella\/wp-json\/wp\/v2\/comments?post=4243"}],"version-history":[{"count":2,"href":"https:\/\/agora.xtec.cat\/ceip-dolorsalmeda-cornella\/wp-json\/wp\/v2\/posts\/4243\/revisions"}],"predecessor-version":[{"id":4249,"href":"https:\/\/agora.xtec.cat\/ceip-dolorsalmeda-cornella\/wp-json\/wp\/v2\/posts\/4243\/revisions\/4249"}],"wp:featuredmedia":[{"embeddable":true,"href":"https:\/\/agora.xtec.cat\/ceip-dolorsalmeda-cornella\/wp-json\/wp\/v2\/media\/4252"}],"wp:attachment":[{"href":"https:\/\/agora.xtec.cat\/ceip-dolorsalmeda-cornella\/wp-json\/wp\/v2\/media?parent=4243"}],"wp:term":[{"taxonomy":"category","embeddable":true,"href":"https:\/\/agora.xtec.cat\/ceip-dolorsalmeda-cornella\/wp-json\/wp\/v2\/categories?post=4243"},{"taxonomy":"post_tag","embeddable":true,"href":"https:\/\/agora.xtec.cat\/ceip-dolorsalmeda-cornella\/wp-json\/wp\/v2\/tags?post=4243"}],"curies":[{"name":"wp","href":"https:\/\/api.w.org\/{rel}","templated":true}]}}