{"id":4154,"date":"2021-05-21T08:48:47","date_gmt":"2021-05-21T06:48:47","guid":{"rendered":"https:\/\/agora.xtec.cat\/ceip-dolorsalmeda-cornella\/?p=4154"},"modified":"2021-05-21T09:17:25","modified_gmt":"2021-05-21T07:17:25","slug":"ultim-dia-a-llanca","status":"publish","type":"post","link":"https:\/\/agora.xtec.cat\/ceip-dolorsalmeda-cornella\/portada\/ultim-dia-a-llanca\/","title":{"rendered":"\u00daltim dia a Llan\u00e7\u00e0"},"content":{"rendered":"<p style=\"text-align: justify;\">Les nenes i els nens de quart ja estan preparades i preparats per gaudir de l&#8217;\u00faltima aventura de les col\u00f2nies. Avui faran una ruta d&#8217;orientaci\u00f3 amb br\u00faixola per la Serra de L&#8217;Albera. Ja tenim totes les maletes enllestides i estan esmorzant. Despr\u00e9s de dinar tornarem cap a l&#8217;escola.\u00a0 Arribarem al voltant de les 5:30. Us informarem via telegram.<\/p>\n","protected":false},"excerpt":{"rendered":"<p>Les nenes i els nens de quart ja estan preparades i preparats per gaudir de l&#8217;\u00faltima aventura de les col\u00f2nies. Avui faran una ruta d&#8217;orientaci\u00f3 amb br\u00faixola per la Serra de L&#8217;Albera. Ja tenim totes les maletes enllestides i estan esmorzant. Despr\u00e9s de dinar tornarem&hellip;  <a href=\"https:\/\/agora.xtec.cat\/ceip-dolorsalmeda-cornella\/portada\/ultim-dia-a-llanca\/\" title=\"Read \u00daltim dia a Llan\u00e7\u00e0\">Llegeix m\u00e9s\u00bb<\/a><\/p>\n","protected":false},"author":6,"featured_media":4155,"comment_status":"open","ping_status":"closed","sticky":false,"template":"","format":"standard","meta":{"_bbp_topic_count":0,"_bbp_reply_count":0,"_bbp_total_topic_count":0,"_bbp_total_reply_count":0,"_bbp_voice_count":0,"_bbp_anonymous_reply_count":0,"_bbp_topic_count_hidden":0,"_bbp_reply_count_hidden":0,"_bbp_forum_subforum_count":0,"footnotes":""},"categories":[13,4,5],"tags":[141],"class_list":["post-4154","post","type-post","status-publish","format-standard","has-post-thumbnail","hentry","category-4t","category-portada","category-primaria","tag-colonies"],"post_mailing_queue_ids":[],"_links":{"self":[{"href":"https:\/\/agora.xtec.cat\/ceip-dolorsalmeda-cornella\/wp-json\/wp\/v2\/posts\/4154","targetHints":{"allow":["GET"]}}],"collection":[{"href":"https:\/\/agora.xtec.cat\/ceip-dolorsalmeda-cornella\/wp-json\/wp\/v2\/posts"}],"about":[{"href":"https:\/\/agora.xtec.cat\/ceip-dolorsalmeda-cornella\/wp-json\/wp\/v2\/types\/post"}],"author":[{"embeddable":true,"href":"https:\/\/agora.xtec.cat\/ceip-dolorsalmeda-cornella\/wp-json\/wp\/v2\/users\/6"}],"replies":[{"embeddable":true,"href":"https:\/\/agora.xtec.cat\/ceip-dolorsalmeda-cornella\/wp-json\/wp\/v2\/comments?post=4154"}],"version-history":[{"count":2,"href":"https:\/\/agora.xtec.cat\/ceip-dolorsalmeda-cornella\/wp-json\/wp\/v2\/posts\/4154\/revisions"}],"predecessor-version":[{"id":4157,"href":"https:\/\/agora.xtec.cat\/ceip-dolorsalmeda-cornella\/wp-json\/wp\/v2\/posts\/4154\/revisions\/4157"}],"wp:featuredmedia":[{"embeddable":true,"href":"https:\/\/agora.xtec.cat\/ceip-dolorsalmeda-cornella\/wp-json\/wp\/v2\/media\/4155"}],"wp:attachment":[{"href":"https:\/\/agora.xtec.cat\/ceip-dolorsalmeda-cornella\/wp-json\/wp\/v2\/media?parent=4154"}],"wp:term":[{"taxonomy":"category","embeddable":true,"href":"https:\/\/agora.xtec.cat\/ceip-dolorsalmeda-cornella\/wp-json\/wp\/v2\/categories?post=4154"},{"taxonomy":"post_tag","embeddable":true,"href":"https:\/\/agora.xtec.cat\/ceip-dolorsalmeda-cornella\/wp-json\/wp\/v2\/tags?post=4154"}],"curies":[{"name":"wp","href":"https:\/\/api.w.org\/{rel}","templated":true}]}}